{"id":122773,"date":"2025-12-24T09:10:29","date_gmt":"2025-12-24T12:10:29","guid":{"rendered":"https:\/\/www.24baires.com\/?p=122773"},"modified":"2025-12-24T09:10:29","modified_gmt":"2025-12-24T12:10:29","slug":"kicillof-entrego-viviendas-en-ayacucho","status":"publish","type":"post","link":"https:\/\/www.24baires.com\/?p=122773","title":{"rendered":"Kicillof entreg\u00f3 viviendas en Ayacucho"},"content":{"rendered":"<p><img data-recalc-dims=\"1\" loading=\"lazy\" decoding=\"async\" class=\"aligncenter wp-image-122774\" src=\"https:\/\/i0.wp.com\/www.24baires.com\/wp-content\/uploads\/2025\/12\/kici-ayacucho.webp?resize=720%2C540\" alt=\"\" width=\"720\" height=\"540\" srcset=\"https:\/\/i0.wp.com\/www.24baires.com\/wp-content\/uploads\/2025\/12\/kici-ayacucho.webp?w=800&amp;ssl=1 800w, https:\/\/i0.wp.com\/www.24baires.com\/wp-content\/uploads\/2025\/12\/kici-ayacucho.webp?resize=300%2C225&amp;ssl=1 300w, https:\/\/i0.wp.com\/www.24baires.com\/wp-content\/uploads\/2025\/12\/kici-ayacucho.webp?resize=768%2C576&amp;ssl=1 768w\" sizes=\"auto, (max-width: 720px) 100vw, 720px\" \/>El Gobernador encabez\u00f3 el acto en el barrio La Feria y defendi\u00f3 la continuidad de la pol\u00edtica habitacional bonaerense pese a los recortes del Gobierno nacional.<!--more--><\/p>\n<p>El gobernador bonaerense Axel Kicillof encabez\u00f3 en Ayacucho el acto de entrega de viviendas a m\u00e1s de 66 familias del barrio La Feria. Durante la actividad, el mandatario remarc\u00f3 que la Provincia contin\u00faa con la pol\u00edtica habitacional a pesar de los recortes del Gobierno nacional.<\/p>\n<p>En ese sentido, Kicillof record\u00f3 que \u201cnosotros, las empresas y los empleados aportamos casi el 40% a Naci\u00f3n y nos vuelve solo el 7%\u201d, en una cr\u00edtica directa al presidente Javier Milei.<\/p>\n<p>Respecto a la entrega de viviendas, afirm\u00f3 que la iniciativa refuerza el compromiso de la gesti\u00f3n provincial de llevar pol\u00edticas p\u00fablicas a todo el territorio, sin importar el color pol\u00edtico de los gobiernos locales. \u201cEl Gobierno de la Provincia siempre va a estar para escuchar a los intendentes, sean del color pol\u00edtico que sean, porque lo \u00fanico que queremos es brindar respuestas que mejoren la calidad de vida de nuestro pueblo\u201d, afirm\u00f3.<\/p>\n<p>Asimismo, indic\u00f3 que en la Provincia existe un grave problema habitacional y que, como Estado, no se puede mirar para otro lado. En ese marco, agreg\u00f3: \u201cEs muy importante que todos entiendan que con estas casas no le estamos regalando nada a nadie: cada una de las familias paga el valor de la vivienda, pero en condiciones y en tiempos que el mercado no ofrece\u201d.<\/p>\n","protected":false},"excerpt":{"rendered":"<p>El Gobernador encabez\u00f3 el acto en el barrio La Feria y defendi\u00f3 la continuidad de la pol\u00edtica habitacional bonaerense pese a los recortes del Gobierno nacional.<\/p>\n","protected":false},"author":8,"featured_media":0,"comment_status":"closed","ping_status":"closed","sticky":false,"template":"","format":"standard","meta":{"_jetpack_newsletter_access":"","_jetpack_dont_email_post_to_subs":false,"_jetpack_newsletter_tier_id":0,"_jetpack_memberships_contains_paywalled_content":false,"_jetpack_memberships_contains_paid_content":false,"footnotes":""},"categories":[40],"tags":[],"class_list":["post-122773","post","type-post","status-publish","format-standard","hentry","category-provincia"],"jetpack_featured_media_url":"","jetpack_shortlink":"https:\/\/wp.me\/p2JWE0-vWd","jetpack-related-posts":[{"id":119538,"url":"https:\/\/www.24baires.com\/?p=119538","url_meta":{"origin":122773,"position":0},"title":"Axel Kicillof sorte\u00f3 cr\u00e9ditos del BA Crea","author":"GB","date":"14\/11\/2022","format":false,"excerpt":"El gobernador bonaerense, Axel Kicillof, destac\u00f3 el abordaje integral del d\u00e9ficit habitacional. Recuerdos del Procrear y cr\u00edticas para bancos y Macri. El gobernador bonaerense, Axel Kicillof, encabez\u00f3 este lunes el segundo sorteo de cr\u00e9ditos del programa Buenos Aires CREA. Se trata de una pol\u00edtica lanzada en julio de este a\u00f1o\u2026","rel":"","context":"En \u00abProvincia\u00bb","block_context":{"text":"Provincia","link":"https:\/\/www.24baires.com\/?cat=40"},"img":{"alt_text":"","src":"https:\/\/i0.wp.com\/www.24baires.com\/wp-content\/uploads\/2022\/11\/2022_11_14_-ak-sorteo-ba-crea_sge_5086jpg.jpg?resize=350%2C200","width":350,"height":200,"srcset":"https:\/\/i0.wp.com\/www.24baires.com\/wp-content\/uploads\/2022\/11\/2022_11_14_-ak-sorteo-ba-crea_sge_5086jpg.jpg?resize=350%2C200 1x, https:\/\/i0.wp.com\/www.24baires.com\/wp-content\/uploads\/2022\/11\/2022_11_14_-ak-sorteo-ba-crea_sge_5086jpg.jpg?resize=525%2C300 1.5x, https:\/\/i0.wp.com\/www.24baires.com\/wp-content\/uploads\/2022\/11\/2022_11_14_-ak-sorteo-ba-crea_sge_5086jpg.jpg?resize=700%2C400 2x"},"classes":[]},{"id":116922,"url":"https:\/\/www.24baires.com\/?p=116922","url_meta":{"origin":122773,"position":1},"title":"Kicillof promete un \u00abPlan quinquenal para la tierra y la vivienda\u00bb","author":"GB","date":"22\/12\/2020","format":false,"excerpt":"Kicillof y Ferraresi lanzaron el plan de vivienda \"Casa Propia\", que apuntar\u00e1 a \"m\u00e1s de 200 mil soluciones habitacionales\". Pero el anuncio dej\u00f3 el indicio de ser todav\u00eda m\u00e1s ambicioso. Axel Kicillof anunci\u00f3 el Plan de vivienda \u201cCasa Propia\u201d, que en principio estar\u00e1 destinado a \u201cm\u00e1s de 200 mil soluciones\u2026","rel":"","context":"En \u00abProvincia\u00bb","block_context":{"text":"Provincia","link":"https:\/\/www.24baires.com\/?cat=40"},"img":{"alt_text":"","src":"https:\/\/i0.wp.com\/www.24baires.com\/wp-content\/uploads\/2020\/12\/kicillof-promete-un-plan-quinquenal-la-tierra-y-la-vivienda-300x200.jpeg?resize=350%2C200","width":350,"height":200},"classes":[]},{"id":115916,"url":"https:\/\/www.24baires.com\/?p=115916","url_meta":{"origin":122773,"position":2},"title":"Provincia contin\u00faa con la reactivaci\u00f3n de obras y con la urbanizaci\u00f3n de barrios","author":"AF","date":"11\/08\/2020","format":false,"excerpt":"Kicillof visit\u00f3 el barrio de Villa Azul donde anunci\u00f3 un plan de mejoras habitacionales y trabajos de infraestructura. El gobernador Axel Kicillof estuvo en el municipio de Avellaneda, junto al intendente Jorge Ferraresi, el ministro de Desarrollo de la Comunidad, Andr\u00e9s Larroque, y la secretaria de Integraci\u00f3n Socio Urbana de\u2026","rel":"","context":"En \u00abProvincia\u00bb","block_context":{"text":"Provincia","link":"https:\/\/www.24baires.com\/?cat=40"},"img":{"alt_text":"","src":"https:\/\/i0.wp.com\/www.24baires.com\/wp-content\/uploads\/2020\/08\/kici-azul.jpg?resize=350%2C200","width":350,"height":200,"srcset":"https:\/\/i0.wp.com\/www.24baires.com\/wp-content\/uploads\/2020\/08\/kici-azul.jpg?resize=350%2C200 1x, https:\/\/i0.wp.com\/www.24baires.com\/wp-content\/uploads\/2020\/08\/kici-azul.jpg?resize=525%2C300 1.5x"},"classes":[]},{"id":116942,"url":"https:\/\/www.24baires.com\/?p=116942","url_meta":{"origin":122773,"position":3},"title":"El Presidente anuncia el programa \u00abCasa Propia\u00bb para municipios bonaerenses","author":"GB","date":"28\/12\/2020","format":false,"excerpt":"Tal como adelant\u00f3 el presidente la semana pasada, y tras la firma del convenio entre el gobernador Kicillof y el ministro Ferrresi, se comienza con el programa que proyecta una inversi\u00f3n de 890 mil millones para los pr\u00f3ximos tres a\u00f1os. El presidente Alberto Fern\u00e1ndez encabezar\u00e1 un acto de anuncio de\u2026","rel":"","context":"En \u00abPol\u00edtica\u00bb","block_context":{"text":"Pol\u00edtica","link":"https:\/\/www.24baires.com\/?cat=51"},"img":{"alt_text":"","src":"https:\/\/i0.wp.com\/www.24baires.com\/wp-content\/uploads\/2020\/08\/alberto-anuncio.jpg?resize=350%2C200","width":350,"height":200,"srcset":"https:\/\/i0.wp.com\/www.24baires.com\/wp-content\/uploads\/2020\/08\/alberto-anuncio.jpg?resize=350%2C200 1x, https:\/\/i0.wp.com\/www.24baires.com\/wp-content\/uploads\/2020\/08\/alberto-anuncio.jpg?resize=525%2C300 1.5x"},"classes":[]},{"id":114103,"url":"https:\/\/www.24baires.com\/?p=114103","url_meta":{"origin":122773,"position":4},"title":"Kicillof presenta el programa \u00abMi escritura, mi casa\u00bb en Almirante Brown","author":"GB","date":"12\/02\/2020","format":false,"excerpt":"El gobernador bonaerense Axel Kicillof se present\u00f3 en Almirante Brown el plan de escrituras para terrenos de vivienda \u201cMi escritura, mi casa\u201d donde anunci\u00f3 700 t\u00edtulos de propiedad para los vecinos del distrito y adelant\u00f3 que este a\u00f1o esperan llegar a 30 mil en la Provincia. El acto se desarroll\u00f3\u2026","rel":"","context":"En \u00abProvincia\u00bb","block_context":{"text":"Provincia","link":"https:\/\/www.24baires.com\/?cat=40"},"img":{"alt_text":"","src":"https:\/\/i0.wp.com\/www.24baires.com\/wp-content\/uploads\/2020\/02\/kicillof-alt-brown.jpg?resize=350%2C200","width":350,"height":200},"classes":[]},{"id":121551,"url":"https:\/\/www.24baires.com\/?p=121551","url_meta":{"origin":122773,"position":5},"title":"Kicillof: \u00abNosotros no podemos salir a dar conferencias, estamos con los intendentes\u00bb","author":"GB","date":"16\/08\/2024","format":false,"excerpt":"El gobernador Axel Kicilof reuni\u00f3 a casi un centenar de alcaldes de todos los colores pol\u00edticos y sell\u00f3 el pago de otra cuota del fondo de fortalecimiento. Una foto de la unidad frente a Milei y una deuda con la Provincia de \"1 mill\u00f3n 800 mil millones de pesos\". El\u2026","rel":"","context":"En \u00abProvincia\u00bb","block_context":{"text":"Provincia","link":"https:\/\/www.24baires.com\/?cat=40"},"img":{"alt_text":"","src":"https:\/\/i0.wp.com\/www.24baires.com\/wp-content\/uploads\/2023\/10\/kicillof.webp?resize=350%2C200","width":350,"height":200,"srcset":"https:\/\/i0.wp.com\/www.24baires.com\/wp-content\/uploads\/2023\/10\/kicillof.webp?resize=350%2C200 1x, https:\/\/i0.wp.com\/www.24baires.com\/wp-content\/uploads\/2023\/10\/kicillof.webp?resize=525%2C300 1.5x, https:\/\/i0.wp.com\/www.24baires.com\/wp-content\/uploads\/2023\/10\/kicillof.webp?resize=700%2C400 2x"},"classes":[]}],"jetpack_sharing_enabled":true,"jetpack_likes_enabled":true,"_links":{"self":[{"href":"https:\/\/www.24baires.com\/index.php?rest_route=\/wp\/v2\/posts\/122773","targetHints":{"allow":["GET"]}}],"collection":[{"href":"https:\/\/www.24baires.com\/index.php?rest_route=\/wp\/v2\/posts"}],"about":[{"href":"https:\/\/www.24baires.com\/index.php?rest_route=\/wp\/v2\/types\/post"}],"author":[{"embeddable":true,"href":"https:\/\/www.24baires.com\/index.php?rest_route=\/wp\/v2\/users\/8"}],"replies":[{"embeddable":true,"href":"https:\/\/www.24baires.com\/index.php?rest_route=%2Fwp%2Fv2%2Fcomments&post=122773"}],"version-history":[{"count":1,"href":"https:\/\/www.24baires.com\/index.php?rest_route=\/wp\/v2\/posts\/122773\/revisions"}],"predecessor-version":[{"id":122775,"href":"https:\/\/www.24baires.com\/index.php?rest_route=\/wp\/v2\/posts\/122773\/revisions\/122775"}],"wp:attachment":[{"href":"https:\/\/www.24baires.com\/index.php?rest_route=%2Fwp%2Fv2%2Fmedia&parent=122773"}],"wp:term":[{"taxonomy":"category","embeddable":true,"href":"https:\/\/www.24baires.com\/index.php?rest_route=%2Fwp%2Fv2%2Fcategories&post=122773"},{"taxonomy":"post_tag","embeddable":true,"href":"https:\/\/www.24baires.com\/index.php?rest_route=%2Fwp%2Fv2%2Ftags&post=122773"}],"curies":[{"name":"wp","href":"https:\/\/api.w.org\/{rel}","templated":true}]}}