{"id":12276,"date":"2013-01-15T13:55:36","date_gmt":"2013-01-15T16:55:36","guid":{"rendered":"http:\/\/www.24baires.com\/?p=12276"},"modified":"2013-01-15T13:55:36","modified_gmt":"2013-01-15T16:55:36","slug":"por-el-cambio-de-quincena-suman-micros-para-viajar-desde-retiro-a-la-costa","status":"publish","type":"post","link":"https:\/\/www.24baires.com\/?p=12276","title":{"rendered":"Por el cambio de quincena suman micros para viajar desde Retiro a la Costa"},"content":{"rendered":"<p>El cambio de turistas demand\u00f3 adicionar 360 \u00f3mnibus de larga distancia, que se suman a los 1600 que circulan a diario en la terminal. Seg\u00fan aseguraron desde la Comisi\u00f3n Nacional Reguladora de Transporte, el destino principal sigue siendo \u201cel interior de la provincia de Buenos Aires\u201d.<!--more--><\/p>\n<p>En el d\u00eda de cambio de quincena el movimiento del verano se siente en la terminal de \u00f3mnibus de Retiro, que increment\u00f3 su flota adicionando 360 micros m\u00e1s de larga distancia por la gran demanda.<\/p>\n<p>\u00abHabitualmente arriban y parten alrededor de 1.600 micros, y fue necesario agregar 360 servicios y hay programados 330 adicionales para ma\u00f1ana\u00bb, se\u00f1alaron desde la terminal.<\/p>\n<p>De acuerdo con informaci\u00f3n de la Comisi\u00f3n Nacional Reguladora de Transporte, \u00abel destino preferido es el interior de la provincia de Buenos Aires hacia donde se dirigen el 27 por ciento de los \u00f3mnibus, el segundo destino m\u00e1s vendido es la Costa Atl\u00e1ntica, con el 16 por ciento y luego, con un 12 por ciento, el Litoral argentino\u00bb.<\/p>\n<p>\u00abLas salidas internacionales representan un 4 por ciento del total de los servicios vendidos\u201d, indicaron.<\/p>\n<p>Si bien el cambio de quincena se produce hoy, desde la CNRT estiman que \u00abcomenz\u00f3 a darse desde el s\u00e1bado pasado\u00bb.<\/p>\n<p>&nbsp;<\/p>\n<p>&nbsp;<\/p>\n<p>&nbsp;<\/p>\n<p>&nbsp;<\/p>\n<p>&nbsp;<\/p>\n<p>&nbsp;<\/p>\n<p>&nbsp;<\/p>\n<p>&nbsp;<\/p>\n<p>&nbsp;<\/p>\n<p>&nbsp;<\/p>\n<p>&nbsp;<\/p>\n<p>&nbsp;<\/p>\n<p>&nbsp;<\/p>\n<p>&nbsp;<\/p>\n<p>&nbsp;<\/p>\n<p>&nbsp;<\/p>\n<p>&nbsp;<\/p>\n","protected":false},"excerpt":{"rendered":"<p>El cambio de turistas demand\u00f3 adicionar 360 \u00f3mnibus de larga distancia, que se suman a los 1600 que circulan a diario en la terminal. Seg\u00fan aseguraron desde la Comisi\u00f3n Nacional Reguladora de Transporte, el destino principal sigue siendo \u201cel interior de la provincia de Buenos Aires\u201d.<\/p>\n","protected":false},"author":4,"featured_media":0,"comment_status":"open","ping_status":"open","sticky":false,"template":"","format":"standard","meta":{"_jetpack_newsletter_access":"","_jetpack_dont_email_post_to_subs":false,"_jetpack_newsletter_tier_id":0,"_jetpack_memberships_contains_paywalled_content":false,"_jetpack_memberships_contains_paid_content":false,"footnotes":""},"categories":[1],"tags":[],"class_list":["post-12276","post","type-post","status-publish","format-standard","hentry","category-sociedad"],"jetpack_featured_media_url":"","jetpack_shortlink":"https:\/\/wp.me\/p2JWE0-3c0","jetpack-related-posts":[{"id":14028,"url":"https:\/\/www.24baires.com\/?p=14028","url_meta":{"origin":12276,"position":0},"title":"Comenz\u00f3 el \u00e9xodo tur\u00edstico por el cambio de quincena","author":"AF","date":"30\/01\/2013","format":false,"excerpt":"La coincidencia con el recambio y el feriado promovieron una mayor demanda de pasajes de micros hacia el interior del territorio bonaerense y la Costa, inform\u00f3 la Comisi\u00f3n Nacional de Regulaci\u00f3n del Transporte. La CNRT precis\u00f3 que a los 1.600 servicios que entran y salen de la terminal de Retiro\u2026","rel":"","context":"En \u00abSociedad\u00bb","block_context":{"text":"Sociedad","link":"https:\/\/www.24baires.com\/?cat=1"},"img":{"alt_text":"","src":"","width":0,"height":0},"classes":[]},{"id":28093,"url":"https:\/\/www.24baires.com\/?p=28093","url_meta":{"origin":12276,"position":1},"title":"Miles de micros salen de Retiro en el inicio de las vacaciones de invierno","author":"AF","date":"12\/07\/2013","format":false,"excerpt":"Un total de 7.300 micros de larga distancia partir\u00e1n desde la estaci\u00f3n Terminal de Retiro durante este fin de semana, en el inicio de las vacaciones de invierno en la Ciudad de Buenos Aires. La Comisi\u00f3n Nacional de Regulaci\u00f3n de Transporte (CNRT) precis\u00f3 que est\u00e1 prevista la partida desde hoy\u2026","rel":"","context":"En \u00abSociedad\u00bb","block_context":{"text":"Sociedad","link":"https:\/\/www.24baires.com\/?cat=1"},"img":{"alt_text":"","src":"","width":0,"height":0},"classes":[]},{"id":14132,"url":"https:\/\/www.24baires.com\/?p=14132","url_meta":{"origin":12276,"position":2},"title":"Gran movimiento en terminales y aeropuertos por el cambio de quincena","author":"AF","date":"31\/01\/2013","format":false,"excerpt":"El recambio y el feriado promovieron una mayor demanda de pasajes de micro hacia la Costa por lo que los servicios fueron reforzados, mientras en Aeroparque est\u00e1n casi agotados. Hay un intenso movimiento en rutas. La Comisi\u00f3n Nacional de Regulaci\u00f3n del Transporte (CNRT), precis\u00f3 que a los 1.600 servicios que\u2026","rel":"","context":"En \u00abSociedad\u00bb","block_context":{"text":"Sociedad","link":"https:\/\/www.24baires.com\/?cat=1"},"img":{"alt_text":"RETIRO","src":"https:\/\/i0.wp.com\/www.24baires.com\/wp-content\/uploads\/2013\/01\/RETIRO-300x264.jpg?resize=350%2C200","width":350,"height":200},"classes":[]},{"id":60229,"url":"https:\/\/www.24baires.com\/?p=60229","url_meta":{"origin":12276,"position":3},"title":"Detectan tres infracciones cada dos horas en micros de larga distancia","author":"Grupo Sierra","date":"16\/01\/2015","format":false,"excerpt":"El Ministerio del Interior y Transporte, encabezado por Florencio Randazzo, encomend\u00f3 a la Comisi\u00f3n Nacional de Regulaci\u00f3n del Transporte (CNRT), realizar operativos de fiscalizaci\u00f3n del transporte automotor en diversos lugares del pa\u00eds, especialmente en aquellos puntos de inter\u00e9s tur\u00edstico, en el marco del \"Operativo Verano 2015\". En este sentido, la\u2026","rel":"","context":"En \u00abSociedad\u00bb","block_context":{"text":"Sociedad","link":"https:\/\/www.24baires.com\/?cat=1"},"img":{"alt_text":"micros","src":"https:\/\/i0.wp.com\/www.24baires.com\/wp-content\/uploads\/2014\/01\/micros.jpg?resize=350%2C200","width":350,"height":200,"srcset":"https:\/\/i0.wp.com\/www.24baires.com\/wp-content\/uploads\/2014\/01\/micros.jpg?resize=350%2C200 1x, https:\/\/i0.wp.com\/www.24baires.com\/wp-content\/uploads\/2014\/01\/micros.jpg?resize=525%2C300 1.5x"},"classes":[]},{"id":33381,"url":"https:\/\/www.24baires.com\/?p=33381","url_meta":{"origin":12276,"position":4},"title":"Comenz\u00f3 el \u00e9xodo tur\u00edstico por el fin de semana largo","author":"AF","date":"11\/10\/2013","format":false,"excerpt":"Desde temprano, miles de turistas empezaron a movilizarse hacia alg\u00fan lugar del pa\u00eds con el fin de aprovechar algunos d\u00edas de descanso en un fin de semana largo, que se extender\u00e1 hasta el pr\u00f3ximo lunes. En tanto, en la terminal de \u00f3mnibus de Retiro se agregaron servicios de micros para\u2026","rel":"","context":"En \u00abSociedad\u00bb","block_context":{"text":"Sociedad","link":"https:\/\/www.24baires.com\/?cat=1"},"img":{"alt_text":"colectivo larga distancia","src":"https:\/\/i0.wp.com\/www.24baires.com\/wp-content\/uploads\/2013\/05\/colectivo-larga-distancia.jpg?resize=350%2C200","width":350,"height":200,"srcset":"https:\/\/i0.wp.com\/www.24baires.com\/wp-content\/uploads\/2013\/05\/colectivo-larga-distancia.jpg?resize=350%2C200 1x, https:\/\/i0.wp.com\/www.24baires.com\/wp-content\/uploads\/2013\/05\/colectivo-larga-distancia.jpg?resize=525%2C300 1.5x"},"classes":[]},{"id":10057,"url":"https:\/\/www.24baires.com\/?p=10057","url_meta":{"origin":12276,"position":5},"title":"Navidad: este a\u00f1o crecieron 40% las partidas de micros de Retiro respecto a otros a\u00f1os","author":"Grupo Sierra","date":"21\/12\/2012","format":false,"excerpt":"Gran cantidad de turistas inici\u00f3 la salida hacia las diversas ciudades del interior pa\u00eds, para aprovechar el fin de semana largo, lo que se ve reflejado en el incremento de un 40% en los servicios habituales de \u00f3mnibus desde la terminal de Retiro. \u00a0La CNRT \u00a0 indic\u00f3 que para hoy\u2026","rel":"","context":"En \u00abSociedad\u00bb","block_context":{"text":"Sociedad","link":"https:\/\/www.24baires.com\/?cat=1"},"img":{"alt_text":"","src":"","width":0,"height":0},"classes":[]}],"jetpack_sharing_enabled":true,"jetpack_likes_enabled":true,"_links":{"self":[{"href":"https:\/\/www.24baires.com\/index.php?rest_route=\/wp\/v2\/posts\/12276","targetHints":{"allow":["GET"]}}],"collection":[{"href":"https:\/\/www.24baires.com\/index.php?rest_route=\/wp\/v2\/posts"}],"about":[{"href":"https:\/\/www.24baires.com\/index.php?rest_route=\/wp\/v2\/types\/post"}],"author":[{"embeddable":true,"href":"https:\/\/www.24baires.com\/index.php?rest_route=\/wp\/v2\/users\/4"}],"replies":[{"embeddable":true,"href":"https:\/\/www.24baires.com\/index.php?rest_route=%2Fwp%2Fv2%2Fcomments&post=12276"}],"version-history":[{"count":2,"href":"https:\/\/www.24baires.com\/index.php?rest_route=\/wp\/v2\/posts\/12276\/revisions"}],"predecessor-version":[{"id":12278,"href":"https:\/\/www.24baires.com\/index.php?rest_route=\/wp\/v2\/posts\/12276\/revisions\/12278"}],"wp:attachment":[{"href":"https:\/\/www.24baires.com\/index.php?rest_route=%2Fwp%2Fv2%2Fmedia&parent=12276"}],"wp:term":[{"taxonomy":"category","embeddable":true,"href":"https:\/\/www.24baires.com\/index.php?rest_route=%2Fwp%2Fv2%2Fcategories&post=12276"},{"taxonomy":"post_tag","embeddable":true,"href":"https:\/\/www.24baires.com\/index.php?rest_route=%2Fwp%2Fv2%2Ftags&post=12276"}],"curies":[{"name":"wp","href":"https:\/\/api.w.org\/{rel}","templated":true}]}}