{"id":12273,"date":"2013-01-15T13:00:10","date_gmt":"2013-01-15T16:00:10","guid":{"rendered":"http:\/\/www.24baires.com\/?p=12273"},"modified":"2013-01-16T12:27:34","modified_gmt":"2013-01-16T15:27:34","slug":"se-reanudo-el-juicio-por-el-asesinato-de-mariano-ferreyra","status":"publish","type":"post","link":"https:\/\/www.24baires.com\/?p=12273","title":{"rendered":"Se reanud\u00f3 el Juicio por el asesinato de Mariano Ferreyra"},"content":{"rendered":"<p>El Tribunal Oral en lo Criminal N\u00ba 21 de la Capital, que encabeza el debate, retom\u00f3 esta semana las audiencias. Se investiga el hecho ocurrido el 20 de octubre de 2010. Entre los 17 imputados en el proceso se encuentra Jos\u00e9 \u00c1ngel Pedraza.<!--more--><\/p>\n<p>El Tribunal Oral en lo Criminal N\u00ba 21 de la Capital Federal reanud\u00f3 este martes el juicio oral donde se investiga el homicidio del joven militante del Partido Obrero Mariano Ferreyra.<br \/>\nEn el debate, que se realiza en el Sal\u00f3n Auditorium de los tribunales federales de Comodoro Py 2002, son juzgados 17 imputados, entre los que se encuentra Jos\u00e9 \u00c1ngel Pedraza, secretario general de la Uni\u00f3n Ferroviaria.<br \/>\nEl tribunal tiene previsto realizar audiencias los d\u00edas martes, mi\u00e9rcoles y viernes de esta semana, para luego retomar el juicio el 4 de febrero pr\u00f3ximo.<br \/>\nSe investiga el hecho ocurrido el 20 de octubre de 2010.<\/p>\n<p>&nbsp;<\/p>\n<p>&nbsp;<\/p>\n<p>&nbsp;<\/p>\n<p>&nbsp;<\/p>\n<p>&nbsp;<\/p>\n<p>&nbsp;<\/p>\n<p>&nbsp;<\/p>\n<p>&nbsp;<\/p>\n<p>&nbsp;<\/p>\n<p>&nbsp;<\/p>\n<p>&nbsp;<\/p>\n<p>&nbsp;<\/p>\n<p>&nbsp;<\/p>\n<p>&nbsp;<\/p>\n<p>&nbsp;<\/p>\n<p>&nbsp;<\/p>\n<p>&nbsp;<\/p>\n<p>&nbsp;<\/p>\n<p>&nbsp;<\/p>\n<p>&nbsp;<\/p>\n<p>&nbsp;<\/p>\n","protected":false},"excerpt":{"rendered":"<p>El Tribunal Oral en lo Criminal N\u00ba 21 de la Capital, que encabeza el debate, retom\u00f3 esta semana las audiencias. Se investiga el hecho ocurrido el 20 de octubre de 2010. Entre los 17 imputados en el proceso se encuentra Jos\u00e9 \u00c1ngel Pedraza.<\/p>\n","protected":false},"author":4,"featured_media":0,"comment_status":"open","ping_status":"open","sticky":false,"template":"","format":"standard","meta":{"_jetpack_newsletter_access":"","_jetpack_dont_email_post_to_subs":false,"_jetpack_newsletter_tier_id":0,"_jetpack_memberships_contains_paywalled_content":false,"_jetpack_memberships_contains_paid_content":false,"footnotes":""},"categories":[1],"tags":[],"class_list":["post-12273","post","type-post","status-publish","format-standard","hentry","category-sociedad"],"jetpack_featured_media_url":"","jetpack_shortlink":"https:\/\/wp.me\/p2JWE0-3bX","jetpack-related-posts":[{"id":10422,"url":"https:\/\/www.24baires.com\/?p=10422","url_meta":{"origin":12273,"position":0},"title":"El Juicio Oral por el asesinato de Mariano Ferreyra continuar\u00e1 en enero","author":"AF","date":"26\/12\/2012","format":false,"excerpt":"El Tribunal Oral Criminal N\u00ba 21 de la Capital realizar\u00e1 audiencias los d\u00edas 15, 16 y 17 de ese mes. Se investiga el hecho ocurrido el 20 de octubre de 2010. Entre los 17 imputados en el proceso se encuentra Jos\u00e9 Pedraza. El Tribunal Oral en lo Criminal N\u00ba 21\u2026","rel":"","context":"En \u00abSociedad\u00bb","block_context":{"text":"Sociedad","link":"https:\/\/www.24baires.com\/?cat=1"},"img":{"alt_text":"","src":"","width":0,"height":0},"classes":[]},{"id":19008,"url":"https:\/\/www.24baires.com\/?p=19008","url_meta":{"origin":12273,"position":1},"title":"Asesinato de Mariano Ferreyra: recomenz\u00f3 el Juicio oral y p\u00fablico","author":"AF","date":"21\/03\/2013","format":false,"excerpt":"El Tribunal Oral en lo Criminal N\u00b0 21 de la Capital escucha este jueves el alegato de la defensa de Rolando Garay, para quien la Fiscal\u00eda solicit\u00f3 que se condene a siete a\u00f1os de prisi\u00f3n. El hecho ocurri\u00f3 en 2010. El Tribunal Oral en lo Criminal N\u00b0 21 de la\u2026","rel":"","context":"En \u00abSociedad\u00bb","block_context":{"text":"Sociedad","link":"https:\/\/www.24baires.com\/?cat=1"},"img":{"alt_text":"","src":"","width":0,"height":0},"classes":[]},{"id":21312,"url":"https:\/\/www.24baires.com\/?p=21312","url_meta":{"origin":12273,"position":2},"title":"Ma\u00f1ana se conocer\u00e1 la sentencia en el Juicio Oral por el asesinato de Mariano Ferreyra","author":"AF","date":"18\/04\/2013","format":false,"excerpt":"Previo a ello, a las 10, el Tribunal Oral en lo Criminal N\u00b0 21 de la Capital brindar\u00e1 a los imputados la posibilidad de decir sus \u00faltimas palabras antes de la lectura del veredicto. Entre los acusados est\u00e1 Jos\u00e9 \u00c1ngel Pedraza. Est\u00e1 previsto que este viernes, el Tribunal Oral en\u2026","rel":"","context":"En \u00abSociedad\u00bb","block_context":{"text":"Sociedad","link":"https:\/\/www.24baires.com\/?cat=1"},"img":{"alt_text":"","src":"","width":0,"height":0},"classes":[]},{"id":16790,"url":"https:\/\/www.24baires.com\/?p=16790","url_meta":{"origin":12273,"position":3},"title":"Aguardan que la fiscal\u00eda acompa\u00f1e el pedido de perpetua para Pedraza","author":"AF","date":"26\/02\/2013","format":false,"excerpt":"Los familiares de Mariano Ferreyra esperan que la fiscal\u00eda acompa\u00f1e en su alegato el pedido de perpetua para el ex titular de la Uni\u00f3n Ferroviaria. En la audiencia, la fiscal consider\u00f3 que Pedraza orden\u00f3 el ataque a los tercerizados. La fiscal Mar\u00eda Luz Jalbert asever\u00f3 hoy que el ex secretario\u2026","rel":"","context":"En \u00abSociedad\u00bb","block_context":{"text":"Sociedad","link":"https:\/\/www.24baires.com\/?cat=1"},"img":{"alt_text":"juicio m ferreyra","src":"https:\/\/i0.wp.com\/www.24baires.com\/wp-content\/uploads\/2013\/02\/juicio-m-ferreyra-300x200.jpg?resize=350%2C200","width":350,"height":200},"classes":[]},{"id":32760,"url":"https:\/\/www.24baires.com\/?p=32760","url_meta":{"origin":12273,"position":4},"title":"Casaci\u00f3n revisar\u00e1 las condenas a Pedraza por el caso Mariano Ferreyra","author":"AF","date":"30\/09\/2013","format":false,"excerpt":"La C\u00e1mara Federal de Casaci\u00f3n Penal rever\u00e1 las condenas otorgadas al ex titular de la Uni\u00f3n Ferroviaria, y har\u00e1 lo mismo con los detenidos por el crimen del joven militante del Partido Obrero. Esto se da luego de que las defensas presentar\u00e1n sus respectivas apelaciones contra el fallo del Tribunal\u2026","rel":"","context":"En \u00abJUDICIALES\u00bb","block_context":{"text":"JUDICIALES","link":"https:\/\/www.24baires.com\/?cat=68"},"img":{"alt_text":"","src":"","width":0,"height":0},"classes":[]},{"id":15829,"url":"https:\/\/www.24baires.com\/?p=15829","url_meta":{"origin":12273,"position":5},"title":"Se entreg\u00f3 Lompizano, el comisario que falt\u00f3 al Juicio por el caso Mariano Ferreyra","author":"AF","date":"16\/02\/2013","format":false,"excerpt":"El comisario Hugo Ernesto Lompizano, uno de los siete polic\u00edas acusados en la causa por el crimen de Mariano Ferreyra, se entreg\u00f3 hoy ante la Polic\u00eda Federal luego de que agentes de Gendarmer\u00eda no pudieran encontrarlo en los domicilios que hab\u00eda notificado. El polic\u00eda quedar\u00e1 detenido hasta el martes en\u2026","rel":"","context":"En \u00abSociedad\u00bb","block_context":{"text":"Sociedad","link":"https:\/\/www.24baires.com\/?cat=1"},"img":{"alt_text":"","src":"","width":0,"height":0},"classes":[]}],"jetpack_sharing_enabled":true,"jetpack_likes_enabled":true,"_links":{"self":[{"href":"https:\/\/www.24baires.com\/index.php?rest_route=\/wp\/v2\/posts\/12273","targetHints":{"allow":["GET"]}}],"collection":[{"href":"https:\/\/www.24baires.com\/index.php?rest_route=\/wp\/v2\/posts"}],"about":[{"href":"https:\/\/www.24baires.com\/index.php?rest_route=\/wp\/v2\/types\/post"}],"author":[{"embeddable":true,"href":"https:\/\/www.24baires.com\/index.php?rest_route=\/wp\/v2\/users\/4"}],"replies":[{"embeddable":true,"href":"https:\/\/www.24baires.com\/index.php?rest_route=%2Fwp%2Fv2%2Fcomments&post=12273"}],"version-history":[{"count":3,"href":"https:\/\/www.24baires.com\/index.php?rest_route=\/wp\/v2\/posts\/12273\/revisions"}],"predecessor-version":[{"id":12416,"href":"https:\/\/www.24baires.com\/index.php?rest_route=\/wp\/v2\/posts\/12273\/revisions\/12416"}],"wp:attachment":[{"href":"https:\/\/www.24baires.com\/index.php?rest_route=%2Fwp%2Fv2%2Fmedia&parent=12273"}],"wp:term":[{"taxonomy":"category","embeddable":true,"href":"https:\/\/www.24baires.com\/index.php?rest_route=%2Fwp%2Fv2%2Fcategories&post=12273"},{"taxonomy":"post_tag","embeddable":true,"href":"https:\/\/www.24baires.com\/index.php?rest_route=%2Fwp%2Fv2%2Ftags&post=12273"}],"curies":[{"name":"wp","href":"https:\/\/api.w.org\/{rel}","templated":true}]}}