{"id":122727,"date":"2025-12-04T06:12:54","date_gmt":"2025-12-04T09:12:54","guid":{"rendered":"https:\/\/www.24baires.com\/?p=122727"},"modified":"2025-12-04T06:12:54","modified_gmt":"2025-12-04T09:12:54","slug":"la-legislatura-bonaerense-convirtio-en-ley-el-endeudamiento","status":"publish","type":"post","link":"https:\/\/www.24baires.com\/?p=122727","title":{"rendered":"La Legislatura bonaerense convirti\u00f3 en Ley el endeudamiento"},"content":{"rendered":"<p><img data-recalc-dims=\"1\" loading=\"lazy\" decoding=\"async\" class=\"aligncenter wp-image-122201\" src=\"https:\/\/i0.wp.com\/www.24baires.com\/wp-content\/uploads\/2025\/04\/senado-pba.jpg?resize=720%2C480\" alt=\"\" width=\"720\" height=\"480\" srcset=\"https:\/\/i0.wp.com\/www.24baires.com\/wp-content\/uploads\/2025\/04\/senado-pba.jpg?w=887&amp;ssl=1 887w, https:\/\/i0.wp.com\/www.24baires.com\/wp-content\/uploads\/2025\/04\/senado-pba.jpg?resize=300%2C200&amp;ssl=1 300w, https:\/\/i0.wp.com\/www.24baires.com\/wp-content\/uploads\/2025\/04\/senado-pba.jpg?resize=768%2C512&amp;ssl=1 768w\" sizes=\"auto, (max-width: 720px) 100vw, 720px\" \/>A la 1:30 de la madrugada, sesion\u00f3 la C\u00e1mara Baja y le dio media sanci\u00f3n a la Ley de Financiamiento consiguiendo los dos tercios de los votos. El Senado lo convirti\u00f3 en Ley cerca de las 4 de la madrugada. Passaglia mont\u00f3 un esc\u00e1ndalo. Katopodis y Cascallares siguieron la sesi\u00f3n por TV en la oficina de la presidencia.<!--more--><\/p>\n<p>Diputados finalmente le dio media sanci\u00f3n al proyecto que avala el endeudamiento por casi 3.500 millones de d\u00f3lares y gir\u00f3 al Senado para que se convierta en Ley. Fue pasada la 1:30 de la madrugada, luego de dos cuartos intermedios y un esc\u00e1ndalo que protagoniz\u00f3 e intendente de San Nicol\u00e1s, que quiso asumir su banca luego de dos a\u00f1os de licencia en la C\u00e1mara y sin presentar la autorizaci\u00f3n del Honorable Concejo Deliberante de su distrito.<\/p>\n<p>Promediando las 4 de la madrugada, el Senado convirti\u00f3 en Ley el proyecto con m\u00e1s de dos tercios de los votos.<\/p>\n<p>Despu\u00e9s de una jornada marcada por tironeos y conversaciones cruzadas, la C\u00e1mara Baja termin\u00f3 aprobando la Ley de Financiamiento enviada por el Ejecutivo, un proyecto que estuvo varias horas en pausa mientras oficialismo y oposici\u00f3n ajustaban los puntos m\u00e1s sensibles del articulado.<\/p>\n<p>La actividad legislativa se extendi\u00f3 hasta pasadas la 1.30, horario en el que finalmente se retom\u00f3 la sesi\u00f3n luego de dos cuarto intermedio pactado cerca de la medianoche. Ese lapso se utiliz\u00f3 para afinar un texto de consenso que permitiera avanzar sin sobresaltos. Antes, los jefes de bloque hab\u00edan ingresado al recinto para confirmar la realizaci\u00f3n de la doble sesi\u00f3n y garantizar que la discusi\u00f3n no volviera a empantanarse antes de que se terminara el d\u00eda.<\/p>\n","protected":false},"excerpt":{"rendered":"<p>A la 1:30 de la madrugada, sesion\u00f3 la C\u00e1mara Baja y le dio media sanci\u00f3n a la Ley de Financiamiento consiguiendo los dos tercios de los votos. El Senado lo convirti\u00f3 en Ley cerca de las 4 de la madrugada. Passaglia mont\u00f3 un esc\u00e1ndalo. Katopodis y Cascallares siguieron la sesi\u00f3n por TV en la oficina de la presidencia.<\/p>\n","protected":false},"author":8,"featured_media":0,"comment_status":"closed","ping_status":"closed","sticky":false,"template":"","format":"standard","meta":{"_jetpack_newsletter_access":"","_jetpack_dont_email_post_to_subs":false,"_jetpack_newsletter_tier_id":0,"_jetpack_memberships_contains_paywalled_content":false,"_jetpack_memberships_contains_paid_content":false,"footnotes":""},"categories":[40],"tags":[],"class_list":["post-122727","post","type-post","status-publish","format-standard","hentry","category-provincia"],"jetpack_featured_media_url":"","jetpack_shortlink":"https:\/\/wp.me\/p2JWE0-vVt","jetpack-related-posts":[{"id":122707,"url":"https:\/\/www.24baires.com\/?p=122707","url_meta":{"origin":122727,"position":0},"title":"Kicillof logr\u00f3 convertir en Ley el Presupuesto y la Impositiva, pero no junt\u00f3 los votos para el endeudamiento","author":"GB","date":"27\/11\/2025","format":false,"excerpt":"Luego de una marat\u00f3nica jornada de negociaciones, tanto Diputados como Senadores aprobaron el Presupuesto 2026 y la Ley Impositiva. El endeudamiento se tratar\u00e1 el viernes si el oficialismo consigue los dos tercios necesarios para aprobarlo. Finalmente, y con 9 horas de atraso, sesion\u00f3 Diputados, pero solo aprob\u00f3 el Presupuesto 2026\u2026","rel":"","context":"En \u00abProvincia\u00bb","block_context":{"text":"Provincia","link":"https:\/\/www.24baires.com\/?cat=40"},"img":{"alt_text":"","src":"https:\/\/i0.wp.com\/www.24baires.com\/wp-content\/uploads\/2019\/12\/diputados-bonaerenses.jpg?resize=350%2C200","width":350,"height":200,"srcset":"https:\/\/i0.wp.com\/www.24baires.com\/wp-content\/uploads\/2019\/12\/diputados-bonaerenses.jpg?resize=350%2C200 1x, https:\/\/i0.wp.com\/www.24baires.com\/wp-content\/uploads\/2019\/12\/diputados-bonaerenses.jpg?resize=525%2C300 1.5x, https:\/\/i0.wp.com\/www.24baires.com\/wp-content\/uploads\/2019\/12\/diputados-bonaerenses.jpg?resize=700%2C400 2x"},"classes":[]},{"id":122891,"url":"https:\/\/www.24baires.com\/?p=122891","url_meta":{"origin":122727,"position":1},"title":"Diputados aprob\u00f3 la reforma laboral","author":"GB","date":"20\/02\/2026","format":false,"excerpt":"Con 135 votos a favor y 115 en contra, este viernes por la madruga el proyecto oficialista logr\u00f3 el aval de la C\u00e1mara Baja de la Naci\u00f3n. La norma volver\u00e1 al Senado para su sanci\u00f3n definitiva tras la eliminaci\u00f3n del art\u00edculo 44. Tras una marat\u00f3nica y caliente sesi\u00f3n, en el\u2026","rel":"","context":"En \u00abPol\u00edtica\u00bb","block_context":{"text":"Pol\u00edtica","link":"https:\/\/www.24baires.com\/?cat=51"},"img":{"alt_text":"","src":"https:\/\/i0.wp.com\/www.24baires.com\/wp-content\/uploads\/2026\/02\/votacion_reforma_laboral.webp?resize=350%2C200","width":350,"height":200,"srcset":"https:\/\/i0.wp.com\/www.24baires.com\/wp-content\/uploads\/2026\/02\/votacion_reforma_laboral.webp?resize=350%2C200 1x, https:\/\/i0.wp.com\/www.24baires.com\/wp-content\/uploads\/2026\/02\/votacion_reforma_laboral.webp?resize=525%2C300 1.5x, https:\/\/i0.wp.com\/www.24baires.com\/wp-content\/uploads\/2026\/02\/votacion_reforma_laboral.webp?resize=700%2C400 2x"},"classes":[]},{"id":119638,"url":"https:\/\/www.24baires.com\/?p=119638","url_meta":{"origin":122727,"position":2},"title":"La Legislatura Bonaerense aprob\u00f3 el Presupuesto 2023","author":"GB","date":"16\/12\/2022","format":false,"excerpt":"Ambas iniciativas fueron aprobadas por la Legislatura Bonaerense luego de un d\u00eda conflictivo. Tambi\u00e9n avanzaron otros proyectos. Finalmente, el gobierno de Axel Kicillof tiene Presupuesto 2023 y Ley Impositiva. Ambas normas fueron aprobadas en la madrugada de este viernes por ambas c\u00e1maras de la Legislatura Bonaerense. La jornada, que promet\u00eda\u2026","rel":"","context":"En \u00abProvincia\u00bb","block_context":{"text":"Provincia","link":"https:\/\/www.24baires.com\/?cat=40"},"img":{"alt_text":"","src":"https:\/\/i0.wp.com\/www.24baires.com\/wp-content\/uploads\/2022\/12\/camara-diputados-bonaerensejpg.jpg?resize=350%2C200","width":350,"height":200,"srcset":"https:\/\/i0.wp.com\/www.24baires.com\/wp-content\/uploads\/2022\/12\/camara-diputados-bonaerensejpg.jpg?resize=350%2C200 1x, https:\/\/i0.wp.com\/www.24baires.com\/wp-content\/uploads\/2022\/12\/camara-diputados-bonaerensejpg.jpg?resize=525%2C300 1.5x, https:\/\/i0.wp.com\/www.24baires.com\/wp-content\/uploads\/2022\/12\/camara-diputados-bonaerensejpg.jpg?resize=700%2C400 2x"},"classes":[]},{"id":116959,"url":"https:\/\/www.24baires.com\/?p=116959","url_meta":{"origin":122727,"position":3},"title":"El aborto ya es ley en Argentina","author":"GB","date":"30\/12\/2020","format":false,"excerpt":"Con 38 votos a favor, 29 en contra y una abstenci\u00f3n, el Senado aprob\u00f3 esta madrugada la ley de Interrupci\u00f3n Voluntaria del Embarazo. El Senado convirti\u00f3 en ley la legalizaci\u00f3n del aborto. Con 38 votos a favor, 29 en contra y una abstenci\u00f3n aprob\u00f3 la Interrupci\u00f3n Voluntaria del Embarazo, un\u2026","rel":"","context":"En \u00abSociedad\u00bb","block_context":{"text":"Sociedad","link":"https:\/\/www.24baires.com\/?cat=1"},"img":{"alt_text":"","src":"https:\/\/i0.wp.com\/www.24baires.com\/wp-content\/uploads\/2018\/03\/pa%C3%B1uelazo-aborto.jpg?resize=350%2C200","width":350,"height":200,"srcset":"https:\/\/i0.wp.com\/www.24baires.com\/wp-content\/uploads\/2018\/03\/pa%C3%B1uelazo-aborto.jpg?resize=350%2C200 1x, https:\/\/i0.wp.com\/www.24baires.com\/wp-content\/uploads\/2018\/03\/pa%C3%B1uelazo-aborto.jpg?resize=525%2C300 1.5x"},"classes":[]},{"id":118166,"url":"https:\/\/www.24baires.com\/?p=118166","url_meta":{"origin":122727,"position":4},"title":"Es ley la eximici\u00f3n de impuestos para hoteleros y comerciantes","author":"GB","date":"22\/10\/2021","format":false,"excerpt":"Ambas C\u00e1maras bonaerenses aprobaron la medida que beneficiar\u00e1 a hoteles, hospedajes, camping, casas de fiestas, guarder\u00edas, jardines maternales, gimnasios, parques de diversiones y salones de bailes y boliches. La C\u00e1mara de Diputados bonaerense convirti\u00f3 en ley la eximici\u00f3n de impuestos para hoteleros y comerciantes, luego de que el proyecto que\u2026","rel":"","context":"En \u00abProvincia\u00bb","block_context":{"text":"Provincia","link":"https:\/\/www.24baires.com\/?cat=40"},"img":{"alt_text":"","src":"https:\/\/i0.wp.com\/www.24baires.com\/wp-content\/uploads\/2020\/02\/senado.jpg?resize=350%2C200","width":350,"height":200,"srcset":"https:\/\/i0.wp.com\/www.24baires.com\/wp-content\/uploads\/2020\/02\/senado.jpg?resize=350%2C200 1x, https:\/\/i0.wp.com\/www.24baires.com\/wp-content\/uploads\/2020\/02\/senado.jpg?resize=525%2C300 1.5x"},"classes":[]},{"id":121424,"url":"https:\/\/www.24baires.com\/?p=121424","url_meta":{"origin":122727,"position":5},"title":"Milei anunci\u00f3 que renunciar\u00e1 a su jubilaci\u00f3n de privilegio y volvi\u00f3 a hablar de vetar la ley jubilatoria","author":"GB","date":"06\/06\/2024","format":false,"excerpt":"A trav\u00e9s de un extenso comunicado, el Presidente lanz\u00f3 misiles contra los legisladores de la C\u00e1mara de Diputados y la de Senadores. La C\u00e1mara de Diputados dio media sanci\u00f3n a la nueva ley de movilidad jubilatoria, lo que no tard\u00f3 en desatar la furia de Javier Milei, quien asegur\u00f3 que,\u2026","rel":"","context":"En \u00abPol\u00edtica\u00bb","block_context":{"text":"Pol\u00edtica","link":"https:\/\/www.24baires.com\/?cat=51"},"img":{"alt_text":"","src":"https:\/\/i0.wp.com\/www.24baires.com\/wp-content\/uploads\/2024\/03\/milei-serio.webp?resize=350%2C200","width":350,"height":200,"srcset":"https:\/\/i0.wp.com\/www.24baires.com\/wp-content\/uploads\/2024\/03\/milei-serio.webp?resize=350%2C200 1x, https:\/\/i0.wp.com\/www.24baires.com\/wp-content\/uploads\/2024\/03\/milei-serio.webp?resize=525%2C300 1.5x, https:\/\/i0.wp.com\/www.24baires.com\/wp-content\/uploads\/2024\/03\/milei-serio.webp?resize=700%2C400 2x"},"classes":[]}],"jetpack_sharing_enabled":true,"jetpack_likes_enabled":true,"_links":{"self":[{"href":"https:\/\/www.24baires.com\/index.php?rest_route=\/wp\/v2\/posts\/122727","targetHints":{"allow":["GET"]}}],"collection":[{"href":"https:\/\/www.24baires.com\/index.php?rest_route=\/wp\/v2\/posts"}],"about":[{"href":"https:\/\/www.24baires.com\/index.php?rest_route=\/wp\/v2\/types\/post"}],"author":[{"embeddable":true,"href":"https:\/\/www.24baires.com\/index.php?rest_route=\/wp\/v2\/users\/8"}],"replies":[{"embeddable":true,"href":"https:\/\/www.24baires.com\/index.php?rest_route=%2Fwp%2Fv2%2Fcomments&post=122727"}],"version-history":[{"count":1,"href":"https:\/\/www.24baires.com\/index.php?rest_route=\/wp\/v2\/posts\/122727\/revisions"}],"predecessor-version":[{"id":122728,"href":"https:\/\/www.24baires.com\/index.php?rest_route=\/wp\/v2\/posts\/122727\/revisions\/122728"}],"wp:attachment":[{"href":"https:\/\/www.24baires.com\/index.php?rest_route=%2Fwp%2Fv2%2Fmedia&parent=122727"}],"wp:term":[{"taxonomy":"category","embeddable":true,"href":"https:\/\/www.24baires.com\/index.php?rest_route=%2Fwp%2Fv2%2Fcategories&post=122727"},{"taxonomy":"post_tag","embeddable":true,"href":"https:\/\/www.24baires.com\/index.php?rest_route=%2Fwp%2Fv2%2Ftags&post=122727"}],"curies":[{"name":"wp","href":"https:\/\/api.w.org\/{rel}","templated":true}]}}