{"id":12268,"date":"2013-01-15T13:41:57","date_gmt":"2013-01-15T16:41:57","guid":{"rendered":"http:\/\/www.24baires.com\/?p=12268"},"modified":"2013-01-16T12:27:42","modified_gmt":"2013-01-16T15:27:42","slug":"maradona-y-cristina-juntos-en-emiratos-arabes","status":"publish","type":"post","link":"https:\/\/www.24baires.com\/?p=12268","title":{"rendered":"Maradona y Cristina, juntos en Emiratos \u00c1rabes"},"content":{"rendered":"<p><a href=\"http:\/\/www.24baires.com\/sociedad\/12268-maradona-y-cristina-juntos-en-emiratos-arabes\/attachment\/diego-cristina\/\" rel=\"attachment wp-att-12269\"><img data-recalc-dims=\"1\" loading=\"lazy\" decoding=\"async\" class=\"aligncenter size-full wp-image-12269\" alt=\"diego cristina\" src=\"https:\/\/i0.wp.com\/www.24baires.com\/wp-content\/uploads\/2013\/01\/diego-cristina.jpg?resize=560%2C372\" width=\"560\" height=\"372\" srcset=\"https:\/\/i0.wp.com\/www.24baires.com\/wp-content\/uploads\/2013\/01\/diego-cristina.jpg?w=560&amp;ssl=1 560w, https:\/\/i0.wp.com\/www.24baires.com\/wp-content\/uploads\/2013\/01\/diego-cristina.jpg?resize=300%2C199&amp;ssl=1 300w\" sizes=\"auto, (max-width: 560px) 100vw, 560px\" \/><\/a><\/p>\n<div>\n<p>Diego Maradona lo dijo luego de visitar a la presidenta Cristina Fern\u00e1ndez de Kirchner en Abu Dhabi, y\u00a0se\u00f1al\u00f3 que quienes cuestionan a la mandataria \u00abson los mismos de siempre, los que nacieron en cuna de oro y no saben armar un guiso\u00bb.<\/p>\n<\/div>\n<p><!--more--><br \/>\nEl ex astro de la selecci\u00f3n nacional visit\u00f3 esta tarde a la Presidenta en el hotel Emirate Palace, luego de que Cristina culminara las actividades oficiales en los Emiratos \u00c1rabes con un encuentro con los 15 empresarios m\u00e1s influyentes de este pa\u00eds.<\/p>\n<p>En di\u00e1logo con medios argentinos, Maradona remarc\u00f3 que \u00abestando ac\u00e1, en Emiratos, uno se da cuenta que tiene que tener orgullo de su pa\u00eds, por su capacidad, por los alimentos que genera y por los esfuerzos que hace Cristina y todo su gobierno\u00bb.<\/p>\n<p>Asimismo, el actual embajador deportivo de los Emiratos Arabes apunt\u00f3 contra los pol\u00edticos opositores: \u00abPor ejemplo, (Francisco) De Narv\u00e1ez no sabe hacer una sopa, no sabe qu\u00e9 le tiene que poner, habla por hablar y no la vivi\u00f3, no sufri\u00f3 lo que sufrieron muchos argentinos\u00bb; y concluy\u00f3 sugiriendo que \u00abprimero aprendan a hacer guisos y despu\u00e9s hablamos\u00bb.<\/p>\n<p>\u00abYo puedo avalar porque lo veo, y de ah\u00ed en m\u00e1s est\u00e1 mi cari\u00f1o por Cristina y por su gente, que todos los d\u00edas trabaja para ver si todos podemos tener un mejor pa\u00eds\u00bb, destac\u00f3 el ex jugador.<\/p>\n<p>Asimismo, el actual embajador deportivo de los Emiratos Arabes apunt\u00f3 contra los pol\u00edticos opositores: \u00abPor ejemplo, (Francisco) De Narv\u00e1ez no sabe hacer una sopa, no sabe qu\u00e9 le tiene que poner, habla por hablar y no la vivi\u00f3, no sufri\u00f3 lo que sufrieron muchos argentinos\u00bb, y concluy\u00f3 sugiriendo que \u00abprimero aprendan a hacer guisos y despu\u00e9s hablamos\u00bb.<\/p>\n<p>Maradona se reuni\u00f3 con Cristina tras ingresar por el sector reservado por el gobierno emirat\u00ed en el Palacio para hospedar a los mandatarios que visitan el pa\u00eds, pero se retir\u00f3 por la puerta principal del hotel pasadas las 9.30 hora de Argentina (16.30 local), situaci\u00f3n que gener\u00f3 un revuelo entre los miles de turistas que visitan a diario el sitio e, incluso, los empleados del lugar.<br \/>\nPoco despu\u00e9s, al ser consultado por T\u00e9lam, asegur\u00f3 que se retiraba del encuentro \u00abcontento y entusiasmado por ser m\u00e1s cristinista que nunca y apoyarla en todo\u00bb.<\/p>\n<p>En ese sentido, cont\u00f3 que los Emiratos \u00abnecesitan de un mont\u00f3n de cosas que nosotros tenemos\u00bb, y mediante esta oportunidad \u00abnuestro pa\u00eds podr\u00e1 venderles lo que producimos y as\u00ed tambi\u00e9n poder dar m\u00e1s trabajo a los argentinos\u00bb.<\/p>\n<p>Por otro lado, detall\u00f3 que le expres\u00f3 a Cristina que \u00ablos emirat\u00edes nos respetan mucho y, si bien a veces son desconfiados, la Presidenta fue por dem\u00e1s clara y ellos saben que lo prometido se cumple, y los \u00e1rabes eso lo ven\u00bb.<\/p>\n<p>Por eso, consider\u00f3 el ex astro, \u00abel paso de la Presidenta por Abu Dhabi fue todo un \u00e9xito\u00bb, y se\u00f1al\u00f3 que \u00ablos argentinos pueden estar tranquilos porque vi como trabaja Cristina y su gente, y la verdad que te da orgullo ser argentino\u00bb.<\/p>\n<p>&nbsp;<\/p>\n<p>&nbsp;<\/p>\n<p>&nbsp;<\/p>\n<p>&nbsp;<\/p>\n<p>&nbsp;<\/p>\n<p>&nbsp;<\/p>\n<p>&nbsp;<\/p>\n<p>&nbsp;<\/p>\n<p>&nbsp;<\/p>\n<p>&nbsp;<\/p>\n<p>&nbsp;<\/p>\n<p>&nbsp;<\/p>\n<p>&nbsp;<\/p>\n<p>&nbsp;<\/p>\n<p>&nbsp;<\/p>\n<p>&nbsp;<\/p>\n<p>&nbsp;<\/p>\n<p>&nbsp;<\/p>\n<p>&nbsp;<\/p>\n<p>&nbsp;<\/p>\n<p>&nbsp;<\/p>\n","protected":false},"excerpt":{"rendered":"<p>Diego Maradona lo dijo luego de visitar a la presidenta Cristina Fern\u00e1ndez de Kirchner en Abu Dhabi, y\u00a0se\u00f1al\u00f3 que quienes cuestionan a la mandataria \u00abson los mismos de siempre, los que nacieron en cuna de oro y no saben armar un guiso\u00bb.<\/p>\n","protected":false},"author":4,"featured_media":0,"comment_status":"open","ping_status":"open","sticky":false,"template":"","format":"standard","meta":{"_jetpack_newsletter_access":"","_jetpack_dont_email_post_to_subs":false,"_jetpack_newsletter_tier_id":0,"_jetpack_memberships_contains_paywalled_content":false,"_jetpack_memberships_contains_paid_content":false,"footnotes":""},"categories":[1],"tags":[],"class_list":["post-12268","post","type-post","status-publish","format-standard","hentry","category-sociedad"],"jetpack_featured_media_url":"","jetpack_shortlink":"https:\/\/wp.me\/p2JWE0-3bS","jetpack-related-posts":[{"id":42782,"url":"https:\/\/www.24baires.com\/?p=42782","url_meta":{"origin":12268,"position":0},"title":"Maradona pol\u00e9mico: \u00abEn este mundial ten\u00eda que estar yo\u00bb","author":"Grupo Sierra","date":"26\/03\/2014","format":false,"excerpt":"El ex entrenador del seleccionado argentino asegur\u00f3 que la AFA le hizo \"una mala jugada\u201d y arremeti\u00f3, en declaraciones a una revista alemana, contra la dirigencia de la entidad madre del f\u00fatbol argentino. Diego Maradona critico a los directivos de la Asociaci\u00f3n del F\u00fatbol Argentino y remarc\u00f3 que \u201cLa actual\u2026","rel":"","context":"En \u00abDeportes\u00bb","block_context":{"text":"Deportes","link":"https:\/\/www.24baires.com\/?cat=12"},"img":{"alt_text":"MARADONA","src":"https:\/\/i0.wp.com\/www.24baires.com\/wp-content\/uploads\/2014\/02\/MARADONA.jpg?resize=350%2C200","width":350,"height":200,"srcset":"https:\/\/i0.wp.com\/www.24baires.com\/wp-content\/uploads\/2014\/02\/MARADONA.jpg?resize=350%2C200 1x, https:\/\/i0.wp.com\/www.24baires.com\/wp-content\/uploads\/2014\/02\/MARADONA.jpg?resize=525%2C300 1.5x"},"classes":[]},{"id":12115,"url":"https:\/\/www.24baires.com\/?p=12115","url_meta":{"origin":12268,"position":1},"title":"Cristina en Emiratos \u00c1rabes anunci\u00f3 la apertura de una oficina comercial","author":"AF","date":"14\/01\/2013","format":false,"excerpt":"La Presidenta mantuvo un encuentro bilateral con su par emirat\u00ed, Khalifa bin Al Nahayan, en el que se avanz\u00f3 en acuerdos en materia de seguridad alimentaria y energ\u00eda nuclear con fines pac\u00edficos. La reuni\u00f3n, que marc\u00f3 el inicio formal de la visita de la Presidenta a este pa\u00eds, se inici\u00f3\u2026","rel":"","context":"En \u00abPol\u00edtica\u00bb","block_context":{"text":"Pol\u00edtica","link":"https:\/\/www.24baires.com\/?cat=51"},"img":{"alt_text":"cristina emiratos","src":"https:\/\/i0.wp.com\/www.24baires.com\/wp-content\/uploads\/2013\/01\/cristina-emiratos.jpg?resize=350%2C200","width":350,"height":200},"classes":[]},{"id":44609,"url":"https:\/\/www.24baires.com\/?p=44609","url_meta":{"origin":12268,"position":2},"title":"Cristina destac\u00f3 el \u00abenorme inter\u00e9s\u00bb de los Emiratos \u00c1rabes en Argentina","author":"GB","date":"24\/04\/2014","format":false,"excerpt":"Cristina destac\u00f3 \"la realizaci\u00f3n de proyectos que tengan que ver con la seguridad alimentaria\". Fue tras mantener una reuni\u00f3n con el primer ministro y vicepresidente de ese pa\u00eds, Mohamed bin Rashi de Al Maktum. Adem\u00e1s, asegur\u00f3 que Argentina forma parte del \"exclusivo club que puede producir energ\u00eda nuclear, con un\u2026","rel":"","context":"En \u00abPol\u00edtica\u00bb","block_context":{"text":"Pol\u00edtica","link":"https:\/\/www.24baires.com\/?cat=51"},"img":{"alt_text":"cristina1","src":"https:\/\/i0.wp.com\/www.24baires.com\/wp-content\/uploads\/2014\/02\/cristina1.jpg?resize=350%2C200","width":350,"height":200,"srcset":"https:\/\/i0.wp.com\/www.24baires.com\/wp-content\/uploads\/2014\/02\/cristina1.jpg?resize=350%2C200 1x, https:\/\/i0.wp.com\/www.24baires.com\/wp-content\/uploads\/2014\/02\/cristina1.jpg?resize=525%2C300 1.5x"},"classes":[]},{"id":12045,"url":"https:\/\/www.24baires.com\/?p=12045","url_meta":{"origin":12268,"position":3},"title":"\u00abUna mentira m\u00e1s de Clar\u00edn y van&#8230;\u00bb","author":"Grupo Sierra","date":"13\/01\/2013","format":false,"excerpt":"La Presidenta, Cristina Fern\u00e1ndez de Kirchner, respondi\u00f3 as\u00ed por Twitter a la nota aparecida en ese matutino en la que se indica que, durante su viaje en los Emiratos \u00c1rabes, est\u00e1 alojada en el hotel \"m\u00e1s caro del mundo\".\u00a0 La presidenta Cristina Fern\u00e1ndez de Kirchner calific\u00f3 hoy como \"una mentira\u2026","rel":"","context":"En \u00abPol\u00edtica\u00bb","block_context":{"text":"Pol\u00edtica","link":"https:\/\/www.24baires.com\/?cat=51"},"img":{"alt_text":"cristina arabia","src":"https:\/\/i0.wp.com\/www.24baires.com\/wp-content\/uploads\/2013\/01\/cristina-arabia.jpg?resize=350%2C200","width":350,"height":200,"srcset":"https:\/\/i0.wp.com\/www.24baires.com\/wp-content\/uploads\/2013\/01\/cristina-arabia.jpg?resize=350%2C200 1x, https:\/\/i0.wp.com\/www.24baires.com\/wp-content\/uploads\/2013\/01\/cristina-arabia.jpg?resize=525%2C300 1.5x"},"classes":[]},{"id":13005,"url":"https:\/\/www.24baires.com\/?p=13005","url_meta":{"origin":12268,"position":4},"title":"Cristina concluy\u00f3 su gira reuni\u00e9ndose con empresarios vietnamitas","author":"AF","date":"21\/01\/2013","format":false,"excerpt":"La Presidenta se reuni\u00f3 con 19 representantes de importantes empresas de Vietnam, en el cierre de su visita oficial a ese pa\u00eds y la gira que inici\u00f3 el pasado 13 de enero en los Emiratos \u00c1rabes Unidos y luego sigui\u00f3 en Indonesia. El encuentro, que culmin\u00f3 a las 19.20 hora\u2026","rel":"","context":"En \u00abPol\u00edtica\u00bb","block_context":{"text":"Pol\u00edtica","link":"https:\/\/www.24baires.com\/?cat=51"},"img":{"alt_text":"","src":"","width":0,"height":0},"classes":[]},{"id":11940,"url":"https:\/\/www.24baires.com\/?p=11940","url_meta":{"origin":12268,"position":5},"title":"Cristina parte hacia Asia luego de estar en Cuba con Fidel y Hugo Ch\u00e1vez","author":"AF","date":"12\/01\/2013","format":false,"excerpt":"La Presidenta parti\u00f3 en el mediod\u00eda de este s\u00e1bado desde el aeropuerto Jos\u00e9 Mart\u00ed de La Habana tras visitar al mandatario venezolano Hugo Ch\u00e1vez y reunirse con el l\u00edder de la revoluci\u00f3n cubana y el titular del gobierno de la isla, Fidel Castro. La Presidenta, quien arrib\u00f3 ayer por la\u2026","rel":"","context":"En \u00abSociedad\u00bb","block_context":{"text":"Sociedad","link":"https:\/\/www.24baires.com\/?cat=1"},"img":{"alt_text":"fidel y cristina","src":"https:\/\/i0.wp.com\/www.24baires.com\/wp-content\/uploads\/2013\/01\/fidel-y-cristina-300x199.jpg?resize=350%2C200","width":350,"height":200},"classes":[]}],"jetpack_sharing_enabled":true,"jetpack_likes_enabled":true,"_links":{"self":[{"href":"https:\/\/www.24baires.com\/index.php?rest_route=\/wp\/v2\/posts\/12268","targetHints":{"allow":["GET"]}}],"collection":[{"href":"https:\/\/www.24baires.com\/index.php?rest_route=\/wp\/v2\/posts"}],"about":[{"href":"https:\/\/www.24baires.com\/index.php?rest_route=\/wp\/v2\/types\/post"}],"author":[{"embeddable":true,"href":"https:\/\/www.24baires.com\/index.php?rest_route=\/wp\/v2\/users\/4"}],"replies":[{"embeddable":true,"href":"https:\/\/www.24baires.com\/index.php?rest_route=%2Fwp%2Fv2%2Fcomments&post=12268"}],"version-history":[{"count":3,"href":"https:\/\/www.24baires.com\/index.php?rest_route=\/wp\/v2\/posts\/12268\/revisions"}],"predecessor-version":[{"id":12272,"href":"https:\/\/www.24baires.com\/index.php?rest_route=\/wp\/v2\/posts\/12268\/revisions\/12272"}],"wp:attachment":[{"href":"https:\/\/www.24baires.com\/index.php?rest_route=%2Fwp%2Fv2%2Fmedia&parent=12268"}],"wp:term":[{"taxonomy":"category","embeddable":true,"href":"https:\/\/www.24baires.com\/index.php?rest_route=%2Fwp%2Fv2%2Fcategories&post=12268"},{"taxonomy":"post_tag","embeddable":true,"href":"https:\/\/www.24baires.com\/index.php?rest_route=%2Fwp%2Fv2%2Ftags&post=12268"}],"curies":[{"name":"wp","href":"https:\/\/api.w.org\/{rel}","templated":true}]}}