{"id":122630,"date":"2025-10-14T11:15:48","date_gmt":"2025-10-14T14:15:48","guid":{"rendered":"https:\/\/www.24baires.com\/?p=122630"},"modified":"2025-10-14T11:15:48","modified_gmt":"2025-10-14T14:15:48","slug":"ya-comenzo-el-paro-docente-nacional-contra-el-ajuste-educativo-de-milei","status":"publish","type":"post","link":"https:\/\/www.24baires.com\/?p=122630","title":{"rendered":"Ya comenz\u00f3 el paro docente nacional contra el ajuste educativo de Milei"},"content":{"rendered":"<p><img data-recalc-dims=\"1\" loading=\"lazy\" decoding=\"async\" class=\"aligncenter wp-image-122631\" src=\"https:\/\/i0.wp.com\/www.24baires.com\/wp-content\/uploads\/2025\/10\/paro-docente.webp?resize=720%2C379\" alt=\"\" width=\"720\" height=\"379\" srcset=\"https:\/\/i0.wp.com\/www.24baires.com\/wp-content\/uploads\/2025\/10\/paro-docente.webp?w=800&amp;ssl=1 800w, https:\/\/i0.wp.com\/www.24baires.com\/wp-content\/uploads\/2025\/10\/paro-docente.webp?resize=300%2C158&amp;ssl=1 300w, https:\/\/i0.wp.com\/www.24baires.com\/wp-content\/uploads\/2025\/10\/paro-docente.webp?resize=768%2C404&amp;ssl=1 768w\" sizes=\"auto, (max-width: 720px) 100vw, 720px\" \/>La CTERA y gremios universitarios encabezan una Marcha Federal para exigir paritarias, restituci\u00f3n del FONID y mayor presupuesto educativo.<!--more--><\/p>\n<p>Docentes de todos los niveles educativos, desde inicial hasta el universitario, realizan este martes 14 de octubre un paro nacional con movilizaci\u00f3n al Congreso de la Naci\u00f3n, en rechazo al ajuste del Gobierno de Javier Milei sobre el sistema educativo. La medida, convocada por la Confederaci\u00f3n de Trabajadores de la Educaci\u00f3n de la Rep\u00fablica Argentina (CTERA), cuenta con la adhesi\u00f3n de los principales gremios docentes y universitarios, como SUTEBA, FEB, SADOP, UDOCBA, CONADU y la Asociaci\u00f3n Gremial Docente (AG-UBA).<\/p>\n<p>La jornada se enmarca en una nueva Marcha Federal Educativa, que tendr\u00e1 su epicentro en la Ciudad Aut\u00f3noma de Buenos Aires, con concentraci\u00f3n a las 10 de la ma\u00f1ana frente al Congreso, para luego marchar hacia el Palacio Pizzurno, sede del Ministerio de Educaci\u00f3n nacional. Bajo el lema \u201cLa Escuela ense\u00f1a y construye esperanza\u201d, la movilizaci\u00f3n se replicar\u00e1 en las principales ciudades del pa\u00eds.<\/p>\n<p>en un video institucional acompa\u00f1ado por la melod\u00eda del Himno Nacional, CTERA exigi\u00f3 la sanci\u00f3n de una nueva Ley de Financiamiento Educativo, la restituci\u00f3n del Fondo Nacional de Incentivo Docente (FONID), que el Gobierno elimin\u00f3 a comienzos de su gesti\u00f3n, y la convocatoria inmediata a la Paritaria Nacional Docente. Tambi\u00e9n reclam\u00f3 \u201caumento del presupuesto educativo y fondos para infraestructura escolar\u201d, as\u00ed como \u201cmejoras salarias y laborales para las y los trabajadores de la educaci\u00f3n\u201d y la defensa de \u201clos derechos previsionales y jubilaciones docentes\u201d.<\/p>\n","protected":false},"excerpt":{"rendered":"<p>La CTERA y gremios universitarios encabezan una Marcha Federal para exigir paritarias, restituci\u00f3n del FONID y mayor presupuesto educativo.<\/p>\n","protected":false},"author":8,"featured_media":0,"comment_status":"closed","ping_status":"closed","sticky":false,"template":"","format":"standard","meta":{"_jetpack_newsletter_access":"","_jetpack_dont_email_post_to_subs":false,"_jetpack_newsletter_tier_id":0,"_jetpack_memberships_contains_paywalled_content":false,"_jetpack_memberships_contains_paid_content":false,"footnotes":""},"categories":[1],"tags":[],"class_list":["post-122630","post","type-post","status-publish","format-standard","hentry","category-sociedad"],"jetpack_featured_media_url":"","jetpack_shortlink":"https:\/\/wp.me\/p2JWE0-vTU","jetpack-related-posts":[{"id":104365,"url":"https:\/\/www.24baires.com\/?p=104365","url_meta":{"origin":122630,"position":0},"title":"Frente de Unidad Docente realiza un paro por 48 horas esta semana y se profundiza el conflicto","author":"GB","date":"10\/09\/2018","format":false,"excerpt":"Los gremios llevar\u00e1n a cabo la medida de fuerza los d\u00edas mi\u00e9rcoles y jueves en el marco del reclamo que llevan adelante por salarios, mejoras en la infraestructura y por mayor presupuesto. Marchar\u00e1n al Congreso de la Naci\u00f3n en \u201cdefensa de la educaci\u00f3n p\u00fablica\u201d. Los gremios docentes agrupados en el\u2026","rel":"","context":"En \u00abProvincia\u00bb","block_context":{"text":"Provincia","link":"https:\/\/www.24baires.com\/?cat=40"},"img":{"alt_text":"","src":"https:\/\/i0.wp.com\/www.24baires.com\/wp-content\/uploads\/2018\/04\/paro-docente.jpg?resize=350%2C200","width":350,"height":200,"srcset":"https:\/\/i0.wp.com\/www.24baires.com\/wp-content\/uploads\/2018\/04\/paro-docente.jpg?resize=350%2C200 1x, https:\/\/i0.wp.com\/www.24baires.com\/wp-content\/uploads\/2018\/04\/paro-docente.jpg?resize=525%2C300 1.5x"},"classes":[]},{"id":121175,"url":"https:\/\/www.24baires.com\/?p=121175","url_meta":{"origin":122630,"position":1},"title":"CTERA anunci\u00f3 un paro nacional docente para el jueves 4 de abril","author":"GB","date":"03\/04\/2024","format":false,"excerpt":"Se trata de una protesta por la eliminaci\u00f3n del FONID y la no convocatoria de la Paritaria Nacional Docente. En protesta por la eliminaci\u00f3n del FONID y la no convocatoria de la Paritaria Nacional Docente, los trabajadores docentes nucleados en CTERA anunciaron un paro nacional para el pr\u00f3ximo jueves 4\u2026","rel":"","context":"En \u00abPol\u00edtica\u00bb","block_context":{"text":"Pol\u00edtica","link":"https:\/\/www.24baires.com\/?cat=51"},"img":{"alt_text":"","src":"https:\/\/i0.wp.com\/www.24baires.com\/wp-content\/uploads\/2024\/02\/ctera.webp?resize=350%2C200","width":350,"height":200,"srcset":"https:\/\/i0.wp.com\/www.24baires.com\/wp-content\/uploads\/2024\/02\/ctera.webp?resize=350%2C200 1x, https:\/\/i0.wp.com\/www.24baires.com\/wp-content\/uploads\/2024\/02\/ctera.webp?resize=525%2C300 1.5x, https:\/\/i0.wp.com\/www.24baires.com\/wp-content\/uploads\/2024\/02\/ctera.webp?resize=700%2C400 2x"},"classes":[]},{"id":93230,"url":"https:\/\/www.24baires.com\/?p=93230","url_meta":{"origin":122630,"position":2},"title":"La Marcha Federal Docente comienza a arribar a Plaza de Mayo","author":"AF","date":"22\/03\/2017","format":false,"excerpt":"La denominada marcha federal educativa, que arranc\u00f3 el martes en el marco de la primera jornada del paro de 48 horas convocado a nivel nacional por los principales gremios docentes, ingresar\u00e1 este mi\u00e9rcoles a la Plaza Mayo con tres columnas provenientes de la Patagonia, de Cuyo y del Nordeste y\u2026","rel":"","context":"En \u00abSociedad\u00bb","block_context":{"text":"Sociedad","link":"https:\/\/www.24baires.com\/?cat=1"},"img":{"alt_text":"","src":"https:\/\/i0.wp.com\/www.24baires.com\/wp-content\/uploads\/2017\/03\/marcha-federal-docente.jpg?resize=350%2C200","width":350,"height":200,"srcset":"https:\/\/i0.wp.com\/www.24baires.com\/wp-content\/uploads\/2017\/03\/marcha-federal-docente.jpg?resize=350%2C200 1x, https:\/\/i0.wp.com\/www.24baires.com\/wp-content\/uploads\/2017\/03\/marcha-federal-docente.jpg?resize=525%2C300 1.5x"},"classes":[]},{"id":92994,"url":"https:\/\/www.24baires.com\/?p=92994","url_meta":{"origin":122630,"position":3},"title":"\u00abSi la Provincia est\u00e1 fundida, la Naci\u00f3n debe auxiliarla\u00bb, consider\u00f3 Baradel","author":"GB","date":"12\/03\/2017","format":false,"excerpt":"Los gremios docentes bonaerenses no asistieron ayer a una nueva reuni\u00f3n con las autoridades provinciales porque les quisieron imponer una conciliaci\u00f3n obligatoria. Habr\u00e1 paro este lunes. La tensi\u00f3n por la paritaria docente se recrudece y esta semana estar\u00e1 signada por nuevos paros y movilizaciones. As\u00ed, los gremios bonaerenses convocaron a\u2026","rel":"","context":"En \u00abProvincia\u00bb","block_context":{"text":"Provincia","link":"https:\/\/www.24baires.com\/?cat=40"},"img":{"alt_text":"","src":"https:\/\/i0.wp.com\/www.24baires.com\/wp-content\/uploads\/2014\/03\/Baradel.jpg?resize=350%2C200","width":350,"height":200},"classes":[]},{"id":104112,"url":"https:\/\/www.24baires.com\/?p=104112","url_meta":{"origin":122630,"position":4},"title":"Naci\u00f3n recibe a los docentes para intentar levantar el paro en las universidades","author":"GB","date":"27\/08\/2018","format":false,"excerpt":"Los profesores reclaman un aumento paritario del 30% con cl\u00e1usula gatillo. El Gobierno ofrece un 15% en tres cuotas. Tras una semana de paro y protestas, el Gobierno nacional recibe hoy desde las 14.30 horas a los gremios de docentes universitarios para intentar destrabar el conflicto que golpea la actividad\u2026","rel":"","context":"En \u00abSociedad\u00bb","block_context":{"text":"Sociedad","link":"https:\/\/www.24baires.com\/?cat=1"},"img":{"alt_text":"","src":"https:\/\/i0.wp.com\/www.24baires.com\/wp-content\/uploads\/2018\/08\/conadu.jpg?resize=350%2C200","width":350,"height":200,"srcset":"https:\/\/i0.wp.com\/www.24baires.com\/wp-content\/uploads\/2018\/08\/conadu.jpg?resize=350%2C200 1x, https:\/\/i0.wp.com\/www.24baires.com\/wp-content\/uploads\/2018\/08\/conadu.jpg?resize=525%2C300 1.5x"},"classes":[]},{"id":102262,"url":"https:\/\/www.24baires.com\/?p=102262","url_meta":{"origin":122630,"position":5},"title":"Comenz\u00f3 la Marcha Federal Educativa que llegar\u00e1 a Plaza de Mayo el mi\u00e9rcoles","author":"AF","date":"21\/05\/2018","format":false,"excerpt":"Los gremios reclaman por paritarias, contra el cierre de institutos de formaci\u00f3n, una nueva ley de financiamiento y en alerta por la vuelta del FMI. Los gremios de distintas provincias empezaron esta ma\u00f1ana la Marcha Federal Educativa, donde los gremios de distintas provincias confluir\u00e1n el mi\u00e9rcoles en Plaza de Mayo,\u2026","rel":"","context":"En \u00abSociedad\u00bb","block_context":{"text":"Sociedad","link":"https:\/\/www.24baires.com\/?cat=1"},"img":{"alt_text":"","src":"https:\/\/i0.wp.com\/www.24baires.com\/wp-content\/uploads\/2017\/03\/marcha-federal-docente.jpg?resize=350%2C200","width":350,"height":200,"srcset":"https:\/\/i0.wp.com\/www.24baires.com\/wp-content\/uploads\/2017\/03\/marcha-federal-docente.jpg?resize=350%2C200 1x, https:\/\/i0.wp.com\/www.24baires.com\/wp-content\/uploads\/2017\/03\/marcha-federal-docente.jpg?resize=525%2C300 1.5x"},"classes":[]}],"jetpack_sharing_enabled":true,"jetpack_likes_enabled":true,"_links":{"self":[{"href":"https:\/\/www.24baires.com\/index.php?rest_route=\/wp\/v2\/posts\/122630","targetHints":{"allow":["GET"]}}],"collection":[{"href":"https:\/\/www.24baires.com\/index.php?rest_route=\/wp\/v2\/posts"}],"about":[{"href":"https:\/\/www.24baires.com\/index.php?rest_route=\/wp\/v2\/types\/post"}],"author":[{"embeddable":true,"href":"https:\/\/www.24baires.com\/index.php?rest_route=\/wp\/v2\/users\/8"}],"replies":[{"embeddable":true,"href":"https:\/\/www.24baires.com\/index.php?rest_route=%2Fwp%2Fv2%2Fcomments&post=122630"}],"version-history":[{"count":1,"href":"https:\/\/www.24baires.com\/index.php?rest_route=\/wp\/v2\/posts\/122630\/revisions"}],"predecessor-version":[{"id":122632,"href":"https:\/\/www.24baires.com\/index.php?rest_route=\/wp\/v2\/posts\/122630\/revisions\/122632"}],"wp:attachment":[{"href":"https:\/\/www.24baires.com\/index.php?rest_route=%2Fwp%2Fv2%2Fmedia&parent=122630"}],"wp:term":[{"taxonomy":"category","embeddable":true,"href":"https:\/\/www.24baires.com\/index.php?rest_route=%2Fwp%2Fv2%2Fcategories&post=122630"},{"taxonomy":"post_tag","embeddable":true,"href":"https:\/\/www.24baires.com\/index.php?rest_route=%2Fwp%2Fv2%2Ftags&post=122630"}],"curies":[{"name":"wp","href":"https:\/\/api.w.org\/{rel}","templated":true}]}}