{"id":122586,"date":"2025-10-02T06:18:02","date_gmt":"2025-10-02T09:18:02","guid":{"rendered":"https:\/\/www.24baires.com\/?p=122586"},"modified":"2025-10-02T06:18:02","modified_gmt":"2025-10-02T09:18:02","slug":"bianco-las-provincias-deben-reclamar-a-nacion-que-modifique-el-rumbo","status":"publish","type":"post","link":"https:\/\/www.24baires.com\/?p=122586","title":{"rendered":"Bianco: \u00abLas provincias deben reclamar a Naci\u00f3n que modifique el rumbo\u00bb"},"content":{"rendered":"<p><img data-recalc-dims=\"1\" loading=\"lazy\" decoding=\"async\" class=\"aligncenter wp-image-122587\" src=\"https:\/\/i0.wp.com\/www.24baires.com\/wp-content\/uploads\/2025\/10\/bianco1.webp?resize=720%2C479\" alt=\"\" width=\"720\" height=\"479\" srcset=\"https:\/\/i0.wp.com\/www.24baires.com\/wp-content\/uploads\/2025\/10\/bianco1.webp?w=800&amp;ssl=1 800w, https:\/\/i0.wp.com\/www.24baires.com\/wp-content\/uploads\/2025\/10\/bianco1.webp?resize=300%2C200&amp;ssl=1 300w, https:\/\/i0.wp.com\/www.24baires.com\/wp-content\/uploads\/2025\/10\/bianco1.webp?resize=768%2C511&amp;ssl=1 768w\" sizes=\"auto, (max-width: 720px) 100vw, 720px\" \/>El ministro de Gobierno bonaerense Carlos Bianco particip\u00f3 de la apertura de la primera Ronda Interprovincial de Negocios, junto a Sergio Ziliotto y m\u00e1s de 150 empresas, y conden\u00f3 la pol\u00edtica econ\u00f3mica de Javier Milei.<!--more--><\/p>\n<p>El ministro de Gobierno de la provincia, Carlos Bianco, particip\u00f3 este mi\u00e9rcoles en Santa Rosa de la apertura de la primera Ronda Interprovincial de Negocios entre Buenos Aires y La Pampa, junto al gobernador Sergio Ziliotto y al ministro bonaerense de Producci\u00f3n, Ciencia e Innovaci\u00f3n Tecnol\u00f3gica, Augusto Costa. El encuentro reuni\u00f3 a m\u00e1s de 150 empresas y cont\u00f3 con la presencia de funcionarios de ambas provincias, representantes de c\u00e1maras empresarias y organismos p\u00fablicos.<\/p>\n<p>Durante su discurso, la mano pol\u00edtica de Axel Kicillof cuestion\u00f3 las medidas adoptadas por el gobierno de Javier Milei en materia productiva: \u201cLamento estas tristes noticias que estoy dando, creo que son vox populi, no estoy diciendo nada que no conozcan ninguno de los empresarios que est\u00e1 ac\u00e1. El contexto macroecon\u00f3mico para la producci\u00f3n nacional hoy es muy muy malo\u201d.<\/p>\n<p>En ese marco, se\u00f1al\u00f3: \u201cDesde las provincias estamos haciendo esfuerzos para mejorar ese contexto con las herramientas limitadas que tenemos, lo estamos haciendo en Buenos Aires, sabemos que se est\u00e1 haciendo en La Pampa y sabemos que lo est\u00e1n haciendo los otros gobernadores\u201d.<\/p>\n","protected":false},"excerpt":{"rendered":"<p>El ministro de Gobierno bonaerense Carlos Bianco particip\u00f3 de la apertura de la primera Ronda Interprovincial de Negocios, junto a Sergio Ziliotto y m\u00e1s de 150 empresas, y conden\u00f3 la pol\u00edtica econ\u00f3mica de Javier Milei.<\/p>\n","protected":false},"author":8,"featured_media":0,"comment_status":"closed","ping_status":"closed","sticky":false,"template":"","format":"standard","meta":{"_jetpack_newsletter_access":"","_jetpack_dont_email_post_to_subs":false,"_jetpack_newsletter_tier_id":0,"_jetpack_memberships_contains_paywalled_content":false,"_jetpack_memberships_contains_paid_content":false,"footnotes":""},"categories":[51],"tags":[],"class_list":["post-122586","post","type-post","status-publish","format-standard","hentry","category-politica"],"jetpack_featured_media_url":"","jetpack_shortlink":"https:\/\/wp.me\/p2JWE0-vTc","jetpack-related-posts":[{"id":121507,"url":"https:\/\/www.24baires.com\/?p=121507","url_meta":{"origin":122586,"position":0},"title":"Provincia participar\u00e1 en la marcha por San Cayetano con su propia columna","author":"GB","date":"06\/08\/2024","format":false,"excerpt":"Funcionarios del gabinete bonaerense estar\u00e1n presentes en la movilizaci\u00f3n de este mi\u00e9rcoles contra las pol\u00edticas del Gobierno nacional. \"Vamos a estar porque corresponde\" manifestaron. El Gobierno bonaerense participar\u00e1 de la movilizaci\u00f3n de este mi\u00e9rcoles 7 de agosto en el marco de la conmemoraci\u00f3n de San Cayetano, organizada por la Uni\u00f3n\u2026","rel":"","context":"En \u00abProvincia\u00bb","block_context":{"text":"Provincia","link":"https:\/\/www.24baires.com\/?cat=40"},"img":{"alt_text":"","src":"https:\/\/i0.wp.com\/www.24baires.com\/wp-content\/uploads\/2024\/08\/san-cayetano.webp?resize=350%2C200","width":350,"height":200,"srcset":"https:\/\/i0.wp.com\/www.24baires.com\/wp-content\/uploads\/2024\/08\/san-cayetano.webp?resize=350%2C200 1x, https:\/\/i0.wp.com\/www.24baires.com\/wp-content\/uploads\/2024\/08\/san-cayetano.webp?resize=525%2C300 1.5x, https:\/\/i0.wp.com\/www.24baires.com\/wp-content\/uploads\/2024\/08\/san-cayetano.webp?resize=700%2C400 2x"},"classes":[]},{"id":122007,"url":"https:\/\/www.24baires.com\/?p=122007","url_meta":{"origin":122586,"position":1},"title":"Desde Provincia advirti\u00f3 sobre la democracia en peligro","author":"GB","date":"30\/01\/2025","format":false,"excerpt":"La movilizaci\u00f3n surge como respuesta a los dichos de Javier Milei en Davos y a iniciativas del gobierno nacional que buscan derogar normativas de protecci\u00f3n a minor\u00edas y derechos de g\u00e9nero. El ministro de Gobierno de la provincia de Buenos Aires, Carlos Bianco, expres\u00f3 su preocupaci\u00f3n por los mensajes emitidos\u2026","rel":"","context":"En \u00abProvincia\u00bb","block_context":{"text":"Provincia","link":"https:\/\/www.24baires.com\/?cat=40"},"img":{"alt_text":"","src":"https:\/\/i0.wp.com\/www.24baires.com\/wp-content\/uploads\/2025\/01\/bianco.webp?resize=350%2C200","width":350,"height":200,"srcset":"https:\/\/i0.wp.com\/www.24baires.com\/wp-content\/uploads\/2025\/01\/bianco.webp?resize=350%2C200 1x, https:\/\/i0.wp.com\/www.24baires.com\/wp-content\/uploads\/2025\/01\/bianco.webp?resize=525%2C300 1.5x, https:\/\/i0.wp.com\/www.24baires.com\/wp-content\/uploads\/2025\/01\/bianco.webp?resize=700%2C400 2x"},"classes":[]},{"id":120766,"url":"https:\/\/www.24baires.com\/?p=120766","url_meta":{"origin":122586,"position":2},"title":"Desde Provincia aseguraron que no aplicar\u00e1n el \u00abProtocolo Anitpiquetes\u00bb","author":"GB","date":"19\/12\/2023","format":false,"excerpt":"As\u00ed lo confirm\u00f3 Carlos BIanco, Ministro de Gobierno de la provincia de Buenos Aires. \"Criminaliza en cierto sentido la protesta\", asegur\u00f3. A tan solo 24 horas de la primera manifestaci\u00f3n en contra del Gobierno de Javier Milei y en medio de la controversia por el protocolo antipiquetes anunciado la semana\u2026","rel":"","context":"En \u00abProvincia\u00bb","block_context":{"text":"Provincia","link":"https:\/\/www.24baires.com\/?cat=40"},"img":{"alt_text":"","src":"https:\/\/i0.wp.com\/www.24baires.com\/wp-content\/uploads\/2020\/06\/bianco-1.jpg?resize=350%2C200","width":350,"height":200,"srcset":"https:\/\/i0.wp.com\/www.24baires.com\/wp-content\/uploads\/2020\/06\/bianco-1.jpg?resize=350%2C200 1x, https:\/\/i0.wp.com\/www.24baires.com\/wp-content\/uploads\/2020\/06\/bianco-1.jpg?resize=525%2C300 1.5x, https:\/\/i0.wp.com\/www.24baires.com\/wp-content\/uploads\/2020\/06\/bianco-1.jpg?resize=700%2C400 2x"},"classes":[]},{"id":121488,"url":"https:\/\/www.24baires.com\/?p=121488","url_meta":{"origin":122586,"position":3},"title":"Bianco confirm\u00f3 que el RIGI bonaerense: \u00abEst\u00e1 avanzado\u00bb","author":"GB","date":"30\/07\/2024","format":false,"excerpt":"El ministro Carlos Bianco defendi\u00f3 la elecci\u00f3n de Bah\u00eda Blanca para la planta de Gas Natural Licuado (GNL) y anunci\u00f3 una invitaci\u00f3n a los bloques opositores para visitar la ciudad y conocer de cerca el proyecto. Los ministros bonaerenses del Gabinete del gobernador Axel Kicillof participaron nuevamente de la conferencia\u2026","rel":"","context":"En \u00abPol\u00edtica\u00bb","block_context":{"text":"Pol\u00edtica","link":"https:\/\/www.24baires.com\/?cat=51"},"img":{"alt_text":"","src":"https:\/\/i0.wp.com\/www.24baires.com\/wp-content\/uploads\/2020\/06\/bianco-1.jpg?resize=350%2C200","width":350,"height":200,"srcset":"https:\/\/i0.wp.com\/www.24baires.com\/wp-content\/uploads\/2020\/06\/bianco-1.jpg?resize=350%2C200 1x, https:\/\/i0.wp.com\/www.24baires.com\/wp-content\/uploads\/2020\/06\/bianco-1.jpg?resize=525%2C300 1.5x, https:\/\/i0.wp.com\/www.24baires.com\/wp-content\/uploads\/2020\/06\/bianco-1.jpg?resize=700%2C400 2x"},"classes":[]},{"id":121598,"url":"https:\/\/www.24baires.com\/?p=121598","url_meta":{"origin":122586,"position":4},"title":"Provincia lanz\u00f3 el \u00abRIGI Bonaerense\u00bb para la industria","author":"GB","date":"03\/09\/2024","format":false,"excerpt":"El gobierno de Axel Kicillof present\u00f3 los lineamientos del \"RIGI bonaerense\". Ser\u00e1 para quienes \"cumplan con los objetivos de la provincia\". En el marco de una jornada en defensa de la industria nacional - coincidente con el D\u00eda de la Industria- llevada a cabo en Ituzaing\u00f3, el gobierno de Axel\u2026","rel":"","context":"En \u00abProvincia\u00bb","block_context":{"text":"Provincia","link":"https:\/\/www.24baires.com\/?cat=40"},"img":{"alt_text":"","src":"https:\/\/i0.wp.com\/www.24baires.com\/wp-content\/uploads\/2024\/09\/rigi-bona.webp?resize=350%2C200","width":350,"height":200,"srcset":"https:\/\/i0.wp.com\/www.24baires.com\/wp-content\/uploads\/2024\/09\/rigi-bona.webp?resize=350%2C200 1x, https:\/\/i0.wp.com\/www.24baires.com\/wp-content\/uploads\/2024\/09\/rigi-bona.webp?resize=525%2C300 1.5x, https:\/\/i0.wp.com\/www.24baires.com\/wp-content\/uploads\/2024\/09\/rigi-bona.webp?resize=700%2C400 2x"},"classes":[]},{"id":120591,"url":"https:\/\/www.24baires.com\/?p=120591","url_meta":{"origin":122586,"position":5},"title":"Massa y Kicillof pidieron a los intendentes redoblar esfuerzos para ganar el balotaje","author":"AF","date":"25\/10\/2023","format":false,"excerpt":"El candidato y el gobernador reelecto se mostraron en la primera foto juntos tras el triunfo del domingo. M\u00e1s de 80 intendentes comunales participaron del encuentro. Contraste con el conflicto en Juntos por el Cambio. El ministro de Econom\u00eda y candidato a presidente de Uni\u00f3n por la Patria (UxP), Sergio\u2026","rel":"","context":"En \u00abPol\u00edtica\u00bb","block_context":{"text":"Pol\u00edtica","link":"https:\/\/www.24baires.com\/?cat=51"},"img":{"alt_text":"","src":"https:\/\/i0.wp.com\/www.24baires.com\/wp-content\/uploads\/2023\/10\/massa-kici.jpg?resize=350%2C200","width":350,"height":200,"srcset":"https:\/\/i0.wp.com\/www.24baires.com\/wp-content\/uploads\/2023\/10\/massa-kici.jpg?resize=350%2C200 1x, https:\/\/i0.wp.com\/www.24baires.com\/wp-content\/uploads\/2023\/10\/massa-kici.jpg?resize=525%2C300 1.5x, https:\/\/i0.wp.com\/www.24baires.com\/wp-content\/uploads\/2023\/10\/massa-kici.jpg?resize=700%2C400 2x"},"classes":[]}],"jetpack_sharing_enabled":true,"jetpack_likes_enabled":true,"_links":{"self":[{"href":"https:\/\/www.24baires.com\/index.php?rest_route=\/wp\/v2\/posts\/122586","targetHints":{"allow":["GET"]}}],"collection":[{"href":"https:\/\/www.24baires.com\/index.php?rest_route=\/wp\/v2\/posts"}],"about":[{"href":"https:\/\/www.24baires.com\/index.php?rest_route=\/wp\/v2\/types\/post"}],"author":[{"embeddable":true,"href":"https:\/\/www.24baires.com\/index.php?rest_route=\/wp\/v2\/users\/8"}],"replies":[{"embeddable":true,"href":"https:\/\/www.24baires.com\/index.php?rest_route=%2Fwp%2Fv2%2Fcomments&post=122586"}],"version-history":[{"count":1,"href":"https:\/\/www.24baires.com\/index.php?rest_route=\/wp\/v2\/posts\/122586\/revisions"}],"predecessor-version":[{"id":122588,"href":"https:\/\/www.24baires.com\/index.php?rest_route=\/wp\/v2\/posts\/122586\/revisions\/122588"}],"wp:attachment":[{"href":"https:\/\/www.24baires.com\/index.php?rest_route=%2Fwp%2Fv2%2Fmedia&parent=122586"}],"wp:term":[{"taxonomy":"category","embeddable":true,"href":"https:\/\/www.24baires.com\/index.php?rest_route=%2Fwp%2Fv2%2Fcategories&post=122586"},{"taxonomy":"post_tag","embeddable":true,"href":"https:\/\/www.24baires.com\/index.php?rest_route=%2Fwp%2Fv2%2Ftags&post=122586"}],"curies":[{"name":"wp","href":"https:\/\/api.w.org\/{rel}","templated":true}]}}