{"id":122552,"date":"2025-09-18T06:37:23","date_gmt":"2025-09-18T09:37:23","guid":{"rendered":"https:\/\/www.24baires.com\/?p=122552"},"modified":"2025-09-18T06:37:23","modified_gmt":"2025-09-18T09:37:23","slug":"kicillof-llamo-a-una-cumbre-y-busca-que-los-intendentes-empujen-la-eleccion-en-octubre","status":"publish","type":"post","link":"https:\/\/www.24baires.com\/?p=122552","title":{"rendered":"Kicillof llam\u00f3 a una cumbre y busca que los intendentes empujen la elecci\u00f3n en octubre"},"content":{"rendered":"<p><img data-recalc-dims=\"1\" loading=\"lazy\" decoding=\"async\" class=\"aligncenter wp-image-122553\" src=\"https:\/\/i0.wp.com\/www.24baires.com\/wp-content\/uploads\/2025\/09\/axel-intendentes.jpg?resize=720%2C480\" alt=\"\" width=\"720\" height=\"480\" srcset=\"https:\/\/i0.wp.com\/www.24baires.com\/wp-content\/uploads\/2025\/09\/axel-intendentes.jpg?w=1600&amp;ssl=1 1600w, https:\/\/i0.wp.com\/www.24baires.com\/wp-content\/uploads\/2025\/09\/axel-intendentes.jpg?resize=300%2C200&amp;ssl=1 300w, https:\/\/i0.wp.com\/www.24baires.com\/wp-content\/uploads\/2025\/09\/axel-intendentes.jpg?resize=1024%2C682&amp;ssl=1 1024w, https:\/\/i0.wp.com\/www.24baires.com\/wp-content\/uploads\/2025\/09\/axel-intendentes.jpg?resize=768%2C512&amp;ssl=1 768w, https:\/\/i0.wp.com\/www.24baires.com\/wp-content\/uploads\/2025\/09\/axel-intendentes.jpg?resize=1536%2C1023&amp;ssl=1 1536w\" sizes=\"auto, (max-width: 720px) 100vw, 720px\" \/>Ser\u00e1 este viernes en Ensenada y estar\u00e1n presentes intendentes, legisladores nacionales y provinciales de todas las tribus junto a los candidatos de Fuerza Patria por la provincia de Buenos Aires.<!--more--><\/p>\n<p>Axel Kicillof respondi\u00f3 al pedido de diferentes sectores del peronismo y convoc\u00f3 a un cumbre de Fuerza Patria para ordenar la campa\u00f1a electoral de cara a las elecciones nacionales de octubre.<\/p>\n<p>Seg\u00fan pudo saber Infocielo, el encuentro tendr\u00e1 lugar este viernes en el camping del Sindicato de Obras Sanitarias de la Provincia de Buenos Aires (SOSBA), ubicado en la localidad de Ensenada.<\/p>\n<p>Al evento, programado para las 13:30, fueron invitados intendentes, legisladores nacionales y provinciales, primeros concejales en distritos no gobernados por el peronismo y los candidatos a diputados nacionales por la provincia de Buenos Aires de Fuerza Patria.<\/p>\n<p>\u201cVa a ser una reuni\u00f3n de trabajo con intendentes y candidatos para el sprint final de la campa\u00f1a\u201d explicaron desde Calle 6.<\/p>\n<p>Cabe recordar que tras el triunfo en el mes de septiembre y una campa\u00f1a provincial en la que Axel Kicillof mostr\u00f3 un fuerte protagonismo pese a no ser candidato- literalmente afirm\u00f3 que se puso la \u2018campa\u00f1a al hombro\u2019- y el triunfo que valid\u00f3 su decisi\u00f3n de desdoblar los comicios, el mandatario provincial se mantuvo en modo \u201cproselitista\u201d y comparti\u00f3 varias actividades con el primer candidato a diputado nacional, Jorge Taiana.<\/p>\n","protected":false},"excerpt":{"rendered":"<p>Ser\u00e1 este viernes en Ensenada y estar\u00e1n presentes intendentes, legisladores nacionales y provinciales de todas las tribus junto a los candidatos de Fuerza Patria por la provincia de Buenos Aires.<\/p>\n","protected":false},"author":8,"featured_media":0,"comment_status":"closed","ping_status":"closed","sticky":false,"template":"","format":"standard","meta":{"_jetpack_newsletter_access":"","_jetpack_dont_email_post_to_subs":false,"_jetpack_newsletter_tier_id":0,"_jetpack_memberships_contains_paywalled_content":false,"_jetpack_memberships_contains_paid_content":false,"footnotes":""},"categories":[40],"tags":[],"class_list":["post-122552","post","type-post","status-publish","format-standard","hentry","category-provincia"],"jetpack_featured_media_url":"","jetpack_shortlink":"https:\/\/wp.me\/p2JWE0-vSE","jetpack-related-posts":[{"id":122526,"url":"https:\/\/www.24baires.com\/?p=122526","url_meta":{"origin":122552,"position":0},"title":"Kicillof sali\u00f3 fortalecido tras el triunfo bonaerense: \u201cTuvimos una victoria aplastante\u201d","author":"GB","date":"08\/09\/2025","format":false,"excerpt":"Con una victoria en 6 de 8 secciones y ante un bunker repleto en La Plata, el gobernador celebr\u00f3 el triunfo de Fuerza Patria y dej\u00f3 un mensaje al Presidente: \u201cMilei espero el llamado, ten\u00e9 el coraje de reunirte para trabajar y ponerte de acuerdo El gobernador de la provincia\u2026","rel":"","context":"En \u00abProvincia\u00bb","block_context":{"text":"Provincia","link":"https:\/\/www.24baires.com\/?cat=40"},"img":{"alt_text":"","src":"https:\/\/i0.wp.com\/www.24baires.com\/wp-content\/uploads\/2025\/09\/kici-bunker.jpg?resize=350%2C200","width":350,"height":200,"srcset":"https:\/\/i0.wp.com\/www.24baires.com\/wp-content\/uploads\/2025\/09\/kici-bunker.jpg?resize=350%2C200 1x, https:\/\/i0.wp.com\/www.24baires.com\/wp-content\/uploads\/2025\/09\/kici-bunker.jpg?resize=525%2C300 1.5x, https:\/\/i0.wp.com\/www.24baires.com\/wp-content\/uploads\/2025\/09\/kici-bunker.jpg?resize=700%2C400 2x"},"classes":[]},{"id":120505,"url":"https:\/\/www.24baires.com\/?p=120505","url_meta":{"origin":122552,"position":1},"title":"Kicillof: \u00abNadie viene a atrincherarse, vamos a convertir a la provincia en la locomotora del triunfo\u00bb","author":"GB","date":"28\/09\/2023","format":false,"excerpt":"Intendentes, sindicalistas, movimientos sociales se congregan en Ensenada para un mega acto de relanzamiento de campa\u00f1a de Sergio Massa y Axel Kicillof. Junto al ministro de Econom\u00eda y candidato presidencial de Uni\u00f3n por la Patria, Sergio Massa, el gobernador de la provincia de Buenos Aires, Axel Kicillof, fue uno de\u2026","rel":"","context":"En \u00abProvincia\u00bb","block_context":{"text":"Provincia","link":"https:\/\/www.24baires.com\/?cat=40"},"img":{"alt_text":"","src":"https:\/\/i0.wp.com\/www.24baires.com\/wp-content\/uploads\/2023\/09\/kicillof.webp?resize=350%2C200","width":350,"height":200,"srcset":"https:\/\/i0.wp.com\/www.24baires.com\/wp-content\/uploads\/2023\/09\/kicillof.webp?resize=350%2C200 1x, https:\/\/i0.wp.com\/www.24baires.com\/wp-content\/uploads\/2023\/09\/kicillof.webp?resize=525%2C300 1.5x, https:\/\/i0.wp.com\/www.24baires.com\/wp-content\/uploads\/2023\/09\/kicillof.webp?resize=700%2C400 2x"},"classes":[]},{"id":122660,"url":"https:\/\/www.24baires.com\/?p=122660","url_meta":{"origin":122552,"position":2},"title":"Gran remontada de La Libertad Avanza que se impuso por medio punto al peronismo en la Provincia","author":"GB","date":"27\/10\/2025","format":false,"excerpt":"Los libertarios lograron un fuerte repunte tras la derrota de septiembre. Pelea voto a voto con Fuerza Patria. La Libertad Avanza logr\u00f3 una sensible recuperaci\u00f3n tras la derrota de 13 puntos en el mes de septiembre en la provincia de Buenos Aires y se impuso este domingo por 0,5% al\u2026","rel":"","context":"En \u00abElecciones\u00bb","block_context":{"text":"Elecciones","link":"https:\/\/www.24baires.com\/?cat=316"},"img":{"alt_text":"","src":"https:\/\/i0.wp.com\/www.24baires.com\/wp-content\/uploads\/2025\/10\/lla.jpg?resize=350%2C200","width":350,"height":200,"srcset":"https:\/\/i0.wp.com\/www.24baires.com\/wp-content\/uploads\/2025\/10\/lla.jpg?resize=350%2C200 1x, https:\/\/i0.wp.com\/www.24baires.com\/wp-content\/uploads\/2025\/10\/lla.jpg?resize=525%2C300 1.5x, https:\/\/i0.wp.com\/www.24baires.com\/wp-content\/uploads\/2025\/10\/lla.jpg?resize=700%2C400 2x"},"classes":[]},{"id":108380,"url":"https:\/\/www.24baires.com\/?p=108380","url_meta":{"origin":122552,"position":3},"title":"Reuni\u00f3n de Alberto Fern\u00e1ndez con intendentes del PJ bonaerense","author":"AF","date":"24\/05\/2019","format":false,"excerpt":"El precandidato presidencial Alberto Fern\u00e1ndez se reuni\u00f3 este mediod\u00eda con intendentes y legisladores peronistas en la localidad de San Antonio de Areco con la mirada puesta en recuperar los votos perdidos por el kirchnerismo en el interior rural bonaerense y continuar el debate respecto de la candidatura para gobernador. \"El\u2026","rel":"","context":"En \u00abPol\u00edtica\u00bb","block_context":{"text":"Pol\u00edtica","link":"https:\/\/www.24baires.com\/?cat=51"},"img":{"alt_text":"","src":"https:\/\/i0.wp.com\/www.24baires.com\/wp-content\/uploads\/2019\/05\/alberto-fernandez-intendentes-bonaerenses.jpg?resize=350%2C200","width":350,"height":200,"srcset":"https:\/\/i0.wp.com\/www.24baires.com\/wp-content\/uploads\/2019\/05\/alberto-fernandez-intendentes-bonaerenses.jpg?resize=350%2C200 1x, https:\/\/i0.wp.com\/www.24baires.com\/wp-content\/uploads\/2019\/05\/alberto-fernandez-intendentes-bonaerenses.jpg?resize=525%2C300 1.5x"},"classes":[]},{"id":122484,"url":"https:\/\/www.24baires.com\/?p=122484","url_meta":{"origin":122552,"position":4},"title":"El peronismo tuvo su acto en defensa de la salud p\u00fablica","author":"GB","date":"28\/08\/2025","format":false,"excerpt":"En el escenario hubo dirigentes y trabajadores del sistema de salud que integran la lista de Fuerza Patria. \u201cTenemos que explicar que la salud y la educaci\u00f3n p\u00fablica son cosas que hay defender en las urnas y en las calles\u201d sostuvo el gobernador. El peronismo bonaerense tuvo este mi\u00e9rcoles un\u2026","rel":"","context":"En \u00abProvincia\u00bb","block_context":{"text":"Provincia","link":"https:\/\/www.24baires.com\/?cat=40"},"img":{"alt_text":"","src":"https:\/\/i0.wp.com\/www.24baires.com\/wp-content\/uploads\/2025\/08\/campana-peronismo.jpg?resize=350%2C200","width":350,"height":200,"srcset":"https:\/\/i0.wp.com\/www.24baires.com\/wp-content\/uploads\/2025\/08\/campana-peronismo.jpg?resize=350%2C200 1x, https:\/\/i0.wp.com\/www.24baires.com\/wp-content\/uploads\/2025\/08\/campana-peronismo.jpg?resize=525%2C300 1.5x, https:\/\/i0.wp.com\/www.24baires.com\/wp-content\/uploads\/2025\/08\/campana-peronismo.jpg?resize=700%2C400 2x"},"classes":[]},{"id":120591,"url":"https:\/\/www.24baires.com\/?p=120591","url_meta":{"origin":122552,"position":5},"title":"Massa y Kicillof pidieron a los intendentes redoblar esfuerzos para ganar el balotaje","author":"AF","date":"25\/10\/2023","format":false,"excerpt":"El candidato y el gobernador reelecto se mostraron en la primera foto juntos tras el triunfo del domingo. M\u00e1s de 80 intendentes comunales participaron del encuentro. Contraste con el conflicto en Juntos por el Cambio. El ministro de Econom\u00eda y candidato a presidente de Uni\u00f3n por la Patria (UxP), Sergio\u2026","rel":"","context":"En \u00abPol\u00edtica\u00bb","block_context":{"text":"Pol\u00edtica","link":"https:\/\/www.24baires.com\/?cat=51"},"img":{"alt_text":"","src":"https:\/\/i0.wp.com\/www.24baires.com\/wp-content\/uploads\/2023\/10\/massa-kici.jpg?resize=350%2C200","width":350,"height":200,"srcset":"https:\/\/i0.wp.com\/www.24baires.com\/wp-content\/uploads\/2023\/10\/massa-kici.jpg?resize=350%2C200 1x, https:\/\/i0.wp.com\/www.24baires.com\/wp-content\/uploads\/2023\/10\/massa-kici.jpg?resize=525%2C300 1.5x, https:\/\/i0.wp.com\/www.24baires.com\/wp-content\/uploads\/2023\/10\/massa-kici.jpg?resize=700%2C400 2x"},"classes":[]}],"jetpack_sharing_enabled":true,"jetpack_likes_enabled":true,"_links":{"self":[{"href":"https:\/\/www.24baires.com\/index.php?rest_route=\/wp\/v2\/posts\/122552","targetHints":{"allow":["GET"]}}],"collection":[{"href":"https:\/\/www.24baires.com\/index.php?rest_route=\/wp\/v2\/posts"}],"about":[{"href":"https:\/\/www.24baires.com\/index.php?rest_route=\/wp\/v2\/types\/post"}],"author":[{"embeddable":true,"href":"https:\/\/www.24baires.com\/index.php?rest_route=\/wp\/v2\/users\/8"}],"replies":[{"embeddable":true,"href":"https:\/\/www.24baires.com\/index.php?rest_route=%2Fwp%2Fv2%2Fcomments&post=122552"}],"version-history":[{"count":1,"href":"https:\/\/www.24baires.com\/index.php?rest_route=\/wp\/v2\/posts\/122552\/revisions"}],"predecessor-version":[{"id":122554,"href":"https:\/\/www.24baires.com\/index.php?rest_route=\/wp\/v2\/posts\/122552\/revisions\/122554"}],"wp:attachment":[{"href":"https:\/\/www.24baires.com\/index.php?rest_route=%2Fwp%2Fv2%2Fmedia&parent=122552"}],"wp:term":[{"taxonomy":"category","embeddable":true,"href":"https:\/\/www.24baires.com\/index.php?rest_route=%2Fwp%2Fv2%2Fcategories&post=122552"},{"taxonomy":"post_tag","embeddable":true,"href":"https:\/\/www.24baires.com\/index.php?rest_route=%2Fwp%2Fv2%2Ftags&post=122552"}],"curies":[{"name":"wp","href":"https:\/\/api.w.org\/{rel}","templated":true}]}}