{"id":122547,"date":"2025-09-17T06:23:00","date_gmt":"2025-09-17T09:23:00","guid":{"rendered":"https:\/\/www.24baires.com\/?p=122547"},"modified":"2025-09-17T06:23:00","modified_gmt":"2025-09-17T09:23:00","slug":"el-gobierno-nacional-insiste-con-la-eliminacion-de-la-zona-fria","status":"publish","type":"post","link":"https:\/\/www.24baires.com\/?p=122547","title":{"rendered":"El Gobierno nacional insiste con la eliminaci\u00f3n de la Zona Fr\u00eda"},"content":{"rendered":"<p><img data-recalc-dims=\"1\" loading=\"lazy\" decoding=\"async\" class=\"aligncenter wp-image-86720\" src=\"https:\/\/i0.wp.com\/www.24baires.com\/wp-content\/uploads\/2016\/08\/gas.jpg?resize=720%2C405\" alt=\"\" width=\"720\" height=\"405\" srcset=\"https:\/\/i0.wp.com\/www.24baires.com\/wp-content\/uploads\/2016\/08\/gas.jpg?w=560&amp;ssl=1 560w, https:\/\/i0.wp.com\/www.24baires.com\/wp-content\/uploads\/2016\/08\/gas.jpg?resize=300%2C169&amp;ssl=1 300w\" sizes=\"auto, (max-width: 720px) 100vw, 720px\" \/>En la cadena nacional el presidente anunci\u00f3 la derogaci\u00f3n de varios art\u00edculos de la ley que garantizan el acceso a m\u00e1s de 90 municipios de la provincia de Buenos Aires.<!--more--><\/p>\n<p>Desde la asunci\u00f3n de Javier Milei, el gobierno tiene como objetivo la derogaci\u00f3n de la Ley de la Zona Fr\u00eda. La misma otorga un descuento que va del 30% al 50% para los usuarios. Ayer, el presidente anunci\u00f3 la anulaci\u00f3n de art\u00edculos claves, dejando a m\u00e1s de 90 municipios bonaerenses a la deriva.<\/p>\n<p>Avanzaron con la revocaci\u00f3n al suprimir los art\u00edculos 4\u00ba, 5\u00ba, 6\u00ba, 7\u00ba y 8\u00ba de la Ley N\u00ba 27.637. De esta manera, quedar\u00edan sin asistencia gran parte de los distritos de la provincia de Buenos Aires, volviendo a lo estipulado en 2002, cuando solo se le otorgaba el beneficio a la Patagonia, La Puna y Malarg\u00fce.<\/p>\n<p>En la Ley de Bases ya estaba contemplada una supresi\u00f3n, aunque a pedido de los gobernadores qued\u00f3 en la nada. Sin embargo, la amenaza siempre estuvo latente.<\/p>\n<p>En medio de la ola polar que azot\u00f3 la provincia de Buenos Aires en julio, el Ejecutivo hab\u00eda advertido con la quita, lo que hizo que varios intendentes del interior se pronunciaran, ya que de concretarse dejar\u00eda sin subsidio a sectores que registran -5\u00b0.<\/p>\n<p>El intendente de Salliquel\u00f3, Ariel Sucurro, hab\u00eda expresado que hay \u201cque luchar entre todos para defender estos beneficios porque no se van a poder pagar las tarifas\u201d.<\/p>\n<p>Por otro lado, el jefe comunal de Pehuaj\u00f3, Pablo Zurro, cuestion\u00f3 la decisi\u00f3n: \u201cQuieren quitarnos un derecho adquirido, un beneficio que les corresponde a los vecinos de Pehuaj\u00f3 y de muchos otros distritos\u201d.<\/p>\n","protected":false},"excerpt":{"rendered":"<p>En la cadena nacional el presidente anunci\u00f3 la derogaci\u00f3n de varios art\u00edculos de la ley que garantizan el acceso a m\u00e1s de 90 municipios de la provincia de Buenos Aires.<\/p>\n","protected":false},"author":8,"featured_media":0,"comment_status":"closed","ping_status":"closed","sticky":false,"template":"","format":"standard","meta":{"_jetpack_newsletter_access":"","_jetpack_dont_email_post_to_subs":false,"_jetpack_newsletter_tier_id":0,"_jetpack_memberships_contains_paywalled_content":false,"_jetpack_memberships_contains_paid_content":false,"footnotes":""},"categories":[78],"tags":[],"class_list":["post-122547","post","type-post","status-publish","format-standard","hentry","category-consumidores"],"jetpack_featured_media_url":"","jetpack_shortlink":"https:\/\/wp.me\/p2JWE0-vSz","jetpack-related-posts":[{"id":120785,"url":"https:\/\/www.24baires.com\/?p=120785","url_meta":{"origin":122547,"position":0},"title":"Paro de estatales de ATE en la Provincia en rechazo al DNU de Milei","author":"GB","date":"22\/12\/2023","format":false,"excerpt":"La Asociaci\u00f3n de Trabajadores del Estado (ATE) bonaerense realizar\u00e1 una medida de fuerza este viernes que afectar\u00e1 a la administraci\u00f3n Kicillof. La acci\u00f3n, que incluir\u00e1 cortes en la Autopista La Plata - Buenos Aires, ser\u00e1 contra el \"decretazo\" que el Presidente firm\u00f3 la noche del mi\u00e9rcoles y que incluye la\u2026","rel":"","context":"En \u00abPol\u00edtica\u00bb","block_context":{"text":"Pol\u00edtica","link":"https:\/\/www.24baires.com\/?cat=51"},"img":{"alt_text":"","src":"https:\/\/i0.wp.com\/www.24baires.com\/wp-content\/uploads\/2019\/04\/estatales-ate.jpg?resize=350%2C200","width":350,"height":200,"srcset":"https:\/\/i0.wp.com\/www.24baires.com\/wp-content\/uploads\/2019\/04\/estatales-ate.jpg?resize=350%2C200 1x, https:\/\/i0.wp.com\/www.24baires.com\/wp-content\/uploads\/2019\/04\/estatales-ate.jpg?resize=525%2C300 1.5x, https:\/\/i0.wp.com\/www.24baires.com\/wp-content\/uploads\/2019\/04\/estatales-ate.jpg?resize=700%2C400 2x"},"classes":[]},{"id":104536,"url":"https:\/\/www.24baires.com\/?p=104536","url_meta":{"origin":122547,"position":1},"title":"El Gobierno compensar\u00e1 en parte lo que les quit\u00f3 a las provincias del fondo sojero","author":"AF","date":"18\/09\/2018","format":false,"excerpt":"El Gobierno girar\u00e1 a las provincias 4125 millones de pesos para compensar, en parte, la p\u00e9rdida de recursos que implica la eliminaci\u00f3n del Fondo Federal Solidario, tambi\u00e9n llamado Fondo Sojero, por el cual las administraciones provinciales y municipales recib\u00edan unos 6200 millones de pesos. A cambio de la compensaci\u00f3n parcial,\u2026","rel":"","context":"En \u00abPol\u00edtica\u00bb","block_context":{"text":"Pol\u00edtica","link":"https:\/\/www.24baires.com\/?cat=51"},"img":{"alt_text":"","src":"https:\/\/i0.wp.com\/www.24baires.com\/wp-content\/uploads\/2018\/09\/na02fo01_9.jpg?resize=350%2C200","width":350,"height":200,"srcset":"https:\/\/i0.wp.com\/www.24baires.com\/wp-content\/uploads\/2018\/09\/na02fo01_9.jpg?resize=350%2C200 1x, https:\/\/i0.wp.com\/www.24baires.com\/wp-content\/uploads\/2018\/09\/na02fo01_9.jpg?resize=525%2C300 1.5x"},"classes":[]},{"id":118742,"url":"https:\/\/www.24baires.com\/?p=118742","url_meta":{"origin":122547,"position":2},"title":"\u00abLos acuerdos del Gobierno nacional son ley y los vamos a hacer cumplir\u00bb","author":"AF","date":"12\/04\/2022","format":false,"excerpt":"El gobernador de la provincia de Buenos Aires realiz\u00f3 estas declaraciones al encabezar un acto en el municipio de Ensenada, donde adem\u00e1s asegur\u00f3 que su administraci\u00f3n lanzar\u00e1 \"un programa de relevamiento y fiscalizaci\u00f3n de precios de las canastas\". El gobernador de la provincia de Buenos Aires, Axel Kicillof, asegur\u00f3 este\u2026","rel":"","context":"En \u00abProvincia\u00bb","block_context":{"text":"Provincia","link":"https:\/\/www.24baires.com\/?cat=40"},"img":{"alt_text":"","src":"https:\/\/i0.wp.com\/www.24baires.com\/wp-content\/uploads\/2021\/02\/kici-vacuna.jpeg?resize=350%2C200","width":350,"height":200,"srcset":"https:\/\/i0.wp.com\/www.24baires.com\/wp-content\/uploads\/2021\/02\/kici-vacuna.jpeg?resize=350%2C200 1x, https:\/\/i0.wp.com\/www.24baires.com\/wp-content\/uploads\/2021\/02\/kici-vacuna.jpeg?resize=525%2C300 1.5x"},"classes":[]},{"id":114637,"url":"https:\/\/www.24baires.com\/?p=114637","url_meta":{"origin":122547,"position":3},"title":"Kicillof record\u00f3 que ya existe una herramienta para que los intendentes controlen los precios","author":"GB","date":"07\/04\/2020","format":false,"excerpt":"El Gobernador record\u00f3 que, por decreto, lanz\u00f3 un sistema de monitoreo de precios m\u00e1ximos con participaci\u00f3n de los jefes comunales. S\u00ed admiti\u00f3 que una ley nacional puede ayudar a revisar la cadena de formaci\u00f3n de valor. Controlar el aumento de precios, esa es la cuesti\u00f3n. Mientras los intendentes esperan un\u2026","rel":"","context":"En \u00abProvincia\u00bb","block_context":{"text":"Provincia","link":"https:\/\/www.24baires.com\/?cat=40"},"img":{"alt_text":"","src":"https:\/\/i0.wp.com\/www.24baires.com\/wp-content\/uploads\/2020\/04\/kicillof.jpeg?resize=350%2C200","width":350,"height":200,"srcset":"https:\/\/i0.wp.com\/www.24baires.com\/wp-content\/uploads\/2020\/04\/kicillof.jpeg?resize=350%2C200 1x, https:\/\/i0.wp.com\/www.24baires.com\/wp-content\/uploads\/2020\/04\/kicillof.jpeg?resize=525%2C300 1.5x"},"classes":[]},{"id":122368,"url":"https:\/\/www.24baires.com\/?p=122368","url_meta":{"origin":122547,"position":4},"title":"El Gobierno busca eliminar subsidios del r\u00e9gimen de Zona Fr\u00eda en 77 distritos bonaerenses","author":"GB","date":"30\/06\/2025","format":false,"excerpt":"La administraci\u00f3n nacional analiza derogar por DNU la ampliaci\u00f3n aprobada en 2021, que sum\u00f3 3,1 millones de beneficiarios. El Gobierno nacional analiza avanzar por decreto con la eliminaci\u00f3n de los beneficios otorgados por la Ley 27.637, que en 2021 ampli\u00f3 el r\u00e9gimen de Zona Fr\u00eda e incorpor\u00f3 subsidios al consumo\u2026","rel":"","context":"En \u00abProvincia\u00bb","block_context":{"text":"Provincia","link":"https:\/\/www.24baires.com\/?cat=40"},"img":{"alt_text":"","src":"https:\/\/i0.wp.com\/www.24baires.com\/wp-content\/uploads\/2016\/08\/gas.jpg?resize=350%2C200","width":350,"height":200,"srcset":"https:\/\/i0.wp.com\/www.24baires.com\/wp-content\/uploads\/2016\/08\/gas.jpg?resize=350%2C200 1x, https:\/\/i0.wp.com\/www.24baires.com\/wp-content\/uploads\/2016\/08\/gas.jpg?resize=525%2C300 1.5x, https:\/\/i0.wp.com\/www.24baires.com\/wp-content\/uploads\/2016\/08\/gas.jpg?resize=700%2C400 2x"},"classes":[]},{"id":120893,"url":"https:\/\/www.24baires.com\/?p=120893","url_meta":{"origin":122547,"position":5},"title":"Milei propuso eliminar la \u00abzona fr\u00eda\u00bb y varios distritos bonaerenses sufrir\u00e1n fuertes aumentos","author":"GB","date":"23\/01\/2024","format":false,"excerpt":"As\u00ed lo estableci\u00f3 el jefe de Estado en el proyecto de Ley \u00f3mnibus, que habilita a eliminar el beneficio que se estableci\u00f3 en 2021. Cerca de un centenar de municipios, que incluyen a General Pueyrredon, podr\u00edan sufrir aumentos exponenciales en las pr\u00f3ximas facturas de gas, ya que Javier Milei estableci\u00f3\u2026","rel":"","context":"En \u00abConsumidores\u00bb","block_context":{"text":"Consumidores","link":"https:\/\/www.24baires.com\/?cat=78"},"img":{"alt_text":"","src":"https:\/\/i0.wp.com\/www.24baires.com\/wp-content\/uploads\/2016\/08\/gas.jpg?resize=350%2C200","width":350,"height":200,"srcset":"https:\/\/i0.wp.com\/www.24baires.com\/wp-content\/uploads\/2016\/08\/gas.jpg?resize=350%2C200 1x, https:\/\/i0.wp.com\/www.24baires.com\/wp-content\/uploads\/2016\/08\/gas.jpg?resize=525%2C300 1.5x, https:\/\/i0.wp.com\/www.24baires.com\/wp-content\/uploads\/2016\/08\/gas.jpg?resize=700%2C400 2x"},"classes":[]}],"jetpack_sharing_enabled":true,"jetpack_likes_enabled":true,"_links":{"self":[{"href":"https:\/\/www.24baires.com\/index.php?rest_route=\/wp\/v2\/posts\/122547","targetHints":{"allow":["GET"]}}],"collection":[{"href":"https:\/\/www.24baires.com\/index.php?rest_route=\/wp\/v2\/posts"}],"about":[{"href":"https:\/\/www.24baires.com\/index.php?rest_route=\/wp\/v2\/types\/post"}],"author":[{"embeddable":true,"href":"https:\/\/www.24baires.com\/index.php?rest_route=\/wp\/v2\/users\/8"}],"replies":[{"embeddable":true,"href":"https:\/\/www.24baires.com\/index.php?rest_route=%2Fwp%2Fv2%2Fcomments&post=122547"}],"version-history":[{"count":1,"href":"https:\/\/www.24baires.com\/index.php?rest_route=\/wp\/v2\/posts\/122547\/revisions"}],"predecessor-version":[{"id":122548,"href":"https:\/\/www.24baires.com\/index.php?rest_route=\/wp\/v2\/posts\/122547\/revisions\/122548"}],"wp:attachment":[{"href":"https:\/\/www.24baires.com\/index.php?rest_route=%2Fwp%2Fv2%2Fmedia&parent=122547"}],"wp:term":[{"taxonomy":"category","embeddable":true,"href":"https:\/\/www.24baires.com\/index.php?rest_route=%2Fwp%2Fv2%2Fcategories&post=122547"},{"taxonomy":"post_tag","embeddable":true,"href":"https:\/\/www.24baires.com\/index.php?rest_route=%2Fwp%2Fv2%2Ftags&post=122547"}],"curies":[{"name":"wp","href":"https:\/\/api.w.org\/{rel}","templated":true}]}}