{"id":122534,"date":"2025-09-11T08:04:51","date_gmt":"2025-09-11T11:04:51","guid":{"rendered":"https:\/\/www.24baires.com\/?p=122534"},"modified":"2025-09-11T08:04:51","modified_gmt":"2025-09-11T11:04:51","slug":"el-gobierno-veto-la-ley-de-financiamiento-universitario","status":"publish","type":"post","link":"https:\/\/www.24baires.com\/?p=122534","title":{"rendered":"El gobierno vet\u00f3 la Ley de Financiamiento Universitario"},"content":{"rendered":"<p><img data-recalc-dims=\"1\" loading=\"lazy\" decoding=\"async\" class=\"aligncenter wp-image-122535\" src=\"https:\/\/i0.wp.com\/www.24baires.com\/wp-content\/uploads\/2025\/09\/mileiveto.webp.webp?resize=720%2C405\" alt=\"\" width=\"720\" height=\"405\" srcset=\"https:\/\/i0.wp.com\/www.24baires.com\/wp-content\/uploads\/2025\/09\/mileiveto.webp.webp?w=800&amp;ssl=1 800w, https:\/\/i0.wp.com\/www.24baires.com\/wp-content\/uploads\/2025\/09\/mileiveto.webp.webp?resize=300%2C169&amp;ssl=1 300w, https:\/\/i0.wp.com\/www.24baires.com\/wp-content\/uploads\/2025\/09\/mileiveto.webp.webp?resize=768%2C432&amp;ssl=1 768w\" sizes=\"auto, (max-width: 720px) 100vw, 720px\" \/>La medida fue comunicada formalmente en el Bolet\u00edn Oficial.<!--more--><\/p>\n<p>El presidente Milei vet\u00f3 la ley de financiamiento universitario. De todas formas, el que avisa no traiciona: ya hab\u00edan anunciado que se ven\u00edan una serie de vetos contra las leyes votadas por el Congreso de la Naci\u00f3n.<\/p>\n<p>Desde el sector universitario ya esperaban la noticia, y anunciaron que, si se concreta el veto, se realizar\u00e1 una nueva marcha masiva contra el desfinanciamiento.<\/p>\n<p>Una situaci\u00f3n similar se est\u00e1 dando con el financiamiento del Hospital Garrahan, cuyos trabajadores siguen esperando que el presidente finalmente vete la ley.<\/p>\n","protected":false},"excerpt":{"rendered":"<p>La medida fue comunicada formalmente en el Bolet\u00edn Oficial.<\/p>\n","protected":false},"author":8,"featured_media":0,"comment_status":"closed","ping_status":"closed","sticky":false,"template":"","format":"standard","meta":{"_jetpack_newsletter_access":"","_jetpack_dont_email_post_to_subs":false,"_jetpack_newsletter_tier_id":0,"_jetpack_memberships_contains_paywalled_content":false,"_jetpack_memberships_contains_paid_content":false,"footnotes":""},"categories":[51],"tags":[],"class_list":["post-122534","post","type-post","status-publish","format-standard","hentry","category-politica"],"jetpack_featured_media_url":"","jetpack_shortlink":"https:\/\/wp.me\/p2JWE0-vSm","jetpack-related-posts":[{"id":122549,"url":"https:\/\/www.24baires.com\/?p=122549","url_meta":{"origin":122534,"position":0},"title":"Diputados rechaz\u00f3 los vetos de Milei","author":"GB","date":"18\/09\/2025","format":false,"excerpt":"Con mayor\u00eda especial, Diputados rechaz\u00f3 los vetos presidenciales; ahora el Senado deber\u00e1 definir la aprobaci\u00f3n final de ambas leyes. El Congreso rechaz\u00f3 los vetos presidenciales sobre dos proyectos clave: el financiamiento universitario y la emergencia pedi\u00e1trica para el Hospital Garrahan. En la votaci\u00f3n, la emergencia pedi\u00e1trica recibi\u00f3 181 votos afirmativos,\u2026","rel":"","context":"En \u00abPol\u00edtica\u00bb","block_context":{"text":"Pol\u00edtica","link":"https:\/\/www.24baires.com\/?cat=51"},"img":{"alt_text":"","src":"https:\/\/i0.wp.com\/www.24baires.com\/wp-content\/uploads\/2025\/09\/dip-vetos.jpg?resize=350%2C200","width":350,"height":200,"srcset":"https:\/\/i0.wp.com\/www.24baires.com\/wp-content\/uploads\/2025\/09\/dip-vetos.jpg?resize=350%2C200 1x, https:\/\/i0.wp.com\/www.24baires.com\/wp-content\/uploads\/2025\/09\/dip-vetos.jpg?resize=525%2C300 1.5x, https:\/\/i0.wp.com\/www.24baires.com\/wp-content\/uploads\/2025\/09\/dip-vetos.jpg?resize=700%2C400 2x"},"classes":[]},{"id":121708,"url":"https:\/\/www.24baires.com\/?p=121708","url_meta":{"origin":122534,"position":1},"title":"Finalmente, Milei vet\u00f3 la Ley de Presupuesto Universitario","author":"GB","date":"03\/10\/2024","format":false,"excerpt":"Luego de que el Jefe de Estado ratificara su decisi\u00f3n este jueves por la madrugada a trav\u00e9s del Bolet\u00edn Oficial, diferentes bloques aceleraron las negociaciones para sumar voluntades y llevar el debate al recinto buscando revertir la situaci\u00f3n. Con el veto a la restituci\u00f3n de haberes para jubilados la oposici\u00f3n\u2026","rel":"","context":"En \u00abPol\u00edtica\u00bb","block_context":{"text":"Pol\u00edtica","link":"https:\/\/www.24baires.com\/?cat=51"},"img":{"alt_text":"","src":"https:\/\/i0.wp.com\/www.24baires.com\/wp-content\/uploads\/2024\/10\/marcha.png?resize=350%2C200","width":350,"height":200,"srcset":"https:\/\/i0.wp.com\/www.24baires.com\/wp-content\/uploads\/2024\/10\/marcha.png?resize=350%2C200 1x, https:\/\/i0.wp.com\/www.24baires.com\/wp-content\/uploads\/2024\/10\/marcha.png?resize=525%2C300 1.5x, https:\/\/i0.wp.com\/www.24baires.com\/wp-content\/uploads\/2024\/10\/marcha.png?resize=700%2C400 2x"},"classes":[]},{"id":121729,"url":"https:\/\/www.24baires.com\/?p=121729","url_meta":{"origin":122534,"position":2},"title":"Tras el veto, los gremios universitarios van a un paro total este jueves","author":"GB","date":"10\/10\/2024","format":false,"excerpt":"Gremios universitarios lanzaron un paro total para este jueves en repudio al veto de Javier Milei. Llaman a consolidar un plan de lucha. El Frente Sindical de Universidades Nacionales anunci\u00f3 un paro total para el pr\u00f3ximo jueves en repudio al veto aprobado en el Congreso contra la ley de financiamiento\u2026","rel":"","context":"En \u00abLocales\u00bb","block_context":{"text":"Locales","link":"https:\/\/www.24baires.com\/?cat=38"},"img":{"alt_text":"","src":"https:\/\/i0.wp.com\/www.24baires.com\/wp-content\/uploads\/2024\/10\/universitarios.webp?resize=350%2C200","width":350,"height":200,"srcset":"https:\/\/i0.wp.com\/www.24baires.com\/wp-content\/uploads\/2024\/10\/universitarios.webp?resize=350%2C200 1x, https:\/\/i0.wp.com\/www.24baires.com\/wp-content\/uploads\/2024\/10\/universitarios.webp?resize=525%2C300 1.5x, https:\/\/i0.wp.com\/www.24baires.com\/wp-content\/uploads\/2024\/10\/universitarios.webp?resize=700%2C400 2x"},"classes":[]},{"id":121595,"url":"https:\/\/www.24baires.com\/?p=121595","url_meta":{"origin":122534,"position":3},"title":"El Gobierno oficializ\u00f3 el veto total a la nueva movilidad jubilatoria","author":"GB","date":"02\/09\/2024","format":false,"excerpt":"Se public\u00f3 este lunes en el Bolet\u00edn Oficial el decreto firmado el viernes por el presidente Javier Milei, que observa en su totalidad la ley sancionada en el Congreso. El presidente Javier Milei firm\u00f3 el viernes el veto total a la nueva movilidad jubilatoria que hab\u00eda sido aprobada por el\u2026","rel":"","context":"En \u00abPol\u00edtica\u00bb","block_context":{"text":"Pol\u00edtica","link":"https:\/\/www.24baires.com\/?cat=51"},"img":{"alt_text":"","src":"https:\/\/i0.wp.com\/www.24baires.com\/wp-content\/uploads\/2024\/09\/milei_6.jpg?resize=350%2C200","width":350,"height":200,"srcset":"https:\/\/i0.wp.com\/www.24baires.com\/wp-content\/uploads\/2024\/09\/milei_6.jpg?resize=350%2C200 1x, https:\/\/i0.wp.com\/www.24baires.com\/wp-content\/uploads\/2024\/09\/milei_6.jpg?resize=525%2C300 1.5x, https:\/\/i0.wp.com\/www.24baires.com\/wp-content\/uploads\/2024\/09\/milei_6.jpg?resize=700%2C400 2x"},"classes":[]},{"id":121714,"url":"https:\/\/www.24baires.com\/?p=121714","url_meta":{"origin":122534,"position":4},"title":"Arancelar\u00e1n el acceso de estudiantes extranjeros a universidades p\u00fablicas nacionales","author":"GB","date":"04\/10\/2024","format":false,"excerpt":"La medida prevista en el texto original de la Ley Bases, que finalmente fue quitada, ser\u00e1 dispuesta por el Gobierno mediante un decreto que Javier Milei firmar\u00e1 en los pr\u00f3ximos d\u00edas. Fuentes del Gobierno Nacional adelantaron que en los pr\u00f3ximos d\u00edas se avanzar\u00e1 con el proyecto de arancelamiento para estudiantes\u2026","rel":"","context":"En \u00abLocales\u00bb","block_context":{"text":"Locales","link":"https:\/\/www.24baires.com\/?cat=38"},"img":{"alt_text":"","src":"https:\/\/i0.wp.com\/www.24baires.com\/wp-content\/uploads\/2024\/10\/marcha-univ.webp?resize=350%2C200","width":350,"height":200,"srcset":"https:\/\/i0.wp.com\/www.24baires.com\/wp-content\/uploads\/2024\/10\/marcha-univ.webp?resize=350%2C200 1x, https:\/\/i0.wp.com\/www.24baires.com\/wp-content\/uploads\/2024\/10\/marcha-univ.webp?resize=525%2C300 1.5x, https:\/\/i0.wp.com\/www.24baires.com\/wp-content\/uploads\/2024\/10\/marcha-univ.webp?resize=700%2C400 2x"},"classes":[]},{"id":102027,"url":"https:\/\/www.24baires.com\/?p=102027","url_meta":{"origin":122534,"position":5},"title":"La oposici\u00f3n rechaza fuertemente el acuerdo con el FMI","author":"AF","date":"08\/05\/2018","format":false,"excerpt":"Tras los anuncios del Gobierno, sindicalistas, parlamentarios y pol\u00edticos se mostraron en contra y llamaron a movilizarse este mi\u00e9rcoles ante el Congreso. La oposici\u00f3n en las redes sociales rechaz\u00f3 los anuncios del Gobierno de volver al Fondo Monetario Nacional y llam\u00f3 a movilizarse este mi\u00e9rcoles ante Congreso Nacional el tratamiento\u2026","rel":"","context":"En \u00abPol\u00edtica\u00bb","block_context":{"text":"Pol\u00edtica","link":"https:\/\/www.24baires.com\/?cat=51"},"img":{"alt_text":"","src":"https:\/\/i0.wp.com\/www.24baires.com\/wp-content\/uploads\/2016\/04\/bregman.jpg?resize=350%2C200","width":350,"height":200,"srcset":"https:\/\/i0.wp.com\/www.24baires.com\/wp-content\/uploads\/2016\/04\/bregman.jpg?resize=350%2C200 1x, https:\/\/i0.wp.com\/www.24baires.com\/wp-content\/uploads\/2016\/04\/bregman.jpg?resize=525%2C300 1.5x"},"classes":[]}],"jetpack_sharing_enabled":true,"jetpack_likes_enabled":true,"_links":{"self":[{"href":"https:\/\/www.24baires.com\/index.php?rest_route=\/wp\/v2\/posts\/122534","targetHints":{"allow":["GET"]}}],"collection":[{"href":"https:\/\/www.24baires.com\/index.php?rest_route=\/wp\/v2\/posts"}],"about":[{"href":"https:\/\/www.24baires.com\/index.php?rest_route=\/wp\/v2\/types\/post"}],"author":[{"embeddable":true,"href":"https:\/\/www.24baires.com\/index.php?rest_route=\/wp\/v2\/users\/8"}],"replies":[{"embeddable":true,"href":"https:\/\/www.24baires.com\/index.php?rest_route=%2Fwp%2Fv2%2Fcomments&post=122534"}],"version-history":[{"count":1,"href":"https:\/\/www.24baires.com\/index.php?rest_route=\/wp\/v2\/posts\/122534\/revisions"}],"predecessor-version":[{"id":122536,"href":"https:\/\/www.24baires.com\/index.php?rest_route=\/wp\/v2\/posts\/122534\/revisions\/122536"}],"wp:attachment":[{"href":"https:\/\/www.24baires.com\/index.php?rest_route=%2Fwp%2Fv2%2Fmedia&parent=122534"}],"wp:term":[{"taxonomy":"category","embeddable":true,"href":"https:\/\/www.24baires.com\/index.php?rest_route=%2Fwp%2Fv2%2Fcategories&post=122534"},{"taxonomy":"post_tag","embeddable":true,"href":"https:\/\/www.24baires.com\/index.php?rest_route=%2Fwp%2Fv2%2Ftags&post=122534"}],"curies":[{"name":"wp","href":"https:\/\/api.w.org\/{rel}","templated":true}]}}