{"id":122506,"date":"2025-09-05T06:24:54","date_gmt":"2025-09-05T09:24:54","guid":{"rendered":"https:\/\/www.24baires.com\/?p=122506"},"modified":"2025-09-05T06:24:54","modified_gmt":"2025-09-05T09:24:54","slug":"kicillof-cerro-la-campana-en-la-plata-la-unica-manera-de-frenar-el-desastre-de-milei-es-con-el-voto","status":"publish","type":"post","link":"https:\/\/www.24baires.com\/?p=122506","title":{"rendered":"Kicillof cerr\u00f3 la campa\u00f1a en La Plata: \u201cLa \u00fanica manera de frenar el desastre de Milei es con el voto\u201d"},"content":{"rendered":"<p><img data-recalc-dims=\"1\" loading=\"lazy\" decoding=\"async\" class=\"aligncenter wp-image-122507\" src=\"https:\/\/i0.wp.com\/www.24baires.com\/wp-content\/uploads\/2025\/09\/kici-cierre-campana.jpeg?resize=720%2C480\" alt=\"\" width=\"720\" height=\"480\" srcset=\"https:\/\/i0.wp.com\/www.24baires.com\/wp-content\/uploads\/2025\/09\/kici-cierre-campana.jpeg?w=1920&amp;ssl=1 1920w, https:\/\/i0.wp.com\/www.24baires.com\/wp-content\/uploads\/2025\/09\/kici-cierre-campana.jpeg?resize=300%2C200&amp;ssl=1 300w, https:\/\/i0.wp.com\/www.24baires.com\/wp-content\/uploads\/2025\/09\/kici-cierre-campana.jpeg?resize=1024%2C683&amp;ssl=1 1024w, https:\/\/i0.wp.com\/www.24baires.com\/wp-content\/uploads\/2025\/09\/kici-cierre-campana.jpeg?resize=768%2C512&amp;ssl=1 768w, https:\/\/i0.wp.com\/www.24baires.com\/wp-content\/uploads\/2025\/09\/kici-cierre-campana.jpeg?resize=1536%2C1024&amp;ssl=1 1536w, https:\/\/i0.wp.com\/www.24baires.com\/wp-content\/uploads\/2025\/09\/kici-cierre-campana.jpeg?w=1720 1720w\" sizes=\"auto, (max-width: 720px) 100vw, 720px\" \/>El Gobernador recorri\u00f3 la repavimentaci\u00f3n de la avenida 60 y luego acompa\u00f1\u00f3 al Intendente en un acto en Plaza Malvinas. Ambos insistieron en \u201cdefender con el voto\u201d las transformaciones en marcha.<!--more--><\/p>\n<p>En la recta final hacia las elecciones de este domingo, el gobernador de la provincia de Buenos Aires, Axel Kicillof encabez\u00f3 este jueves una recorrida por las obras de repavimentaci\u00f3n y ensanche de la avenida 60 en la ciudad de La Plata, junto a la vicegobernadora Ver\u00f3nica Magario, el intendente Julio Alak y legisladores bonaerenses. La visita se enmarc\u00f3 en el cierre de campa\u00f1a de la octava secci\u00f3n electoral.<\/p>\n<p>Durante la actividad, el mandatario bonaerense destac\u00f3 que \u201ctenemos que hacer un \u00faltimo esfuerzo para convencer a todos y todas de que este domingo debemos ir a votar en defensa de las obras que estamos haciendo para reconstruir la capital de todos los bonaerenses\u201d y agreg\u00f3: \u201cLa \u00fanica manera de frenar el desastre que est\u00e1 haciendo Milei es llenando las urnas con la boleta de Fuerza Patria\u201d.<\/p>\n<p>El proyecto que supervis\u00f3 Kicillof avanza en su segunda etapa, entre las calles 139 y 143, e incluye un carril adicional por mano, la modernizaci\u00f3n del sistema de sem\u00e1foros y la renovaci\u00f3n completa de la iluminaci\u00f3n. La intervenci\u00f3n total se extender\u00e1 hasta la calle 167, con el objetivo de mejorar la conectividad y la circulaci\u00f3n en la ciudad. Tambi\u00e9n aprovech\u00f3 la ocasi\u00f3n para dialogar con chicos y chicas de clubes de barrio.<\/p>\n<p>M\u00e1s tarde, la jornada de campa\u00f1a continu\u00f3 en Plaza Malvinas Argentinas, donde Alak encabez\u00f3 un masivo acto de cierre junto a candidatos locales y provinciales, en un clima festivo con mateadas, charlas y m\u00fasica en vivo a cargo de Milena Salamanca y la banda tributo Viralizados. All\u00ed, el jefe comunal subray\u00f3: \u201cLe estamos devolviendo a La Plata el brillo y la jerarqu\u00eda de capital de la provincia de Buenos Aires. Estamos construyendo una ciudad m\u00e1s justa e inclusiva\u201d.<\/p>\n","protected":false},"excerpt":{"rendered":"<p>El Gobernador recorri\u00f3 la repavimentaci\u00f3n de la avenida 60 y luego acompa\u00f1\u00f3 al Intendente en un acto en Plaza Malvinas. Ambos insistieron en \u201cdefender con el voto\u201d las transformaciones en marcha.<\/p>\n","protected":false},"author":8,"featured_media":0,"comment_status":"closed","ping_status":"closed","sticky":false,"template":"","format":"standard","meta":{"_jetpack_newsletter_access":"","_jetpack_dont_email_post_to_subs":false,"_jetpack_newsletter_tier_id":0,"_jetpack_memberships_contains_paywalled_content":false,"_jetpack_memberships_contains_paid_content":false,"footnotes":""},"categories":[40],"tags":[],"class_list":["post-122506","post","type-post","status-publish","format-standard","hentry","category-provincia"],"jetpack_featured_media_url":"","jetpack_shortlink":"https:\/\/wp.me\/p2JWE0-vRU","jetpack-related-posts":[{"id":120591,"url":"https:\/\/www.24baires.com\/?p=120591","url_meta":{"origin":122506,"position":0},"title":"Massa y Kicillof pidieron a los intendentes redoblar esfuerzos para ganar el balotaje","author":"AF","date":"25\/10\/2023","format":false,"excerpt":"El candidato y el gobernador reelecto se mostraron en la primera foto juntos tras el triunfo del domingo. M\u00e1s de 80 intendentes comunales participaron del encuentro. Contraste con el conflicto en Juntos por el Cambio. El ministro de Econom\u00eda y candidato a presidente de Uni\u00f3n por la Patria (UxP), Sergio\u2026","rel":"","context":"En \u00abPol\u00edtica\u00bb","block_context":{"text":"Pol\u00edtica","link":"https:\/\/www.24baires.com\/?cat=51"},"img":{"alt_text":"","src":"https:\/\/i0.wp.com\/www.24baires.com\/wp-content\/uploads\/2023\/10\/massa-kici.jpg?resize=350%2C200","width":350,"height":200,"srcset":"https:\/\/i0.wp.com\/www.24baires.com\/wp-content\/uploads\/2023\/10\/massa-kici.jpg?resize=350%2C200 1x, https:\/\/i0.wp.com\/www.24baires.com\/wp-content\/uploads\/2023\/10\/massa-kici.jpg?resize=525%2C300 1.5x, https:\/\/i0.wp.com\/www.24baires.com\/wp-content\/uploads\/2023\/10\/massa-kici.jpg?resize=700%2C400 2x"},"classes":[]},{"id":120367,"url":"https:\/\/www.24baires.com\/?p=120367","url_meta":{"origin":122506,"position":1},"title":"\u00abLa votaci\u00f3n empez\u00f3 sin inconvenientes en la provincia\u00bb, dijo Axel al emitir su voto","author":"GB","date":"13\/08\/2023","format":false,"excerpt":"ELECCIONES 2023-El gobernador de la provincia de Buenos Aires, Axel Kicillof, emiti\u00f3 su voto hace instantes en la escuela Superior de Salud de la ciudad de La Plata. El gobernador de la provincia de Buenos Aires, Axel Kicillof, vot\u00f3 hace instantes en la escuela Superior de Salud de la ciudad\u2026","rel":"","context":"En \u00abElecciones\u00bb","block_context":{"text":"Elecciones","link":"https:\/\/www.24baires.com\/?cat=316"},"img":{"alt_text":"","src":"https:\/\/i0.wp.com\/www.24baires.com\/wp-content\/uploads\/2023\/08\/voto-kici.webp?resize=350%2C200","width":350,"height":200,"srcset":"https:\/\/i0.wp.com\/www.24baires.com\/wp-content\/uploads\/2023\/08\/voto-kici.webp?resize=350%2C200 1x, https:\/\/i0.wp.com\/www.24baires.com\/wp-content\/uploads\/2023\/08\/voto-kici.webp?resize=525%2C300 1.5x, https:\/\/i0.wp.com\/www.24baires.com\/wp-content\/uploads\/2023\/08\/voto-kici.webp?resize=700%2C400 2x"},"classes":[]},{"id":112640,"url":"https:\/\/www.24baires.com\/?p=112640","url_meta":{"origin":122506,"position":2},"title":"Kicillof asegur\u00f3 que \u00abfracas\u00f3 el neoliberalismo en la Argentina\u00bb","author":"AF","date":"24\/10\/2019","format":false,"excerpt":"El candidato a gobernador del Frente de Todos asegur\u00f3 que prim\u00f3 un objetivo colectivo por sobre otro individualista. En el cierre de campa\u00f1a del Frente de Todos, ante una rambla repleta en la ciudad de Mar del Plata, el candidato a gobernador bonaerense, Axel Kicillof, asegur\u00f3 que en la Argentina\u2026","rel":"","context":"En \u00abPol\u00edtica\u00bb","block_context":{"text":"Pol\u00edtica","link":"https:\/\/www.24baires.com\/?cat=51"},"img":{"alt_text":"","src":"https:\/\/i0.wp.com\/www.24baires.com\/wp-content\/uploads\/2019\/08\/kicillof-1.jpg?resize=350%2C200","width":350,"height":200,"srcset":"https:\/\/i0.wp.com\/www.24baires.com\/wp-content\/uploads\/2019\/08\/kicillof-1.jpg?resize=350%2C200 1x, https:\/\/i0.wp.com\/www.24baires.com\/wp-content\/uploads\/2019\/08\/kicillof-1.jpg?resize=525%2C300 1.5x"},"classes":[]},{"id":120626,"url":"https:\/\/www.24baires.com\/?p=120626","url_meta":{"origin":122506,"position":3},"title":"Kicillof: \u00abNos declaramos en campa\u00f1a permanente\u00bb","author":"AF","date":"06\/11\/2023","format":false,"excerpt":"En La Plata, el gobernador les habl\u00f3 a diez mil personas: \"La pr\u00f3xima elecci\u00f3n es un triunfo que vamos a construir en la provincia de Buenos Aires\". \"No es momento de descansar ni detenerse. Estamos ac\u00e1 porque sabemos bien que el futuro que imaginamos s\u00f3lo tiene sentido si al triunfo\u2026","rel":"","context":"En \u00abPol\u00edtica\u00bb","block_context":{"text":"Pol\u00edtica","link":"https:\/\/www.24baires.com\/?cat=51"},"img":{"alt_text":"","src":"https:\/\/i0.wp.com\/www.24baires.com\/wp-content\/uploads\/2023\/11\/WhatsApp-Image-2023-11-06-at-23.06.35.jpeg?resize=350%2C200","width":350,"height":200,"srcset":"https:\/\/i0.wp.com\/www.24baires.com\/wp-content\/uploads\/2023\/11\/WhatsApp-Image-2023-11-06-at-23.06.35.jpeg?resize=350%2C200 1x, https:\/\/i0.wp.com\/www.24baires.com\/wp-content\/uploads\/2023\/11\/WhatsApp-Image-2023-11-06-at-23.06.35.jpeg?resize=525%2C300 1.5x, https:\/\/i0.wp.com\/www.24baires.com\/wp-content\/uploads\/2023\/11\/WhatsApp-Image-2023-11-06-at-23.06.35.jpeg?resize=700%2C400 2x"},"classes":[]},{"id":120385,"url":"https:\/\/www.24baires.com\/?p=120385","url_meta":{"origin":122506,"position":4},"title":"Kicillof: \u201cLa derecha tiene muchos candidatos y un solo proyecto: quitar derechos\u201d","author":"AF","date":"16\/08\/2023","format":false,"excerpt":"El gobernador bonaerense inaugur\u00f3 en Berisso el nuevo edificio para el Centro Educativo Complementario N\u00b0 802 y habl\u00f3 sobre el resultado de la PASO, la importancia de ir a votar, lo realizado durante su gesti\u00f3n y las asignaturas pendientes. El gobernador de la provincia de Buenos Aires, Axel Kicillof, asegur\u00f3\u2026","rel":"","context":"En \u00abPol\u00edtica\u00bb","block_context":{"text":"Pol\u00edtica","link":"https:\/\/www.24baires.com\/?cat=51"},"img":{"alt_text":"","src":"https:\/\/i0.wp.com\/www.24baires.com\/wp-content\/uploads\/2023\/01\/axel-kicillofjpg.jpg?resize=350%2C200","width":350,"height":200,"srcset":"https:\/\/i0.wp.com\/www.24baires.com\/wp-content\/uploads\/2023\/01\/axel-kicillofjpg.jpg?resize=350%2C200 1x, https:\/\/i0.wp.com\/www.24baires.com\/wp-content\/uploads\/2023\/01\/axel-kicillofjpg.jpg?resize=525%2C300 1.5x, https:\/\/i0.wp.com\/www.24baires.com\/wp-content\/uploads\/2023\/01\/axel-kicillofjpg.jpg?resize=700%2C400 2x"},"classes":[]},{"id":120497,"url":"https:\/\/www.24baires.com\/?p=120497","url_meta":{"origin":122506,"position":5},"title":"Ensenada ser\u00e1 el escenario de campa\u00f1a de Kicillof y Massa","author":"GB","date":"25\/09\/2023","format":false,"excerpt":"Los candidatos, tanto a gobernador como a presidente de Uni\u00f3n por la Patria, preparan un acto de campa\u00f1a de cara al 22 de octubre En el marco de la campa\u00f1a electoral y antes de la veda de actos de gesti\u00f3n, Uni\u00f3n por la Patria (UP) prepara un acto en Ensenada\u2026","rel":"","context":"En \u00abElecciones\u00bb","block_context":{"text":"Elecciones","link":"https:\/\/www.24baires.com\/?cat=316"},"img":{"alt_text":"","src":"https:\/\/i0.wp.com\/www.24baires.com\/wp-content\/uploads\/2023\/09\/massa-axel.jpg?resize=350%2C200","width":350,"height":200,"srcset":"https:\/\/i0.wp.com\/www.24baires.com\/wp-content\/uploads\/2023\/09\/massa-axel.jpg?resize=350%2C200 1x, https:\/\/i0.wp.com\/www.24baires.com\/wp-content\/uploads\/2023\/09\/massa-axel.jpg?resize=525%2C300 1.5x, https:\/\/i0.wp.com\/www.24baires.com\/wp-content\/uploads\/2023\/09\/massa-axel.jpg?resize=700%2C400 2x"},"classes":[]}],"jetpack_sharing_enabled":true,"jetpack_likes_enabled":true,"_links":{"self":[{"href":"https:\/\/www.24baires.com\/index.php?rest_route=\/wp\/v2\/posts\/122506","targetHints":{"allow":["GET"]}}],"collection":[{"href":"https:\/\/www.24baires.com\/index.php?rest_route=\/wp\/v2\/posts"}],"about":[{"href":"https:\/\/www.24baires.com\/index.php?rest_route=\/wp\/v2\/types\/post"}],"author":[{"embeddable":true,"href":"https:\/\/www.24baires.com\/index.php?rest_route=\/wp\/v2\/users\/8"}],"replies":[{"embeddable":true,"href":"https:\/\/www.24baires.com\/index.php?rest_route=%2Fwp%2Fv2%2Fcomments&post=122506"}],"version-history":[{"count":1,"href":"https:\/\/www.24baires.com\/index.php?rest_route=\/wp\/v2\/posts\/122506\/revisions"}],"predecessor-version":[{"id":122508,"href":"https:\/\/www.24baires.com\/index.php?rest_route=\/wp\/v2\/posts\/122506\/revisions\/122508"}],"wp:attachment":[{"href":"https:\/\/www.24baires.com\/index.php?rest_route=%2Fwp%2Fv2%2Fmedia&parent=122506"}],"wp:term":[{"taxonomy":"category","embeddable":true,"href":"https:\/\/www.24baires.com\/index.php?rest_route=%2Fwp%2Fv2%2Fcategories&post=122506"},{"taxonomy":"post_tag","embeddable":true,"href":"https:\/\/www.24baires.com\/index.php?rest_route=%2Fwp%2Fv2%2Ftags&post=122506"}],"curies":[{"name":"wp","href":"https:\/\/api.w.org\/{rel}","templated":true}]}}