{"id":122496,"date":"2025-09-03T06:29:04","date_gmt":"2025-09-03T09:29:04","guid":{"rendered":"https:\/\/www.24baires.com\/?p=122496"},"modified":"2025-09-03T06:29:04","modified_gmt":"2025-09-03T09:29:04","slug":"lo-que-le-pasa-al-pueblo-argentino-tiene-un-solo-responsable-y-se-llama-javier-milei","status":"publish","type":"post","link":"https:\/\/www.24baires.com\/?p=122496","title":{"rendered":"\u00abLo que le pasa al pueblo argentino tiene un solo responsable y se llama Javier Milei\u00bb"},"content":{"rendered":"<p><img data-recalc-dims=\"1\" loading=\"lazy\" decoding=\"async\" class=\"aligncenter wp-image-122299\" src=\"https:\/\/i0.wp.com\/www.24baires.com\/wp-content\/uploads\/2025\/05\/kici-saludo.webp?resize=720%2C405\" alt=\"\" width=\"720\" height=\"405\" srcset=\"https:\/\/i0.wp.com\/www.24baires.com\/wp-content\/uploads\/2025\/05\/kici-saludo.webp?w=800&amp;ssl=1 800w, https:\/\/i0.wp.com\/www.24baires.com\/wp-content\/uploads\/2025\/05\/kici-saludo.webp?resize=300%2C169&amp;ssl=1 300w, https:\/\/i0.wp.com\/www.24baires.com\/wp-content\/uploads\/2025\/05\/kici-saludo.webp?resize=768%2C432&amp;ssl=1 768w\" sizes=\"auto, (max-width: 720px) 100vw, 720px\" \/>En San Mart\u00edn, el gobernador estuvo junto a Sergio Massa y su gabinete en el acto por el D\u00eda de la Industria.<!--more--><\/p>\n<p>A d\u00edas de las elecciones provinciales, el gobernador Axel Kicillof estuvo junto a Sergio Massa y varios de sus funcionarios en el acto por el D\u00eda de la Industria en la localidad de San Mart\u00edn.<\/p>\n<p>El gobernador remarc\u00f3 los problemas de la industria y se\u00f1al\u00f3 que tanto las pol\u00edticas del gobierno de Macri como las de Milei van en contra del crecimiento econ\u00f3mico: \u00abNo venden, los tarifazos les rompen la estructura de costos, la demanda cae\u00bb, marc\u00f3.<\/p>\n<p>\u00abLe festejan las pol\u00edticas desde el FMI, desde Wall Street. Ahora estos \u00faltimos d\u00edas del 3% ya no. Pero por otros motivos, si no lo seguir\u00edan haciendo\u00bb, expres\u00f3.<\/p>\n<p>Adem\u00e1s, remarc\u00f3 que el Fondo Monetario Internacional, cuando Massa era ministro de Econom\u00eda, oblig\u00f3 a hacer una devaluaci\u00f3n en medio de las elecciones. Aunque ahora, el Fondo parece permitirle varios movimientos al gobierno, incluso aunque vaya en contra de los pedidos del ente.<\/p>\n","protected":false},"excerpt":{"rendered":"<p>En San Mart\u00edn, el gobernador estuvo junto a Sergio Massa y su gabinete en el acto por el D\u00eda de la Industria.<\/p>\n","protected":false},"author":8,"featured_media":0,"comment_status":"closed","ping_status":"closed","sticky":false,"template":"","format":"standard","meta":{"_jetpack_newsletter_access":"","_jetpack_dont_email_post_to_subs":false,"_jetpack_newsletter_tier_id":0,"_jetpack_memberships_contains_paywalled_content":false,"_jetpack_memberships_contains_paid_content":false,"footnotes":""},"categories":[40],"tags":[],"class_list":["post-122496","post","type-post","status-publish","format-standard","hentry","category-provincia"],"jetpack_featured_media_url":"","jetpack_shortlink":"https:\/\/wp.me\/p2JWE0-vRK","jetpack-related-posts":[{"id":120626,"url":"https:\/\/www.24baires.com\/?p=120626","url_meta":{"origin":122496,"position":0},"title":"Kicillof: \u00abNos declaramos en campa\u00f1a permanente\u00bb","author":"AF","date":"06\/11\/2023","format":false,"excerpt":"En La Plata, el gobernador les habl\u00f3 a diez mil personas: \"La pr\u00f3xima elecci\u00f3n es un triunfo que vamos a construir en la provincia de Buenos Aires\". \"No es momento de descansar ni detenerse. Estamos ac\u00e1 porque sabemos bien que el futuro que imaginamos s\u00f3lo tiene sentido si al triunfo\u2026","rel":"","context":"En \u00abPol\u00edtica\u00bb","block_context":{"text":"Pol\u00edtica","link":"https:\/\/www.24baires.com\/?cat=51"},"img":{"alt_text":"","src":"https:\/\/i0.wp.com\/www.24baires.com\/wp-content\/uploads\/2023\/11\/WhatsApp-Image-2023-11-06-at-23.06.35.jpeg?resize=350%2C200","width":350,"height":200,"srcset":"https:\/\/i0.wp.com\/www.24baires.com\/wp-content\/uploads\/2023\/11\/WhatsApp-Image-2023-11-06-at-23.06.35.jpeg?resize=350%2C200 1x, https:\/\/i0.wp.com\/www.24baires.com\/wp-content\/uploads\/2023\/11\/WhatsApp-Image-2023-11-06-at-23.06.35.jpeg?resize=525%2C300 1.5x, https:\/\/i0.wp.com\/www.24baires.com\/wp-content\/uploads\/2023\/11\/WhatsApp-Image-2023-11-06-at-23.06.35.jpeg?resize=700%2C400 2x"},"classes":[]},{"id":120591,"url":"https:\/\/www.24baires.com\/?p=120591","url_meta":{"origin":122496,"position":1},"title":"Massa y Kicillof pidieron a los intendentes redoblar esfuerzos para ganar el balotaje","author":"AF","date":"25\/10\/2023","format":false,"excerpt":"El candidato y el gobernador reelecto se mostraron en la primera foto juntos tras el triunfo del domingo. M\u00e1s de 80 intendentes comunales participaron del encuentro. Contraste con el conflicto en Juntos por el Cambio. El ministro de Econom\u00eda y candidato a presidente de Uni\u00f3n por la Patria (UxP), Sergio\u2026","rel":"","context":"En \u00abPol\u00edtica\u00bb","block_context":{"text":"Pol\u00edtica","link":"https:\/\/www.24baires.com\/?cat=51"},"img":{"alt_text":"","src":"https:\/\/i0.wp.com\/www.24baires.com\/wp-content\/uploads\/2023\/10\/massa-kici.jpg?resize=350%2C200","width":350,"height":200,"srcset":"https:\/\/i0.wp.com\/www.24baires.com\/wp-content\/uploads\/2023\/10\/massa-kici.jpg?resize=350%2C200 1x, https:\/\/i0.wp.com\/www.24baires.com\/wp-content\/uploads\/2023\/10\/massa-kici.jpg?resize=525%2C300 1.5x, https:\/\/i0.wp.com\/www.24baires.com\/wp-content\/uploads\/2023\/10\/massa-kici.jpg?resize=700%2C400 2x"},"classes":[]},{"id":120608,"url":"https:\/\/www.24baires.com\/?p=120608","url_meta":{"origin":122496,"position":2},"title":"El Partido Socialista explicit\u00f3 su apoyo a Massa","author":"AF","date":"01\/11\/2023","format":false,"excerpt":"Espantado por Milei, el espacio que hasta hace unos d\u00edas segu\u00eda siendo parte integrante de Juntos por el Cambio, se pronunci\u00f3 por el candidato de Uni\u00f3n por la Patria. En contraste con la neutralidad expl\u00edcita manifestada por el Frente de Izquierda y parte de la UCR, el Partido Socialista anunci\u00f3\u2026","rel":"","context":"En \u00abPol\u00edtica\u00bb","block_context":{"text":"Pol\u00edtica","link":"https:\/\/www.24baires.com\/?cat=51"},"img":{"alt_text":"","src":"https:\/\/i0.wp.com\/www.24baires.com\/wp-content\/uploads\/2023\/11\/WhatsApp-Image-2023-11-01-at-20.46.14.jpeg?resize=350%2C200","width":350,"height":200,"srcset":"https:\/\/i0.wp.com\/www.24baires.com\/wp-content\/uploads\/2023\/11\/WhatsApp-Image-2023-11-01-at-20.46.14.jpeg?resize=350%2C200 1x, https:\/\/i0.wp.com\/www.24baires.com\/wp-content\/uploads\/2023\/11\/WhatsApp-Image-2023-11-01-at-20.46.14.jpeg?resize=525%2C300 1.5x, https:\/\/i0.wp.com\/www.24baires.com\/wp-content\/uploads\/2023\/11\/WhatsApp-Image-2023-11-01-at-20.46.14.jpeg?resize=700%2C400 2x"},"classes":[]},{"id":120437,"url":"https:\/\/www.24baires.com\/?p=120437","url_meta":{"origin":122496,"position":3},"title":"Massa, contra Milei: \u00abNi el ambiente ni los \u00f3rganos tienen precio\u00bb","author":"AF","date":"05\/09\/2023","format":false,"excerpt":"Los que quedaron en carrera reconfiguran sus discursos para la votaci\u00f3n del 22 de octubre. Las estrategias y actividades de Sergio Massa, Javier Milei, Patricia Bullrich y el resto de los que se postulan a presidente. Expectativa por las elecciones en Santa Fe. El ministro de Econom\u00eda y candidato a\u2026","rel":"","context":"En \u00abPol\u00edtica\u00bb","block_context":{"text":"Pol\u00edtica","link":"https:\/\/www.24baires.com\/?cat=51"},"img":{"alt_text":"","src":"https:\/\/i0.wp.com\/www.24baires.com\/wp-content\/uploads\/2023\/08\/massa.webp?resize=350%2C200","width":350,"height":200,"srcset":"https:\/\/i0.wp.com\/www.24baires.com\/wp-content\/uploads\/2023\/08\/massa.webp?resize=350%2C200 1x, https:\/\/i0.wp.com\/www.24baires.com\/wp-content\/uploads\/2023\/08\/massa.webp?resize=525%2C300 1.5x, https:\/\/i0.wp.com\/www.24baires.com\/wp-content\/uploads\/2023\/08\/massa.webp?resize=700%2C400 2x"},"classes":[]},{"id":120497,"url":"https:\/\/www.24baires.com\/?p=120497","url_meta":{"origin":122496,"position":4},"title":"Ensenada ser\u00e1 el escenario de campa\u00f1a de Kicillof y Massa","author":"GB","date":"25\/09\/2023","format":false,"excerpt":"Los candidatos, tanto a gobernador como a presidente de Uni\u00f3n por la Patria, preparan un acto de campa\u00f1a de cara al 22 de octubre En el marco de la campa\u00f1a electoral y antes de la veda de actos de gesti\u00f3n, Uni\u00f3n por la Patria (UP) prepara un acto en Ensenada\u2026","rel":"","context":"En \u00abElecciones\u00bb","block_context":{"text":"Elecciones","link":"https:\/\/www.24baires.com\/?cat=316"},"img":{"alt_text":"","src":"https:\/\/i0.wp.com\/www.24baires.com\/wp-content\/uploads\/2023\/09\/massa-axel.jpg?resize=350%2C200","width":350,"height":200,"srcset":"https:\/\/i0.wp.com\/www.24baires.com\/wp-content\/uploads\/2023\/09\/massa-axel.jpg?resize=350%2C200 1x, https:\/\/i0.wp.com\/www.24baires.com\/wp-content\/uploads\/2023\/09\/massa-axel.jpg?resize=525%2C300 1.5x, https:\/\/i0.wp.com\/www.24baires.com\/wp-content\/uploads\/2023\/09\/massa-axel.jpg?resize=700%2C400 2x"},"classes":[]},{"id":120639,"url":"https:\/\/www.24baires.com\/?p=120639","url_meta":{"origin":122496,"position":5},"title":"Massa llam\u00f3 a construir \u00abun nuevo pacto federal con m\u00e1s coparticipaci\u00f3n\u00bb","author":"AF","date":"09\/11\/2023","format":false,"excerpt":"\"Desde la otra vereda se condena a las provincias a vivir con lo propio desinteres\u00e1ndolas de un proyecto de pa\u00eds, provocando el abandono y la falta de recursos para poder invertir\", dijo el candidato presidencial de UxP de cara al balotaje. El ministro de Econom\u00eda y candidato a presidente por\u2026","rel":"","context":"En \u00abPol\u00edtica\u00bb","block_context":{"text":"Pol\u00edtica","link":"https:\/\/www.24baires.com\/?cat=51"},"img":{"alt_text":"","src":"https:\/\/i0.wp.com\/www.24baires.com\/wp-content\/uploads\/2023\/11\/WhatsApp-Image-2023-11-09-at-19.22.09.jpeg?resize=350%2C200","width":350,"height":200,"srcset":"https:\/\/i0.wp.com\/www.24baires.com\/wp-content\/uploads\/2023\/11\/WhatsApp-Image-2023-11-09-at-19.22.09.jpeg?resize=350%2C200 1x, https:\/\/i0.wp.com\/www.24baires.com\/wp-content\/uploads\/2023\/11\/WhatsApp-Image-2023-11-09-at-19.22.09.jpeg?resize=525%2C300 1.5x, https:\/\/i0.wp.com\/www.24baires.com\/wp-content\/uploads\/2023\/11\/WhatsApp-Image-2023-11-09-at-19.22.09.jpeg?resize=700%2C400 2x"},"classes":[]}],"jetpack_sharing_enabled":true,"jetpack_likes_enabled":true,"_links":{"self":[{"href":"https:\/\/www.24baires.com\/index.php?rest_route=\/wp\/v2\/posts\/122496","targetHints":{"allow":["GET"]}}],"collection":[{"href":"https:\/\/www.24baires.com\/index.php?rest_route=\/wp\/v2\/posts"}],"about":[{"href":"https:\/\/www.24baires.com\/index.php?rest_route=\/wp\/v2\/types\/post"}],"author":[{"embeddable":true,"href":"https:\/\/www.24baires.com\/index.php?rest_route=\/wp\/v2\/users\/8"}],"replies":[{"embeddable":true,"href":"https:\/\/www.24baires.com\/index.php?rest_route=%2Fwp%2Fv2%2Fcomments&post=122496"}],"version-history":[{"count":1,"href":"https:\/\/www.24baires.com\/index.php?rest_route=\/wp\/v2\/posts\/122496\/revisions"}],"predecessor-version":[{"id":122497,"href":"https:\/\/www.24baires.com\/index.php?rest_route=\/wp\/v2\/posts\/122496\/revisions\/122497"}],"wp:attachment":[{"href":"https:\/\/www.24baires.com\/index.php?rest_route=%2Fwp%2Fv2%2Fmedia&parent=122496"}],"wp:term":[{"taxonomy":"category","embeddable":true,"href":"https:\/\/www.24baires.com\/index.php?rest_route=%2Fwp%2Fv2%2Fcategories&post=122496"},{"taxonomy":"post_tag","embeddable":true,"href":"https:\/\/www.24baires.com\/index.php?rest_route=%2Fwp%2Fv2%2Ftags&post=122496"}],"curies":[{"name":"wp","href":"https:\/\/api.w.org\/{rel}","templated":true}]}}