{"id":122484,"date":"2025-08-28T06:45:24","date_gmt":"2025-08-28T09:45:24","guid":{"rendered":"https:\/\/www.24baires.com\/?p=122484"},"modified":"2025-08-28T06:45:24","modified_gmt":"2025-08-28T09:45:24","slug":"el-peronismo-tuvo-su-acto-en-defensa-de-la-salud-publica","status":"publish","type":"post","link":"https:\/\/www.24baires.com\/?p=122484","title":{"rendered":"El peronismo tuvo su acto en defensa de la salud p\u00fablica"},"content":{"rendered":"<p><img data-recalc-dims=\"1\" loading=\"lazy\" decoding=\"async\" class=\"aligncenter wp-image-122485\" src=\"https:\/\/i0.wp.com\/www.24baires.com\/wp-content\/uploads\/2025\/08\/campana-peronismo.jpg?resize=720%2C480\" alt=\"\" width=\"720\" height=\"480\" srcset=\"https:\/\/i0.wp.com\/www.24baires.com\/wp-content\/uploads\/2025\/08\/campana-peronismo.jpg?w=1920&amp;ssl=1 1920w, https:\/\/i0.wp.com\/www.24baires.com\/wp-content\/uploads\/2025\/08\/campana-peronismo.jpg?resize=300%2C200&amp;ssl=1 300w, https:\/\/i0.wp.com\/www.24baires.com\/wp-content\/uploads\/2025\/08\/campana-peronismo.jpg?resize=1024%2C683&amp;ssl=1 1024w, https:\/\/i0.wp.com\/www.24baires.com\/wp-content\/uploads\/2025\/08\/campana-peronismo.jpg?resize=768%2C512&amp;ssl=1 768w, https:\/\/i0.wp.com\/www.24baires.com\/wp-content\/uploads\/2025\/08\/campana-peronismo.jpg?resize=1536%2C1025&amp;ssl=1 1536w, https:\/\/i0.wp.com\/www.24baires.com\/wp-content\/uploads\/2025\/08\/campana-peronismo.jpg?w=1720 1720w\" sizes=\"auto, (max-width: 720px) 100vw, 720px\" \/>En el escenario hubo dirigentes y trabajadores del sistema de salud que integran la lista de Fuerza Patria. \u201cTenemos que explicar que la salud y la educaci\u00f3n p\u00fablica son cosas que hay defender en las urnas y en las calles\u201d sostuvo el gobernador.<!--more--><\/p>\n<p>El peronismo bonaerense tuvo este mi\u00e9rcoles un masivo acto en defensa de la salud p\u00fablica junto a cinco mil trabajadores en Pilar. La actividad que cont\u00f3 con la presencia del gobernador Axel Kicillof y un mensaje de la expresidenta, Cristina Kirchner, fue organizada especialmente por el ministro de Salud, Nicol\u00e1s Kreplak.<\/p>\n<p>En el escenario ubicado en un predio de la UOM, se encontraban dirigentes del peronismo como el intendente anfitri\u00f3n Federico Achaval, los candidatos de la primera secci\u00f3n Gabriel Katopodis y Malena Galmarini y varios de los m\u00e1s de cien trabajadores de la salud que integran las listas de Fuerza Patria en la provincia de Buenos Aires.<\/p>\n<p>En el acto se encontraban presentes funcionarios provinciales y el candidato a diputado nacional Juan Grabois, aunque fue escasa la presencia de dirigentes camporistas para respaldar a Kreplak, todos m\u00e1s pendientes de la intervenci\u00f3n de M\u00e1ximo Kirchner en Diputados durante la exposici\u00f3n del Jefe de Gabinete nacional, Guillermo Francos.<\/p>\n","protected":false},"excerpt":{"rendered":"<p>En el escenario hubo dirigentes y trabajadores del sistema de salud que integran la lista de Fuerza Patria. \u201cTenemos que explicar que la salud y la educaci\u00f3n p\u00fablica son cosas que hay defender en las urnas y en las calles\u201d sostuvo el gobernador.<\/p>\n","protected":false},"author":8,"featured_media":0,"comment_status":"closed","ping_status":"closed","sticky":false,"template":"","format":"standard","meta":{"_jetpack_newsletter_access":"","_jetpack_dont_email_post_to_subs":false,"_jetpack_newsletter_tier_id":0,"_jetpack_memberships_contains_paywalled_content":false,"_jetpack_memberships_contains_paid_content":false,"footnotes":""},"categories":[40],"tags":[],"class_list":["post-122484","post","type-post","status-publish","format-standard","hentry","category-provincia"],"jetpack_featured_media_url":"","jetpack_shortlink":"https:\/\/wp.me\/p2JWE0-vRy","jetpack-related-posts":[{"id":119047,"url":"https:\/\/www.24baires.com\/?p=119047","url_meta":{"origin":122484,"position":0},"title":"Fern\u00e1ndez reivindic\u00f3 a Per\u00f3n y dijo que \u00abel poder pasa por la capacidad de convencer\u00bb","author":"AF","date":"01\/07\/2022","format":false,"excerpt":"Alberto Fern\u00e1ndez particip\u00f3 este viernes del acto que se realiza en el hist\u00f3rico sal\u00f3n \"Felipe Vallese\" de la central obrera que conduce el triunvirato compuesto por H\u00e9ctor Daer, Pablo Moyano y Carlos Acu\u00f1a. El presidente Alberto Fern\u00e1ndez renov\u00f3 un llamado a la \"unidad\" de los argentinos como condici\u00f3n b\u00e1sica para\u2026","rel":"","context":"En \u00abPol\u00edtica\u00bb","block_context":{"text":"Pol\u00edtica","link":"https:\/\/www.24baires.com\/?cat=51"},"img":{"alt_text":"","src":"https:\/\/i0.wp.com\/www.24baires.com\/wp-content\/uploads\/2021\/03\/fern%C3%A1ndez.jpg?resize=350%2C200","width":350,"height":200,"srcset":"https:\/\/i0.wp.com\/www.24baires.com\/wp-content\/uploads\/2021\/03\/fern%C3%A1ndez.jpg?resize=350%2C200 1x, https:\/\/i0.wp.com\/www.24baires.com\/wp-content\/uploads\/2021\/03\/fern%C3%A1ndez.jpg?resize=525%2C300 1.5x, https:\/\/i0.wp.com\/www.24baires.com\/wp-content\/uploads\/2021\/03\/fern%C3%A1ndez.jpg?resize=700%2C400 2x"},"classes":[]},{"id":120505,"url":"https:\/\/www.24baires.com\/?p=120505","url_meta":{"origin":122484,"position":1},"title":"Kicillof: \u00abNadie viene a atrincherarse, vamos a convertir a la provincia en la locomotora del triunfo\u00bb","author":"GB","date":"28\/09\/2023","format":false,"excerpt":"Intendentes, sindicalistas, movimientos sociales se congregan en Ensenada para un mega acto de relanzamiento de campa\u00f1a de Sergio Massa y Axel Kicillof. Junto al ministro de Econom\u00eda y candidato presidencial de Uni\u00f3n por la Patria, Sergio Massa, el gobernador de la provincia de Buenos Aires, Axel Kicillof, fue uno de\u2026","rel":"","context":"En \u00abProvincia\u00bb","block_context":{"text":"Provincia","link":"https:\/\/www.24baires.com\/?cat=40"},"img":{"alt_text":"","src":"https:\/\/i0.wp.com\/www.24baires.com\/wp-content\/uploads\/2023\/09\/kicillof.webp?resize=350%2C200","width":350,"height":200,"srcset":"https:\/\/i0.wp.com\/www.24baires.com\/wp-content\/uploads\/2023\/09\/kicillof.webp?resize=350%2C200 1x, https:\/\/i0.wp.com\/www.24baires.com\/wp-content\/uploads\/2023\/09\/kicillof.webp?resize=525%2C300 1.5x, https:\/\/i0.wp.com\/www.24baires.com\/wp-content\/uploads\/2023\/09\/kicillof.webp?resize=700%2C400 2x"},"classes":[]},{"id":36696,"url":"https:\/\/www.24baires.com\/?p=36696","url_meta":{"origin":122484,"position":2},"title":"Se dispondr\u00e1n mil nuevos enfermeros para hospitales p\u00fablicos","author":"Grupo Sierra","date":"12\/12\/2013","format":false,"excerpt":"Los profesionales se formaron durante 3 a\u00f1os a trav\u00e9s del Plan Eva Per\u00f3n que impulsa el gobierno bonerense. El gobernador Daniel Scioli participar\u00e1 de la ceremonia de egreso de los enfermeros formados a trav\u00e9s del Plan Eva Per\u00f3n y que cumplir\u00e1n funciones en los hospitales p\u00fablicos de la Provincia de\u2026","rel":"","context":"En \u00abProvincia\u00bb","block_context":{"text":"Provincia","link":"https:\/\/www.24baires.com\/?cat=40"},"img":{"alt_text":"hospital barbijo","src":"https:\/\/i0.wp.com\/www.24baires.com\/wp-content\/uploads\/2013\/06\/hospital-barbijo.png?resize=350%2C200","width":350,"height":200},"classes":[]},{"id":5835,"url":"https:\/\/www.24baires.com\/?p=5835","url_meta":{"origin":122484,"position":3},"title":"El Gobernador encabez\u00f3 el acto de \u00abLa Juan Domingo\u00bb","author":"Grupo Sierra","date":"17\/11\/2012","format":false,"excerpt":"El gobernador de la provincia de Buenos Aires, Daniel Scioli, particip\u00f3 este s\u00e1bado del primer encuentro nacional de dirigentes y militantes de \u201cLa Juan Domingo\u201d, en el que se conmemor\u00f3 el d\u00eda de la militancia peronista, realizado en el Hotel NH City & Tower de la Capital Federal. \u00a0La agrupaci\u00f3n\u2026","rel":"","context":"En \u00abPol\u00edtica\u00bb","block_context":{"text":"Pol\u00edtica","link":"https:\/\/www.24baires.com\/?cat=51"},"img":{"alt_text":"","src":"","width":0,"height":0},"classes":[]},{"id":117260,"url":"https:\/\/www.24baires.com\/?p=117260","url_meta":{"origin":122484,"position":4},"title":"\u00abNada quiero m\u00e1s en el mundo que ser el Presidente que una a los argentinos\u00bb","author":"AF","date":"03\/03\/2021","format":false,"excerpt":"Durante su visita al Instituto de Investigaciones Aplicadas (Invap) de la ciudad rionegrina, el Presidente abog\u00f3 por \"una Argentina para todos\", sin bander\u00edas pol\u00edticas, y \"con respeto en la diversidad\". El presidente Alberto Fern\u00e1ndez asegur\u00f3 este mi\u00e9rcoles que nada quiere \"m\u00e1s en el mundo\" que \"ser el Presidente que una\u2026","rel":"","context":"En \u00abSociedad\u00bb","block_context":{"text":"Sociedad","link":"https:\/\/www.24baires.com\/?cat=1"},"img":{"alt_text":"","src":"https:\/\/i0.wp.com\/www.24baires.com\/wp-content\/uploads\/2021\/03\/603fdbe0103d1.03.2021-565_1004x565.jpg?resize=350%2C200","width":350,"height":200,"srcset":"https:\/\/i0.wp.com\/www.24baires.com\/wp-content\/uploads\/2021\/03\/603fdbe0103d1.03.2021-565_1004x565.jpg?resize=350%2C200 1x, https:\/\/i0.wp.com\/www.24baires.com\/wp-content\/uploads\/2021\/03\/603fdbe0103d1.03.2021-565_1004x565.jpg?resize=525%2C300 1.5x"},"classes":[]},{"id":120475,"url":"https:\/\/www.24baires.com\/?p=120475","url_meta":{"origin":122484,"position":5},"title":"Kicillof particip\u00f3 junto a radicales de la inauguraci\u00f3n del Ateneo Ra\u00fal Alfons\u00edn","author":"AF","date":"14\/09\/2023","format":false,"excerpt":"El gobernador encabez\u00f3 un acto que uni\u00f3 a referentes del partido centenario de cara a la elecci\u00f3n de octubre. Cuestionamientos a los proyectos opositores anti-Estado. \u201cLos compa\u00f1eros correligionarios\u201d. Esa fue la f\u00f3rmula discursiva que el gobernador Axel Kicillof utiliz\u00f3 para agradecer a la dirigencia y la militancia presente este jueves\u2026","rel":"","context":"En \u00abPol\u00edtica\u00bb","block_context":{"text":"Pol\u00edtica","link":"https:\/\/www.24baires.com\/?cat=51"},"img":{"alt_text":"","src":"https:\/\/i0.wp.com\/www.24baires.com\/wp-content\/uploads\/2023\/09\/768156-3a-na-0.jpg?resize=350%2C200","width":350,"height":200},"classes":[]}],"jetpack_sharing_enabled":true,"jetpack_likes_enabled":true,"_links":{"self":[{"href":"https:\/\/www.24baires.com\/index.php?rest_route=\/wp\/v2\/posts\/122484","targetHints":{"allow":["GET"]}}],"collection":[{"href":"https:\/\/www.24baires.com\/index.php?rest_route=\/wp\/v2\/posts"}],"about":[{"href":"https:\/\/www.24baires.com\/index.php?rest_route=\/wp\/v2\/types\/post"}],"author":[{"embeddable":true,"href":"https:\/\/www.24baires.com\/index.php?rest_route=\/wp\/v2\/users\/8"}],"replies":[{"embeddable":true,"href":"https:\/\/www.24baires.com\/index.php?rest_route=%2Fwp%2Fv2%2Fcomments&post=122484"}],"version-history":[{"count":1,"href":"https:\/\/www.24baires.com\/index.php?rest_route=\/wp\/v2\/posts\/122484\/revisions"}],"predecessor-version":[{"id":122486,"href":"https:\/\/www.24baires.com\/index.php?rest_route=\/wp\/v2\/posts\/122484\/revisions\/122486"}],"wp:attachment":[{"href":"https:\/\/www.24baires.com\/index.php?rest_route=%2Fwp%2Fv2%2Fmedia&parent=122484"}],"wp:term":[{"taxonomy":"category","embeddable":true,"href":"https:\/\/www.24baires.com\/index.php?rest_route=%2Fwp%2Fv2%2Fcategories&post=122484"},{"taxonomy":"post_tag","embeddable":true,"href":"https:\/\/www.24baires.com\/index.php?rest_route=%2Fwp%2Fv2%2Ftags&post=122484"}],"curies":[{"name":"wp","href":"https:\/\/api.w.org\/{rel}","templated":true}]}}