{"id":122476,"date":"2025-08-22T06:42:53","date_gmt":"2025-08-22T09:42:53","guid":{"rendered":"https:\/\/www.24baires.com\/?p=122476"},"modified":"2025-08-22T06:42:53","modified_gmt":"2025-08-22T09:42:53","slug":"kicillof-anuncio-un-paquete-de-medidas-para-asistir-a-pymes","status":"publish","type":"post","link":"https:\/\/www.24baires.com\/?p=122476","title":{"rendered":"Kicillof anunci\u00f3 un paquete de medidas para asistir a pymes"},"content":{"rendered":"<p><img data-recalc-dims=\"1\" loading=\"lazy\" decoding=\"async\" class=\"aligncenter wp-image-122299\" src=\"https:\/\/i0.wp.com\/www.24baires.com\/wp-content\/uploads\/2025\/05\/kici-saludo.webp?resize=720%2C405\" alt=\"\" width=\"720\" height=\"405\" srcset=\"https:\/\/i0.wp.com\/www.24baires.com\/wp-content\/uploads\/2025\/05\/kici-saludo.webp?w=800&amp;ssl=1 800w, https:\/\/i0.wp.com\/www.24baires.com\/wp-content\/uploads\/2025\/05\/kici-saludo.webp?resize=300%2C169&amp;ssl=1 300w, https:\/\/i0.wp.com\/www.24baires.com\/wp-content\/uploads\/2025\/05\/kici-saludo.webp?resize=768%2C432&amp;ssl=1 768w\" sizes=\"auto, (max-width: 720px) 100vw, 720px\" \/>El plan incluye $1 bill\u00f3n en cr\u00e9ditos del Banco Provincia, alivio fiscal de ARBA y l\u00edneas de apoyo productivo del Ministerio de Desarrollo Agrario.<!--more--><\/p>\n<p>El gobernador de la provincia de Buenos Aires, Axel Kicillof, present\u00f3 un conjunto de medidas econ\u00f3micas y tributarias destinadas a respaldar a las pymes bonaerenses, en un contexto que defini\u00f3 como cr\u00edtico por las pol\u00edticas implementadas por el Gobierno nacional.<\/p>\n<p>\u201cAnunciamos un paquete de medidas de asistencia financiera, simplificaci\u00f3n y alivio tributario para impulsar la producci\u00f3n y acompa\u00f1ar a las pymes bonaerenses que hoy est\u00e1n en riesgo\u201d, expres\u00f3 el mandatario en sus redes sociales.<\/p>\n<p>Entre los puntos centrales se destaca la decisi\u00f3n del Banco Provincia de destinar un bill\u00f3n de pesos en cr\u00e9ditos con descuento de tasas. La l\u00ednea estar\u00e1 orientada a la recomposici\u00f3n de capital de trabajo, la adquisici\u00f3n de bienes de capital nuevos, la construcci\u00f3n de instalaciones productivas y comerciales, la refinanciaci\u00f3n de deudas y, adem\u00e1s, incluir\u00e1 un programa espec\u00edfico para fomentar exportaciones.<\/p>\n<p>En paralelo, la Agencia de Recaudaci\u00f3n de la Provincia de Buenos Aires (ARBA) avanzar\u00e1 en una pol\u00edtica de alivio fiscal y simplificaci\u00f3n de tr\u00e1mites. Entre las medidas se incluye la suspensi\u00f3n de embargos en cuentas bancarias por deudas impositivas hasta fin de a\u00f1o, la mejora en los mecanismos de devoluci\u00f3n de saldos a favor y la creaci\u00f3n de un r\u00e9gimen especial para contribuyentes cumplidores. \u201cEn los casos en que igualmente se genere un SAF, se aplicar\u00e1 de oficio una reducci\u00f3n autom\u00e1tica de al\u00edcuotas\u201d, detallaron desde el organismo que conduce Cristian Girard.<\/p>\n","protected":false},"excerpt":{"rendered":"<p>El plan incluye $1 bill\u00f3n en cr\u00e9ditos del Banco Provincia, alivio fiscal de ARBA y l\u00edneas de apoyo productivo del Ministerio de Desarrollo Agrario.<\/p>\n","protected":false},"author":8,"featured_media":0,"comment_status":"closed","ping_status":"closed","sticky":false,"template":"","format":"standard","meta":{"_jetpack_newsletter_access":"","_jetpack_dont_email_post_to_subs":false,"_jetpack_newsletter_tier_id":0,"_jetpack_memberships_contains_paywalled_content":false,"_jetpack_memberships_contains_paid_content":false,"footnotes":""},"categories":[40],"tags":[],"class_list":["post-122476","post","type-post","status-publish","format-standard","hentry","category-provincia"],"jetpack_featured_media_url":"","jetpack_shortlink":"https:\/\/wp.me\/p2JWE0-vRq","jetpack-related-posts":[{"id":114866,"url":"https:\/\/www.24baires.com\/?p=114866","url_meta":{"origin":122476,"position":0},"title":"Kicillof anuncia medidas para sectores productivos","author":"GB","date":"29\/04\/2020","format":false,"excerpt":"El anuncio ser\u00e1 a partir de las 11 de la ma\u00f1ana en el Sal\u00f3n Dorado de la Gobernaci\u00f3n bonaerense en La Plata y ampliar\u00e1 el auxilio para los sectores de la econom\u00eda m\u00e1s golpeados por la crisis que desat\u00f3 la pandemia. El gobernador de la provincia de Buenos Aires, Axel\u2026","rel":"","context":"En \u00abProvincia\u00bb","block_context":{"text":"Provincia","link":"https:\/\/www.24baires.com\/?cat=40"},"img":{"alt_text":"","src":"https:\/\/i0.wp.com\/www.24baires.com\/wp-content\/uploads\/2020\/04\/raverta-kici-vila.jpg?resize=350%2C200","width":350,"height":200,"srcset":"https:\/\/i0.wp.com\/www.24baires.com\/wp-content\/uploads\/2020\/04\/raverta-kici-vila.jpg?resize=350%2C200 1x, https:\/\/i0.wp.com\/www.24baires.com\/wp-content\/uploads\/2020\/04\/raverta-kici-vila.jpg?resize=525%2C300 1.5x"},"classes":[]},{"id":115555,"url":"https:\/\/www.24baires.com\/?p=115555","url_meta":{"origin":122476,"position":1},"title":"Kicillof anuncia medidas para la industria y el comercio","author":"GB","date":"06\/07\/2020","format":false,"excerpt":"El Gobernador dar\u00e1 a conocer un paquete que incluye la implementaci\u00f3n de un \u201cATP bonaerense\u201d. El gobernador Axel Kicillof encabezar\u00e1 este lunes una actividad oficial en la cual dar\u00e1 a conocer anuncios para impulsar la industria y el comercio en medio de los efectos de la pandemia de coronavirus. Tal\u2026","rel":"","context":"En \u00abProvincia\u00bb","block_context":{"text":"Provincia","link":"https:\/\/www.24baires.com\/?cat=40"},"img":{"alt_text":"","src":"https:\/\/i0.wp.com\/www.24baires.com\/wp-content\/uploads\/2020\/05\/kicilof.jpg?resize=350%2C200","width":350,"height":200,"srcset":"https:\/\/i0.wp.com\/www.24baires.com\/wp-content\/uploads\/2020\/05\/kicilof.jpg?resize=350%2C200 1x, https:\/\/i0.wp.com\/www.24baires.com\/wp-content\/uploads\/2020\/05\/kicilof.jpg?resize=525%2C300 1.5x"},"classes":[]},{"id":105246,"url":"https:\/\/www.24baires.com\/?p=105246","url_meta":{"origin":122476,"position":2},"title":"Vidal anunci\u00f3 medidas para las pymes","author":"GB","date":"02\/11\/2018","format":false,"excerpt":"La Gobernadora present\u00f3 un paquete de iniciativas que incluyen ayuda financiera, incentivos productivos y asistencia impositiva. La gobernadora Mar\u00eda Eugenia Vidal present\u00f3 desde Mor\u00f3n un paquete de medidas para \"acompa\u00f1ar\" a las peque\u00f1as y medianas empresas y admiti\u00f3 que noviembre y diciembre ser\u00e1n \"meses complicados\" para el sector por la\u2026","rel":"","context":"En \u00abProvincia\u00bb","block_context":{"text":"Provincia","link":"https:\/\/www.24baires.com\/?cat=40"},"img":{"alt_text":"","src":"https:\/\/i0.wp.com\/www.24baires.com\/wp-content\/uploads\/2018\/03\/vidal-1.jpg?resize=350%2C200","width":350,"height":200,"srcset":"https:\/\/i0.wp.com\/www.24baires.com\/wp-content\/uploads\/2018\/03\/vidal-1.jpg?resize=350%2C200 1x, https:\/\/i0.wp.com\/www.24baires.com\/wp-content\/uploads\/2018\/03\/vidal-1.jpg?resize=525%2C300 1.5x"},"classes":[]},{"id":111704,"url":"https:\/\/www.24baires.com\/?p=111704","url_meta":{"origin":122476,"position":3},"title":"Vidal relanzar\u00e1 su campa\u00f1a con un paquete de medidas econ\u00f3micas","author":"GB","date":"20\/08\/2019","format":false,"excerpt":"Adem\u00e1s, realizar\u00e1 un acto con intendentes luego de perder de manera abultada las PASO Mar\u00eda Eugenia Vidal relanzar\u00e1 esta semana su campa\u00f1a electoral de cara a las elecciones de octubrecon el anuncio de un paquete de medidas econ\u00f3micas y una seguidilla de actos con intendentes y candidatos de Juntos por\u2026","rel":"","context":"En \u00abProvincia\u00bb","block_context":{"text":"Provincia","link":"https:\/\/www.24baires.com\/?cat=40"},"img":{"alt_text":"","src":"https:\/\/i0.wp.com\/www.24baires.com\/wp-content\/uploads\/2019\/08\/vidall-1.jpg?resize=350%2C200","width":350,"height":200,"srcset":"https:\/\/i0.wp.com\/www.24baires.com\/wp-content\/uploads\/2019\/08\/vidall-1.jpg?resize=350%2C200 1x, https:\/\/i0.wp.com\/www.24baires.com\/wp-content\/uploads\/2019\/08\/vidall-1.jpg?resize=525%2C300 1.5x"},"classes":[]},{"id":114260,"url":"https:\/\/www.24baires.com\/?p=114260","url_meta":{"origin":122476,"position":4},"title":"ARBA puso en marcha el plan de pago para las Pymes bonaerenses","author":"GB","date":"02\/03\/2020","format":false,"excerpt":"La moratoria forma parte del programa \"ArriBA Pymes\" que present\u00f3 el gobernador Axel Kicilof para aliviar a las empresas bonaerenses La Agencia de Recaudaci\u00f3n de la Provincia de Buenos Aires (ARBA), puso en marcha este lunes una moratorioa que beneficiar\u00e1 a casi 600 mil peque\u00f1as y medianas empresas con deudas\u2026","rel":"","context":"En \u00abProvincia\u00bb","block_context":{"text":"Provincia","link":"https:\/\/www.24baires.com\/?cat=40"},"img":{"alt_text":"","src":"https:\/\/i0.wp.com\/www.24baires.com\/wp-content\/uploads\/2020\/03\/pymes-kici.jpg?resize=350%2C200","width":350,"height":200,"srcset":"https:\/\/i0.wp.com\/www.24baires.com\/wp-content\/uploads\/2020\/03\/pymes-kici.jpg?resize=350%2C200 1x, https:\/\/i0.wp.com\/www.24baires.com\/wp-content\/uploads\/2020\/03\/pymes-kici.jpg?resize=525%2C300 1.5x"},"classes":[]},{"id":111662,"url":"https:\/\/www.24baires.com\/?p=111662","url_meta":{"origin":122476,"position":5},"title":"Vidal anunciar\u00e1 un paquete de medidas orientadas a la clase media y las Pymes","author":"GB","date":"16\/08\/2019","format":false,"excerpt":"La gobernadora analiza otorgar un bono para los empleados estatales, sacar nuevas l\u00edneas de cr\u00e9dito para las pymes, actualizar los programas sociales y ajustar el salario docente La gobernadora de la provincia de Buenos Aires, Mar\u00eda Eugenia Vidal, anunciar\u00e1 el martes pr\u00f3ximo un paquete de medidas econ\u00f3micas orientadas a la\u2026","rel":"","context":"En \u00abProvincia\u00bb","block_context":{"text":"Provincia","link":"https:\/\/www.24baires.com\/?cat=40"},"img":{"alt_text":"","src":"https:\/\/i0.wp.com\/www.24baires.com\/wp-content\/uploads\/2019\/08\/vidal.jpg?resize=350%2C200","width":350,"height":200,"srcset":"https:\/\/i0.wp.com\/www.24baires.com\/wp-content\/uploads\/2019\/08\/vidal.jpg?resize=350%2C200 1x, https:\/\/i0.wp.com\/www.24baires.com\/wp-content\/uploads\/2019\/08\/vidal.jpg?resize=525%2C300 1.5x"},"classes":[]}],"jetpack_sharing_enabled":true,"jetpack_likes_enabled":true,"_links":{"self":[{"href":"https:\/\/www.24baires.com\/index.php?rest_route=\/wp\/v2\/posts\/122476","targetHints":{"allow":["GET"]}}],"collection":[{"href":"https:\/\/www.24baires.com\/index.php?rest_route=\/wp\/v2\/posts"}],"about":[{"href":"https:\/\/www.24baires.com\/index.php?rest_route=\/wp\/v2\/types\/post"}],"author":[{"embeddable":true,"href":"https:\/\/www.24baires.com\/index.php?rest_route=\/wp\/v2\/users\/8"}],"replies":[{"embeddable":true,"href":"https:\/\/www.24baires.com\/index.php?rest_route=%2Fwp%2Fv2%2Fcomments&post=122476"}],"version-history":[{"count":1,"href":"https:\/\/www.24baires.com\/index.php?rest_route=\/wp\/v2\/posts\/122476\/revisions"}],"predecessor-version":[{"id":122477,"href":"https:\/\/www.24baires.com\/index.php?rest_route=\/wp\/v2\/posts\/122476\/revisions\/122477"}],"wp:attachment":[{"href":"https:\/\/www.24baires.com\/index.php?rest_route=%2Fwp%2Fv2%2Fmedia&parent=122476"}],"wp:term":[{"taxonomy":"category","embeddable":true,"href":"https:\/\/www.24baires.com\/index.php?rest_route=%2Fwp%2Fv2%2Fcategories&post=122476"},{"taxonomy":"post_tag","embeddable":true,"href":"https:\/\/www.24baires.com\/index.php?rest_route=%2Fwp%2Fv2%2Ftags&post=122476"}],"curies":[{"name":"wp","href":"https:\/\/api.w.org\/{rel}","templated":true}]}}