{"id":122470,"date":"2025-08-19T06:34:04","date_gmt":"2025-08-19T09:34:04","guid":{"rendered":"https:\/\/www.24baires.com\/?p=122470"},"modified":"2025-08-19T06:34:04","modified_gmt":"2025-08-19T09:34:04","slug":"provincia-reclamara-al-ejecutivo-nacional-la-reactivacion-de-la-obra-publica","status":"publish","type":"post","link":"https:\/\/www.24baires.com\/?p=122470","title":{"rendered":"Provincia reclamar\u00e1 al Ejecutivo nacional la reactivaci\u00f3n de la obra p\u00fablica"},"content":{"rendered":"<p><img data-recalc-dims=\"1\" loading=\"lazy\" decoding=\"async\" class=\"aligncenter wp-image-122471\" src=\"https:\/\/i0.wp.com\/www.24baires.com\/wp-content\/uploads\/2025\/08\/kici-gabinete.webp?resize=720%2C374\" alt=\"\" width=\"720\" height=\"374\" srcset=\"https:\/\/i0.wp.com\/www.24baires.com\/wp-content\/uploads\/2025\/08\/kici-gabinete.webp?w=800&amp;ssl=1 800w, https:\/\/i0.wp.com\/www.24baires.com\/wp-content\/uploads\/2025\/08\/kici-gabinete.webp?resize=300%2C156&amp;ssl=1 300w, https:\/\/i0.wp.com\/www.24baires.com\/wp-content\/uploads\/2025\/08\/kici-gabinete.webp?resize=768%2C399&amp;ssl=1 768w\" sizes=\"auto, (max-width: 720px) 100vw, 720px\" \/>Tras casi dos a\u00f1os de paralizaci\u00f3n, el gobernador anunci\u00f3 un proyecto para reactivar la obra p\u00fablica y afrontar la situaci\u00f3n cr\u00edtica de la provincia.<!--more--><\/p>\n<p>El gobernador de la provincia de Buenos Aires realiz\u00f3 una conferencia de prensa, donde anunci\u00f3 que enviar\u00e1 un proyecto a la Legislatura para reactivar la obra p\u00fablica. \u201cNunca en la historia de Argentina ocurri\u00f3 que pr\u00e1cticamente por dos a\u00f1os est\u00e9 parada toda la obra p\u00fablica\u201d, expres\u00f3.<\/p>\n<p>Debido a la situaci\u00f3n, Kicillof adelant\u00f3 que solicitar\u00e1n a trav\u00e9s de una ley a la Legislatura provincial la autorizaci\u00f3n para utilizar nuevas herramientas: \u201cLe vamos a pedir a la Legislatura que nos autorice a intervenir para garantizar la seguridad en los casos en los que el gobierno nacional abandon\u00f3 obras que ponen en riesgo la vida o los bienes de las personas\u201d, se\u00f1al\u00f3.<\/p>\n<p>En ese sentido, el mandatario provincial indic\u00f3 que, desde la asunci\u00f3n de Milei, el gobierno bonaerense intent\u00f3 implementar distintas medidas para resolver la situaci\u00f3n. Adem\u00e1s, denunci\u00f3 que, a pesar de los reclamos, el Ejecutivo nacional no da respuestas. \u201cEl estado actual de la obra p\u00fablica detenida, a esta altura, est\u00e1 tomando una dimensi\u00f3n cr\u00edtica\u201d, advirti\u00f3.<\/p>\n<p>El gobernador a\u00f1adi\u00f3: \u201cNunca en la historia argentina, m\u00e1s all\u00e1 de que hubo diferentes etapas con dificultades econ\u00f3micas, con crisis y con gobiernos de corte neoliberal o ajustadores, ocurri\u00f3 que pr\u00e1cticamente por dos a\u00f1os est\u00e9 absolutamente parada toda la obra p\u00fablica de orden nacional\u201d.<\/p>\n<p>A su vez, denunci\u00f3 el desv\u00edo de fondos y se\u00f1al\u00f3 que Milei est\u00e1 \u201cincumpliendo leyes y en el plano de la ilegalidad\u201d, ya que \u2014como explic\u00f3\u2014 los fondos de aplicaci\u00f3n espec\u00edfica para obras viales hoy no est\u00e1n siendo invertidos. \u201cCada vez que se carga un litro de nafta en la Argentina, se recauda la plata y se utiliza para otra cosa que no es su fin especificado por la ley. Estamos hablando de 3,6 billones de pesos, es decir, millones de millones que Milei se rob\u00f3 de la obra p\u00fablica nacional\u201d.<\/p>\n","protected":false},"excerpt":{"rendered":"<p>Tras casi dos a\u00f1os de paralizaci\u00f3n, el gobernador anunci\u00f3 un proyecto para reactivar la obra p\u00fablica y afrontar la situaci\u00f3n cr\u00edtica de la provincia.<\/p>\n","protected":false},"author":8,"featured_media":0,"comment_status":"closed","ping_status":"closed","sticky":false,"template":"","format":"standard","meta":{"_jetpack_newsletter_access":"","_jetpack_dont_email_post_to_subs":false,"_jetpack_newsletter_tier_id":0,"_jetpack_memberships_contains_paywalled_content":false,"_jetpack_memberships_contains_paid_content":false,"footnotes":""},"categories":[40],"tags":[],"class_list":["post-122470","post","type-post","status-publish","format-standard","hentry","category-provincia"],"jetpack_featured_media_url":"","jetpack_shortlink":"https:\/\/wp.me\/p2JWE0-vRk","jetpack-related-posts":[{"id":122147,"url":"https:\/\/www.24baires.com\/?p=122147","url_meta":{"origin":122470,"position":0},"title":"La Provincia ya fij\u00f3 la fecha para las PASO bonaerenses","author":"GB","date":"17\/03\/2025","format":false,"excerpt":"Mientras tanto, el Gobernador espera que la Legislatura defina si suspender\u00e1 las primarias provinciales, tras la pol\u00e9mica decisi\u00f3n del Gobierno Nacional de suspenderlas a nivel nacional. El Gobernador de la Provincia de Buenos Aires, Axel Kicillof, firm\u00f3 el Decreto 367\/2025, que convoca a las Elecciones Primarias, Abiertas, Simult\u00e1neas y Obligatorias\u2026","rel":"","context":"En \u00abProvincia\u00bb","block_context":{"text":"Provincia","link":"https:\/\/www.24baires.com\/?cat=40"},"img":{"alt_text":"","src":"https:\/\/i0.wp.com\/www.24baires.com\/wp-content\/uploads\/2025\/03\/kici-perfil.webp?resize=350%2C200","width":350,"height":200,"srcset":"https:\/\/i0.wp.com\/www.24baires.com\/wp-content\/uploads\/2025\/03\/kici-perfil.webp?resize=350%2C200 1x, https:\/\/i0.wp.com\/www.24baires.com\/wp-content\/uploads\/2025\/03\/kici-perfil.webp?resize=525%2C300 1.5x, https:\/\/i0.wp.com\/www.24baires.com\/wp-content\/uploads\/2025\/03\/kici-perfil.webp?resize=700%2C400 2x"},"classes":[]},{"id":121626,"url":"https:\/\/www.24baires.com\/?p=121626","url_meta":{"origin":122470,"position":1},"title":"Kicillof propuso hacer obligatoria la sala de tres a\u00f1os","author":"GB","date":"10\/09\/2024","format":false,"excerpt":"El gobernador bonaerense, Axel Kicillof, anunci\u00f3 que envi\u00f3 a la Legislatura un proyecto de ley para extender la obligatoriedad del ciclo educativo desde los tres a\u00f1os de edad. En el marco del D\u00eda del Maestro, el gobernador bonaerense, Axel Kicillof, realiz\u00f3 dos anuncios claves para mejorar la educaci\u00f3n en el\u2026","rel":"","context":"En \u00abProvincia\u00bb","block_context":{"text":"Provincia","link":"https:\/\/www.24baires.com\/?cat=40"},"img":{"alt_text":"","src":"https:\/\/i0.wp.com\/www.24baires.com\/wp-content\/uploads\/2024\/09\/kici-sileoni.webp?resize=350%2C200","width":350,"height":200,"srcset":"https:\/\/i0.wp.com\/www.24baires.com\/wp-content\/uploads\/2024\/09\/kici-sileoni.webp?resize=350%2C200 1x, https:\/\/i0.wp.com\/www.24baires.com\/wp-content\/uploads\/2024\/09\/kici-sileoni.webp?resize=525%2C300 1.5x, https:\/\/i0.wp.com\/www.24baires.com\/wp-content\/uploads\/2024\/09\/kici-sileoni.webp?resize=700%2C400 2x"},"classes":[]},{"id":115784,"url":"https:\/\/www.24baires.com\/?p=115784","url_meta":{"origin":122470,"position":2},"title":"Provincia busca reactivar la econom\u00eda a trav\u00e9s de la obra p\u00fablica","author":"AF","date":"29\/07\/2020","format":false,"excerpt":"El gobernador bonaerense anunci\u00f3 trabajos viales, de agua y saneamiento en m\u00e1s de 40 municipios,que se realizar\u00e1n en conjunto con el Gobierno Nacional. El gobernador de la provincia de Buenos Aires, Axel Kicillof, junto al ministro de Obras P\u00fablicas de la Naci\u00f3n, Gabriel Katopodis, y su par provincial, Agust\u00edn Simone,\u2026","rel":"","context":"En \u00abProvincia\u00bb","block_context":{"text":"Provincia","link":"https:\/\/www.24baires.com\/?cat=40"},"img":{"alt_text":"","src":"https:\/\/i0.wp.com\/www.24baires.com\/wp-content\/uploads\/2020\/07\/kicillof-zoom.jpeg?resize=350%2C200","width":350,"height":200,"srcset":"https:\/\/i0.wp.com\/www.24baires.com\/wp-content\/uploads\/2020\/07\/kicillof-zoom.jpeg?resize=350%2C200 1x, https:\/\/i0.wp.com\/www.24baires.com\/wp-content\/uploads\/2020\/07\/kicillof-zoom.jpeg?resize=525%2C300 1.5x"},"classes":[]},{"id":105295,"url":"https:\/\/www.24baires.com\/?p=105295","url_meta":{"origin":122470,"position":3},"title":"Gremios bonaerenses acampan contra el Presupuesto","author":"GB","date":"06\/11\/2018","format":false,"excerpt":"Estatales, m\u00e9dicos y judiciales marchar\u00e1n a Gobernaci\u00f3n e instalar\u00e1n una carpa frente a la Legislatura. Tambi\u00e9n participar\u00e1n organizaciones sociales. Gremios bonaerenses y organizaciones sociales marchar\u00e1n a la Casa de Gobierno y empezar\u00e1n un acampe frente a la Legislatura para rechazar el proyecto de Presupuesto 2019, que la Gobernadora enviar\u00e1 al\u2026","rel":"","context":"En \u00abProvincia\u00bb","block_context":{"text":"Provincia","link":"https:\/\/www.24baires.com\/?cat=40"},"img":{"alt_text":"","src":"https:\/\/i0.wp.com\/www.24baires.com\/wp-content\/uploads\/2018\/03\/ate-docentes-300x200.jpg?resize=350%2C200","width":350,"height":200},"classes":[]},{"id":122828,"url":"https:\/\/www.24baires.com\/?p=122828","url_meta":{"origin":122470,"position":4},"title":"Senadores piden prohibir por Ley los veh\u00edculos motorizados en las playas de la Provincia","author":"GB","date":"21\/01\/2026","format":false,"excerpt":"Tras los recientes accidentes en Pinamar y Villa Gesell, la Legislatura activ\u00f3 el debate por el uso de veh\u00edculos en la arena. Un proyecto busca prohibir su circulaci\u00f3n para reforzar la seguridad y proteger el ambiente costero. Luego de la gran cantidad de accidentes e imprudencias durante esta temporada de\u2026","rel":"","context":"En \u00abProvincia\u00bb","block_context":{"text":"Provincia","link":"https:\/\/www.24baires.com\/?cat=40"},"img":{"alt_text":"","src":"https:\/\/i0.wp.com\/www.24baires.com\/wp-content\/uploads\/2026\/01\/cuatriciclo.jpg?resize=350%2C200","width":350,"height":200,"srcset":"https:\/\/i0.wp.com\/www.24baires.com\/wp-content\/uploads\/2026\/01\/cuatriciclo.jpg?resize=350%2C200 1x, https:\/\/i0.wp.com\/www.24baires.com\/wp-content\/uploads\/2026\/01\/cuatriciclo.jpg?resize=525%2C300 1.5x, https:\/\/i0.wp.com\/www.24baires.com\/wp-content\/uploads\/2026\/01\/cuatriciclo.jpg?resize=700%2C400 2x"},"classes":[]},{"id":116141,"url":"https:\/\/www.24baires.com\/?p=116141","url_meta":{"origin":122470,"position":5},"title":"Diputados sesionan para adherir a un fondo nacional destinado a obras en municipios","author":"AF","date":"03\/09\/2020","format":false,"excerpt":"Se trata de un programa que estipula la inversi\u00f3n de 5.000 millones de pesos para distribuir en los 135 distritos bonaerenses. Esta tarde, volver\u00e1 a sesionar de manera mixta la C\u00e1mara de Diputados de la provincia para tratar, entre otros temas, la adhesi\u00f3n al Programa de Emergencia de Infraestructura Municipal\u2026","rel":"","context":"En \u00abProvincia\u00bb","block_context":{"text":"Provincia","link":"https:\/\/www.24baires.com\/?cat=40"},"img":{"alt_text":"","src":"https:\/\/i0.wp.com\/www.24baires.com\/wp-content\/uploads\/2020\/09\/diputados-bonaerense.jpg?resize=350%2C200","width":350,"height":200,"srcset":"https:\/\/i0.wp.com\/www.24baires.com\/wp-content\/uploads\/2020\/09\/diputados-bonaerense.jpg?resize=350%2C200 1x, https:\/\/i0.wp.com\/www.24baires.com\/wp-content\/uploads\/2020\/09\/diputados-bonaerense.jpg?resize=525%2C300 1.5x"},"classes":[]}],"jetpack_sharing_enabled":true,"jetpack_likes_enabled":true,"_links":{"self":[{"href":"https:\/\/www.24baires.com\/index.php?rest_route=\/wp\/v2\/posts\/122470","targetHints":{"allow":["GET"]}}],"collection":[{"href":"https:\/\/www.24baires.com\/index.php?rest_route=\/wp\/v2\/posts"}],"about":[{"href":"https:\/\/www.24baires.com\/index.php?rest_route=\/wp\/v2\/types\/post"}],"author":[{"embeddable":true,"href":"https:\/\/www.24baires.com\/index.php?rest_route=\/wp\/v2\/users\/8"}],"replies":[{"embeddable":true,"href":"https:\/\/www.24baires.com\/index.php?rest_route=%2Fwp%2Fv2%2Fcomments&post=122470"}],"version-history":[{"count":1,"href":"https:\/\/www.24baires.com\/index.php?rest_route=\/wp\/v2\/posts\/122470\/revisions"}],"predecessor-version":[{"id":122472,"href":"https:\/\/www.24baires.com\/index.php?rest_route=\/wp\/v2\/posts\/122470\/revisions\/122472"}],"wp:attachment":[{"href":"https:\/\/www.24baires.com\/index.php?rest_route=%2Fwp%2Fv2%2Fmedia&parent=122470"}],"wp:term":[{"taxonomy":"category","embeddable":true,"href":"https:\/\/www.24baires.com\/index.php?rest_route=%2Fwp%2Fv2%2Fcategories&post=122470"},{"taxonomy":"post_tag","embeddable":true,"href":"https:\/\/www.24baires.com\/index.php?rest_route=%2Fwp%2Fv2%2Ftags&post=122470"}],"curies":[{"name":"wp","href":"https:\/\/api.w.org\/{rel}","templated":true}]}}