{"id":122425,"date":"2025-08-05T09:12:40","date_gmt":"2025-08-05T12:12:40","guid":{"rendered":"https:\/\/www.24baires.com\/?p=122425"},"modified":"2025-08-05T09:13:40","modified_gmt":"2025-08-05T12:13:40","slug":"kicillof-le-dono-un-medicamento-a-la-provincia-de-entre-rios-y-mostro-su-capacidad-bonaerense-de-fabricarlo","status":"publish","type":"post","link":"https:\/\/www.24baires.com\/?p=122425","title":{"rendered":"Kicillof le don\u00f3 un medicamento a la provincia de Entre R\u00edos y mostr\u00f3 su capacidad bonaerense de fabricarlo"},"content":{"rendered":"<p><img data-recalc-dims=\"1\" loading=\"lazy\" decoding=\"async\" class=\"aligncenter wp-image-122299\" src=\"https:\/\/i0.wp.com\/www.24baires.com\/wp-content\/uploads\/2025\/05\/kici-saludo.webp?resize=720%2C405\" alt=\"\" width=\"720\" height=\"405\" srcset=\"https:\/\/i0.wp.com\/www.24baires.com\/wp-content\/uploads\/2025\/05\/kici-saludo.webp?w=800&amp;ssl=1 800w, https:\/\/i0.wp.com\/www.24baires.com\/wp-content\/uploads\/2025\/05\/kici-saludo.webp?resize=300%2C169&amp;ssl=1 300w, https:\/\/i0.wp.com\/www.24baires.com\/wp-content\/uploads\/2025\/05\/kici-saludo.webp?resize=768%2C432&amp;ssl=1 768w\" sizes=\"auto, (max-width: 720px) 100vw, 720px\" \/>Axel Kicillof y Rogelio Frigerio firmaorn un convenio para que la provincia de Buenos Aires done un suero anti botulismo que fabrica en La Plata.<!--more--><\/p>\n<p>La donaci\u00f3n fue a principios de junio, pero tom\u00f3 estado p\u00fablico este martes con la publicaci\u00f3n del Decreto 1648\/25 en el que se hizo oficial. En aquel momento, el gobernador bonaerense, Axel Kicillof, firm\u00f3 un convenio con su par de Entre R\u00edos, y hombre del PRO, Rogelio Frigerio. El objetivo fue que la provincia de Buenos Aires asegure un stock de un insumo clave para tratar el botulismo. Los detalles.<\/p>\n<p>La \u00faltima vez que se encontraron los mandatarios provinciales fue, justamente, a principios de junio en el Consejo Federal de Inversiones (CFI). De aquella reuni\u00f3n de la que participaron todos los gobernadores salieron los proyectos de ley con los que las provincias intentan recuperar los fondos que les retiene el gobierno nacional. Ahora se confirm\u00f3 que el c\u00f3nclave sirvi\u00f3 para llegar a otros acuerdos.<\/p>\n","protected":false},"excerpt":{"rendered":"<p>Axel Kicillof y Rogelio Frigerio firmaorn un convenio para que la provincia de Buenos Aires done un suero anti botulismo que fabrica en La Plata.<\/p>\n","protected":false},"author":8,"featured_media":0,"comment_status":"closed","ping_status":"closed","sticky":false,"template":"","format":"standard","meta":{"_jetpack_newsletter_access":"","_jetpack_dont_email_post_to_subs":false,"_jetpack_newsletter_tier_id":0,"_jetpack_memberships_contains_paywalled_content":false,"_jetpack_memberships_contains_paid_content":false,"footnotes":""},"categories":[40],"tags":[],"class_list":["post-122425","post","type-post","status-publish","format-standard","hentry","category-provincia"],"jetpack_featured_media_url":"","jetpack_shortlink":"https:\/\/wp.me\/p2JWE0-vQB","jetpack-related-posts":[{"id":112716,"url":"https:\/\/www.24baires.com\/?p=112716","url_meta":{"origin":122425,"position":0},"title":"Alberto Fern\u00e1ndez es el nuevo presidente y Axel Kicillof el nuevo gobernador bonaerense","author":"GB","date":"27\/10\/2019","format":false,"excerpt":"Con los primeros resultados oficiales, se reafirma los votos de las PASO, en donde el Frente de Todos se alz\u00f3 por encima del oficialismo tanto en naci\u00f3n como en provincia. Los primeros resultados oficiales marcan una tendencia irreversible y la f\u00f3rmula Alberto Fern\u00e1ndez- Cristina Fern\u00e1ndez de Kirchner se constituye como\u2026","rel":"","context":"En \u00abELECCIONES 2019\u00bb","block_context":{"text":"ELECCIONES 2019","link":"https:\/\/www.24baires.com\/?cat=329"},"img":{"alt_text":"","src":"https:\/\/i0.wp.com\/www.24baires.com\/wp-content\/uploads\/2019\/10\/axel-alberto.jpg?resize=350%2C200","width":350,"height":200,"srcset":"https:\/\/i0.wp.com\/www.24baires.com\/wp-content\/uploads\/2019\/10\/axel-alberto.jpg?resize=350%2C200 1x, https:\/\/i0.wp.com\/www.24baires.com\/wp-content\/uploads\/2019\/10\/axel-alberto.jpg?resize=525%2C300 1.5x"},"classes":[]},{"id":121711,"url":"https:\/\/www.24baires.com\/?p=121711","url_meta":{"origin":122425,"position":1},"title":"Kicillof firm\u00f3 un convenio con M\u00e9xico para impulsar el desarrollo del litio","author":"GB","date":"03\/10\/2024","format":false,"excerpt":"El acuerdo firmado por Axel Kicillof en M\u00e9xico impulsa la cooperaci\u00f3n en investigaci\u00f3n sobre el litio, marcando un avance significativo en la ciencia bonaerense. Durante su reciente visita a M\u00e9xico, el gobernador de la provincia de Buenos Aires, Axel Kicillof, firm\u00f3 un convenio de cooperaci\u00f3n que busca fomentar la colaboraci\u00f3n\u2026","rel":"","context":"En \u00abProvincia\u00bb","block_context":{"text":"Provincia","link":"https:\/\/www.24baires.com\/?cat=40"},"img":{"alt_text":"","src":"https:\/\/i0.wp.com\/www.24baires.com\/wp-content\/uploads\/2024\/10\/kici-litio-mex.webp?resize=350%2C200","width":350,"height":200,"srcset":"https:\/\/i0.wp.com\/www.24baires.com\/wp-content\/uploads\/2024\/10\/kici-litio-mex.webp?resize=350%2C200 1x, https:\/\/i0.wp.com\/www.24baires.com\/wp-content\/uploads\/2024\/10\/kici-litio-mex.webp?resize=525%2C300 1.5x, https:\/\/i0.wp.com\/www.24baires.com\/wp-content\/uploads\/2024\/10\/kici-litio-mex.webp?resize=700%2C400 2x"},"classes":[]},{"id":119384,"url":"https:\/\/www.24baires.com\/?p=119384","url_meta":{"origin":122425,"position":2},"title":"Kicillof oficializar\u00e1 la hora extra de clases en escuelas primarias","author":"GB","date":"26\/09\/2022","format":false,"excerpt":"Esta tarde el gobernador Axel Kicillof y el ministro de Educaci\u00f3n Jaime Perczyk firmar\u00e1n el convenio para la extensi\u00f3n de la jornada escolar. Este lunes el gobernador Axel Kicillof oficializar\u00e1 la extensi\u00f3n de la jornada escolar en el nivel primario. Lo har\u00e1 en un acto junto al ministro de Educaci\u00f3n\u2026","rel":"","context":"En \u00abProvincia\u00bb","block_context":{"text":"Provincia","link":"https:\/\/www.24baires.com\/?cat=40"},"img":{"alt_text":"","src":"https:\/\/i0.wp.com\/www.24baires.com\/wp-content\/uploads\/2022\/09\/axel-kicillof-alumnos-escuela.jpg?resize=350%2C200","width":350,"height":200,"srcset":"https:\/\/i0.wp.com\/www.24baires.com\/wp-content\/uploads\/2022\/09\/axel-kicillof-alumnos-escuela.jpg?resize=350%2C200 1x, https:\/\/i0.wp.com\/www.24baires.com\/wp-content\/uploads\/2022\/09\/axel-kicillof-alumnos-escuela.jpg?resize=525%2C300 1.5x, https:\/\/i0.wp.com\/www.24baires.com\/wp-content\/uploads\/2022\/09\/axel-kicillof-alumnos-escuela.jpg?resize=700%2C400 2x"},"classes":[]},{"id":118692,"url":"https:\/\/www.24baires.com\/?p=118692","url_meta":{"origin":122425,"position":3},"title":"Provincia firm\u00f3 convenios para potenciar la producci\u00f3n sustentable de alimentos","author":"GB","date":"30\/03\/2022","format":false,"excerpt":"Fue en una reuni\u00f3n encabezada por el gobernador Axel Kicillof y el ministro de Desarrollo Agrario, Javier Rodr\u00edguez. El gobernador de la provincia de Buenos Aires, Axel Kicillof, junto al ministro de Desarrollo Agrario, Javier Rodr\u00edguez, firm\u00f3 un memorando de entendimiento con el representante de la Organizaci\u00f3n de las Naciones\u2026","rel":"","context":"En \u00abProvincia\u00bb","block_context":{"text":"Provincia","link":"https:\/\/www.24baires.com\/?cat=40"},"img":{"alt_text":"","src":"https:\/\/i0.wp.com\/www.24baires.com\/wp-content\/uploads\/2022\/03\/Kici-300x214.jpg?resize=350%2C200","width":350,"height":200},"classes":[]},{"id":111592,"url":"https:\/\/www.24baires.com\/?p=111592","url_meta":{"origin":122425,"position":4},"title":"Alberto dijo que Macri no lo llam\u00f3 y \u00abno creo que tenga que llamarme ahora\u00bb","author":"AF","date":"12\/08\/2019","format":false,"excerpt":"As\u00ed lo sostuvo en una rueda de prensa improvisada en la puerta del Instituto Patria donde se reuni\u00f3 con su compa\u00f1era de f\u00f3rmula, Cristina Fern\u00e1ndez, y con el candidato a gobernador de Buenos Aires, Axel Kicillof. El candidato presidencial del Frente de Tod@s, Alberto Fern\u00e1ndez, asegur\u00f3 que con Cristina Fern\u00e1ndez\u2026","rel":"","context":"En \u00abPol\u00edtica\u00bb","block_context":{"text":"Pol\u00edtica","link":"https:\/\/www.24baires.com\/?cat=51"},"img":{"alt_text":"","src":"https:\/\/i0.wp.com\/www.24baires.com\/wp-content\/uploads\/2019\/08\/alberto.jpg?resize=350%2C200","width":350,"height":200,"srcset":"https:\/\/i0.wp.com\/www.24baires.com\/wp-content\/uploads\/2019\/08\/alberto.jpg?resize=350%2C200 1x, https:\/\/i0.wp.com\/www.24baires.com\/wp-content\/uploads\/2019\/08\/alberto.jpg?resize=525%2C300 1.5x"},"classes":[]},{"id":117692,"url":"https:\/\/www.24baires.com\/?p=117692","url_meta":{"origin":122425,"position":5},"title":"Provincia firm\u00f3 un acuerdo para acceder a vacunas Covaxin y las ceder\u00e1 a Naci\u00f3n","author":"AF","date":"04\/06\/2021","format":false,"excerpt":"El gobernador Kicillof anunci\u00f3 la compra de 10 millones de dosis al laboratorio indio Bharat Biotech, con la posibilidad de acceder a cinco millones m\u00e1s. El gobierno de la provincia de Buenos Aires anunci\u00f3 que firm\u00f3 un acuerdo para acceder a vacunas Covaxin, del laboratorio indio Bharat Biotech, seg\u00fan inform\u00f3\u2026","rel":"","context":"En \u00abProvincia\u00bb","block_context":{"text":"Provincia","link":"https:\/\/www.24baires.com\/?cat=40"},"img":{"alt_text":"","src":"https:\/\/i0.wp.com\/www.24baires.com\/wp-content\/uploads\/2021\/06\/60ba539964058_1004x565.jpg?resize=350%2C200","width":350,"height":200,"srcset":"https:\/\/i0.wp.com\/www.24baires.com\/wp-content\/uploads\/2021\/06\/60ba539964058_1004x565.jpg?resize=350%2C200 1x, https:\/\/i0.wp.com\/www.24baires.com\/wp-content\/uploads\/2021\/06\/60ba539964058_1004x565.jpg?resize=525%2C300 1.5x"},"classes":[]}],"jetpack_sharing_enabled":true,"jetpack_likes_enabled":true,"_links":{"self":[{"href":"https:\/\/www.24baires.com\/index.php?rest_route=\/wp\/v2\/posts\/122425","targetHints":{"allow":["GET"]}}],"collection":[{"href":"https:\/\/www.24baires.com\/index.php?rest_route=\/wp\/v2\/posts"}],"about":[{"href":"https:\/\/www.24baires.com\/index.php?rest_route=\/wp\/v2\/types\/post"}],"author":[{"embeddable":true,"href":"https:\/\/www.24baires.com\/index.php?rest_route=\/wp\/v2\/users\/8"}],"replies":[{"embeddable":true,"href":"https:\/\/www.24baires.com\/index.php?rest_route=%2Fwp%2Fv2%2Fcomments&post=122425"}],"version-history":[{"count":2,"href":"https:\/\/www.24baires.com\/index.php?rest_route=\/wp\/v2\/posts\/122425\/revisions"}],"predecessor-version":[{"id":122427,"href":"https:\/\/www.24baires.com\/index.php?rest_route=\/wp\/v2\/posts\/122425\/revisions\/122427"}],"wp:attachment":[{"href":"https:\/\/www.24baires.com\/index.php?rest_route=%2Fwp%2Fv2%2Fmedia&parent=122425"}],"wp:term":[{"taxonomy":"category","embeddable":true,"href":"https:\/\/www.24baires.com\/index.php?rest_route=%2Fwp%2Fv2%2Fcategories&post=122425"},{"taxonomy":"post_tag","embeddable":true,"href":"https:\/\/www.24baires.com\/index.php?rest_route=%2Fwp%2Fv2%2Ftags&post=122425"}],"curies":[{"name":"wp","href":"https:\/\/api.w.org\/{rel}","templated":true}]}}