{"id":122416,"date":"2025-07-17T16:53:09","date_gmt":"2025-07-17T19:53:09","guid":{"rendered":"https:\/\/www.24baires.com\/?p=122416"},"modified":"2025-07-17T16:53:09","modified_gmt":"2025-07-17T19:53:09","slug":"kicillof-inauguro-la-primera-planta-de-energia-renovable-de-la-provincia","status":"publish","type":"post","link":"https:\/\/www.24baires.com\/?p=122416","title":{"rendered":"Kicillof inaugur\u00f3 la primera planta de energ\u00eda renovable de la provincia"},"content":{"rendered":"<p><img data-recalc-dims=\"1\" loading=\"lazy\" decoding=\"async\" class=\"aligncenter wp-image-122417\" src=\"https:\/\/i0.wp.com\/www.24baires.com\/wp-content\/uploads\/2025\/07\/kici-inaugura.webp?resize=720%2C480\" alt=\"\" width=\"720\" height=\"480\" srcset=\"https:\/\/i0.wp.com\/www.24baires.com\/wp-content\/uploads\/2025\/07\/kici-inaugura.webp?w=800&amp;ssl=1 800w, https:\/\/i0.wp.com\/www.24baires.com\/wp-content\/uploads\/2025\/07\/kici-inaugura.webp?resize=300%2C200&amp;ssl=1 300w, https:\/\/i0.wp.com\/www.24baires.com\/wp-content\/uploads\/2025\/07\/kici-inaugura.webp?resize=768%2C512&amp;ssl=1 768w\" sizes=\"auto, (max-width: 720px) 100vw, 720px\" \/>La gesti\u00f3n del gobernador vuelve a demostrar que, con un Estado presente, se pueden impulsar pol\u00edticas que cambian el rumbo energ\u00e9tico, generan empleo y apuestan al desarrollo sostenible de la provincia.<!--more--><\/p>\n<p>La provincia de Buenos Aires marc\u00f3 un hito con la inauguraci\u00f3n de la primera planta de energ\u00eda renovable ubicada en el Campus Tecnol\u00f3gico de la Comisi\u00f3n de Investigaciones Cient\u00edficas (CIC) de la ciudad de La Plata.<\/p>\n<p>Con una inversi\u00f3n de 3.841 millones de pesos, la obra generar\u00e1 25 puestos de trabajo. Adem\u00e1s, demuestra el compromiso que mantiene la gesti\u00f3n del gobernador Kicillof con los bonaerenses, invirtiendo en ciencia, tecnolog\u00eda y educaci\u00f3n.<\/p>\n<p>\u201cA pesar de que el Gobierno nacional haga lo contrario, nosotros vamos a seguir construyendo e inaugurando estos edificios que significan m\u00e1s desarrollo, producci\u00f3n y futuro\u201d, apunt\u00f3 el gobernador contra los recortes del gobierno nacional.<\/p>\n<p>De esta manera, el gobierno de Kicillof garantiza el fortalecimiento de la investigaci\u00f3n y desarrollo de las tecnolog\u00edas para la producci\u00f3n de energ\u00eda y formaci\u00f3n, demostrando que un Estado presente garantiza derechos.<\/p>\n<p>En la inauguraci\u00f3n, el gobernador estuvo acompa\u00f1ado del intendente local, Julio Alak, la ministra de Mujeres y Diversidad, Estela D\u00edaz y la diputada provincial Luc\u00eda Ia\u00f1ez.<\/p>\n<p>La obra fue gestionada por la Subsecretar\u00eda de Energ\u00eda, bajo la \u00f3rbita del Ministerio de Infraestructura y Servicios P\u00fablicos, y por el Foro Regional El\u00e9ctrico de la Provincia de Buenos Aires (FREBA).<\/p>\n","protected":false},"excerpt":{"rendered":"<p>La gesti\u00f3n del gobernador vuelve a demostrar que, con un Estado presente, se pueden impulsar pol\u00edticas que cambian el rumbo energ\u00e9tico, generan empleo y apuestan al desarrollo sostenible de la provincia.<\/p>\n","protected":false},"author":8,"featured_media":0,"comment_status":"closed","ping_status":"closed","sticky":false,"template":"","format":"standard","meta":{"_jetpack_newsletter_access":"","_jetpack_dont_email_post_to_subs":false,"_jetpack_newsletter_tier_id":0,"_jetpack_memberships_contains_paywalled_content":false,"_jetpack_memberships_contains_paid_content":false,"footnotes":""},"categories":[40],"tags":[],"class_list":["post-122416","post","type-post","status-publish","format-standard","hentry","category-provincia"],"jetpack_featured_media_url":"","jetpack_shortlink":"https:\/\/wp.me\/p2JWE0-vQs","jetpack-related-posts":[{"id":122064,"url":"https:\/\/www.24baires.com\/?p=122064","url_meta":{"origin":122416,"position":0},"title":"Desde Chascom\u00fas Kicillof defendi\u00f3 su gesti\u00f3n: \u201cNo paralizamos ni una obra\u201d","author":"GB","date":"20\/02\/2025","format":false,"excerpt":"El Gobernador inaugur\u00f3 la Casa de la Provincia en Chascom\u00fas y defendi\u00f3 un modelo econ\u00f3mico alejado de la especulaci\u00f3n financiera. El gobernador de la provincia de Buenos Aires, Axel Kicillof, encabez\u00f3 este mi\u00e9rcoles la inauguraci\u00f3n de la nueva Casa de la Provincia en el municipio de Chascom\u00fas, en un acto\u2026","rel":"","context":"En \u00abProvincia\u00bb","block_context":{"text":"Provincia","link":"https:\/\/www.24baires.com\/?cat=40"},"img":{"alt_text":"","src":"https:\/\/i0.wp.com\/www.24baires.com\/wp-content\/uploads\/2025\/02\/kici-chascomus.jpg?resize=350%2C200","width":350,"height":200,"srcset":"https:\/\/i0.wp.com\/www.24baires.com\/wp-content\/uploads\/2025\/02\/kici-chascomus.jpg?resize=350%2C200 1x, https:\/\/i0.wp.com\/www.24baires.com\/wp-content\/uploads\/2025\/02\/kici-chascomus.jpg?resize=525%2C300 1.5x, https:\/\/i0.wp.com\/www.24baires.com\/wp-content\/uploads\/2025\/02\/kici-chascomus.jpg?resize=700%2C400 2x"},"classes":[]},{"id":121711,"url":"https:\/\/www.24baires.com\/?p=121711","url_meta":{"origin":122416,"position":1},"title":"Kicillof firm\u00f3 un convenio con M\u00e9xico para impulsar el desarrollo del litio","author":"GB","date":"03\/10\/2024","format":false,"excerpt":"El acuerdo firmado por Axel Kicillof en M\u00e9xico impulsa la cooperaci\u00f3n en investigaci\u00f3n sobre el litio, marcando un avance significativo en la ciencia bonaerense. Durante su reciente visita a M\u00e9xico, el gobernador de la provincia de Buenos Aires, Axel Kicillof, firm\u00f3 un convenio de cooperaci\u00f3n que busca fomentar la colaboraci\u00f3n\u2026","rel":"","context":"En \u00abProvincia\u00bb","block_context":{"text":"Provincia","link":"https:\/\/www.24baires.com\/?cat=40"},"img":{"alt_text":"","src":"https:\/\/i0.wp.com\/www.24baires.com\/wp-content\/uploads\/2024\/10\/kici-litio-mex.webp?resize=350%2C200","width":350,"height":200,"srcset":"https:\/\/i0.wp.com\/www.24baires.com\/wp-content\/uploads\/2024\/10\/kici-litio-mex.webp?resize=350%2C200 1x, https:\/\/i0.wp.com\/www.24baires.com\/wp-content\/uploads\/2024\/10\/kici-litio-mex.webp?resize=525%2C300 1.5x, https:\/\/i0.wp.com\/www.24baires.com\/wp-content\/uploads\/2024\/10\/kici-litio-mex.webp?resize=700%2C400 2x"},"classes":[]},{"id":120385,"url":"https:\/\/www.24baires.com\/?p=120385","url_meta":{"origin":122416,"position":2},"title":"Kicillof: \u201cLa derecha tiene muchos candidatos y un solo proyecto: quitar derechos\u201d","author":"AF","date":"16\/08\/2023","format":false,"excerpt":"El gobernador bonaerense inaugur\u00f3 en Berisso el nuevo edificio para el Centro Educativo Complementario N\u00b0 802 y habl\u00f3 sobre el resultado de la PASO, la importancia de ir a votar, lo realizado durante su gesti\u00f3n y las asignaturas pendientes. El gobernador de la provincia de Buenos Aires, Axel Kicillof, asegur\u00f3\u2026","rel":"","context":"En \u00abPol\u00edtica\u00bb","block_context":{"text":"Pol\u00edtica","link":"https:\/\/www.24baires.com\/?cat=51"},"img":{"alt_text":"","src":"https:\/\/i0.wp.com\/www.24baires.com\/wp-content\/uploads\/2023\/01\/axel-kicillofjpg.jpg?resize=350%2C200","width":350,"height":200,"srcset":"https:\/\/i0.wp.com\/www.24baires.com\/wp-content\/uploads\/2023\/01\/axel-kicillofjpg.jpg?resize=350%2C200 1x, https:\/\/i0.wp.com\/www.24baires.com\/wp-content\/uploads\/2023\/01\/axel-kicillofjpg.jpg?resize=525%2C300 1.5x, https:\/\/i0.wp.com\/www.24baires.com\/wp-content\/uploads\/2023\/01\/axel-kicillofjpg.jpg?resize=700%2C400 2x"},"classes":[]},{"id":121033,"url":"https:\/\/www.24baires.com\/?p=121033","url_meta":{"origin":122416,"position":3},"title":"La Provincia inaugur\u00f3 una escuela en Moreno","author":"GB","date":"27\/02\/2024","format":false,"excerpt":"Axel Kicillof inaugur\u00f3 una escuela en Moreno y dej\u00f3 un duro mensaje al gobierno anterior: \"Dec\u00edan que les interesaba la educaci\u00f3n, pero decidieron no invertir\". Este martes, el gobernador de la provincia de Buenos Aires, Axel Kicillof, inaugur\u00f3 la Escuela Primaria N\u00ba 83 en el municipio bonaerense de Moreno y\u2026","rel":"","context":"En \u00abProvincia\u00bb","block_context":{"text":"Provincia","link":"https:\/\/www.24baires.com\/?cat=40"},"img":{"alt_text":"","src":"https:\/\/i0.wp.com\/www.24baires.com\/wp-content\/uploads\/2024\/02\/primaria-moreno.webp?resize=350%2C200","width":350,"height":200,"srcset":"https:\/\/i0.wp.com\/www.24baires.com\/wp-content\/uploads\/2024\/02\/primaria-moreno.webp?resize=350%2C200 1x, https:\/\/i0.wp.com\/www.24baires.com\/wp-content\/uploads\/2024\/02\/primaria-moreno.webp?resize=525%2C300 1.5x, https:\/\/i0.wp.com\/www.24baires.com\/wp-content\/uploads\/2024\/02\/primaria-moreno.webp?resize=700%2C400 2x"},"classes":[]},{"id":122138,"url":"https:\/\/www.24baires.com\/?p=122138","url_meta":{"origin":122416,"position":4},"title":"Axel Avellaneda: \u201cSin igualdad de oportunidades, hablar de libertad es una estafa\u201d","author":"GB","date":"13\/03\/2025","format":false,"excerpt":"El gobernador bonaerense inaugur\u00f3 obras en escuelas, entreg\u00f3 escrituras y reafirm\u00f3 el rol del Estado para garantizar derechos en Avellaneda. El gobernador de la provincia de Buenos Aires, Axel Kicillof, encabez\u00f3 este mi\u00e9rcoles una jornada de gesti\u00f3n en Avellaneda, donde inaugur\u00f3 obras de ampliaci\u00f3n y refacci\u00f3n en dos escuelas primarias\u2026","rel":"","context":"En \u00abProvincia\u00bb","block_context":{"text":"Provincia","link":"https:\/\/www.24baires.com\/?cat=40"},"img":{"alt_text":"","src":"https:\/\/i0.wp.com\/www.24baires.com\/wp-content\/uploads\/2025\/03\/primaria-53-kici.jpg?resize=350%2C200","width":350,"height":200,"srcset":"https:\/\/i0.wp.com\/www.24baires.com\/wp-content\/uploads\/2025\/03\/primaria-53-kici.jpg?resize=350%2C200 1x, https:\/\/i0.wp.com\/www.24baires.com\/wp-content\/uploads\/2025\/03\/primaria-53-kici.jpg?resize=525%2C300 1.5x, https:\/\/i0.wp.com\/www.24baires.com\/wp-content\/uploads\/2025\/03\/primaria-53-kici.jpg?resize=700%2C400 2x"},"classes":[]},{"id":120631,"url":"https:\/\/www.24baires.com\/?p=120631","url_meta":{"origin":122416,"position":5},"title":"Kicillof: \u00abLa provincia de Buenos Aires quiere ser protagonista del boom petrolero de la Argentina\u201d","author":"GB","date":"08\/11\/2023","format":false,"excerpt":"El gobernador de la provincia de Buenos Aires, Axel Kicillof, expres\u00f3 su compromiso en acelerar el desarrollo energ\u00e9tico en la regi\u00f3n y su inter\u00e9s en que la provincia sea un actor clave en el auge petrolero en el pa\u00eds. Durante un encuentro con empresarios del Club del Petr\u00f3leo, en el\u2026","rel":"","context":"En \u00abProvincia\u00bb","block_context":{"text":"Provincia","link":"https:\/\/www.24baires.com\/?cat=40"},"img":{"alt_text":"","src":"https:\/\/i0.wp.com\/www.24baires.com\/wp-content\/uploads\/2023\/11\/kicilloff.jpeg?resize=350%2C200","width":350,"height":200,"srcset":"https:\/\/i0.wp.com\/www.24baires.com\/wp-content\/uploads\/2023\/11\/kicilloff.jpeg?resize=350%2C200 1x, https:\/\/i0.wp.com\/www.24baires.com\/wp-content\/uploads\/2023\/11\/kicilloff.jpeg?resize=525%2C300 1.5x, https:\/\/i0.wp.com\/www.24baires.com\/wp-content\/uploads\/2023\/11\/kicilloff.jpeg?resize=700%2C400 2x"},"classes":[]}],"jetpack_sharing_enabled":true,"jetpack_likes_enabled":true,"_links":{"self":[{"href":"https:\/\/www.24baires.com\/index.php?rest_route=\/wp\/v2\/posts\/122416","targetHints":{"allow":["GET"]}}],"collection":[{"href":"https:\/\/www.24baires.com\/index.php?rest_route=\/wp\/v2\/posts"}],"about":[{"href":"https:\/\/www.24baires.com\/index.php?rest_route=\/wp\/v2\/types\/post"}],"author":[{"embeddable":true,"href":"https:\/\/www.24baires.com\/index.php?rest_route=\/wp\/v2\/users\/8"}],"replies":[{"embeddable":true,"href":"https:\/\/www.24baires.com\/index.php?rest_route=%2Fwp%2Fv2%2Fcomments&post=122416"}],"version-history":[{"count":1,"href":"https:\/\/www.24baires.com\/index.php?rest_route=\/wp\/v2\/posts\/122416\/revisions"}],"predecessor-version":[{"id":122418,"href":"https:\/\/www.24baires.com\/index.php?rest_route=\/wp\/v2\/posts\/122416\/revisions\/122418"}],"wp:attachment":[{"href":"https:\/\/www.24baires.com\/index.php?rest_route=%2Fwp%2Fv2%2Fmedia&parent=122416"}],"wp:term":[{"taxonomy":"category","embeddable":true,"href":"https:\/\/www.24baires.com\/index.php?rest_route=%2Fwp%2Fv2%2Fcategories&post=122416"},{"taxonomy":"post_tag","embeddable":true,"href":"https:\/\/www.24baires.com\/index.php?rest_route=%2Fwp%2Fv2%2Ftags&post=122416"}],"curies":[{"name":"wp","href":"https:\/\/api.w.org\/{rel}","templated":true}]}}