{"id":12240,"date":"2013-01-15T10:20:26","date_gmt":"2013-01-15T13:20:26","guid":{"rendered":"http:\/\/www.24baires.com\/?p=12240"},"modified":"2013-01-15T12:11:21","modified_gmt":"2013-01-15T15:11:21","slug":"lanzaron-la-semana-contra-la-violencia-de-genero-en-la-costa-atlantica","status":"publish","type":"post","link":"https:\/\/www.24baires.com\/?p=12240","title":{"rendered":"Lanzaron la Semana contra la Violencia de G\u00e9nero en la Costa Atl\u00e1ntica"},"content":{"rendered":"<p><a href=\"http:\/\/www.24baires.com\/sociedad\/12240-lanzaron-la-semana-contra-la-violencia-de-genero-en-la-costa-atlantica\/attachment\/violencia-de-genero\/\" rel=\"attachment wp-att-12242\"><img data-recalc-dims=\"1\" loading=\"lazy\" decoding=\"async\" class=\"alignleft size-full wp-image-12242\" alt=\"violencia de g\u00e9nero\" src=\"https:\/\/i0.wp.com\/www.24baires.com\/wp-content\/uploads\/2013\/01\/violencia-de-g%C3%A9nero.jpg?resize=225%2C225\" width=\"225\" height=\"225\" srcset=\"https:\/\/i0.wp.com\/www.24baires.com\/wp-content\/uploads\/2013\/01\/violencia-de-g%C3%A9nero.jpg?w=225&amp;ssl=1 225w, https:\/\/i0.wp.com\/www.24baires.com\/wp-content\/uploads\/2013\/01\/violencia-de-g%C3%A9nero.jpg?resize=150%2C150&amp;ssl=1 150w, https:\/\/i0.wp.com\/www.24baires.com\/wp-content\/uploads\/2013\/01\/violencia-de-g%C3%A9nero.jpg?resize=120%2C120&amp;ssl=1 120w\" sizes=\"auto, (max-width: 225px) 100vw, 225px\" \/><\/a><strong>MAR DEL PLATA &#8211;<\/strong> La ministra de Gobierno, Cristina \u00c1lvarez Rodr\u00edguez, declar\u00f3 que el objetivo es concientizar sobre la importancia de trabajar en la problem\u00e1tica.<!--more--><br \/>\nLa ministra de Gobierno de la Provincia de Buenos Aires y presidenta del Consejo Provincial de la Mujer, Cristina \u00c1lvarez Rodr\u00edguez, present\u00f3 en la ciudad de Mar del Plata, la Semana contra la Violencia de G\u00e9nero. La iniciativa tiene como objetivo realizar diferentes actividades en esa localidad tendientes a concientizar sobre la importancia de trabajar en la problem\u00e1tica.<\/p>\n<p>\u201cNo s\u00f3lo sobre el maltrato f\u00edsico que puede llevar hasta la muerte que es el m\u00e1s visible, sino sobre el maltrato emocional cuando, a veces bajo la forma de celos, o presiones, o amenazas de abandono, se va hostigando a la chica o al chico, y \u2013en esas situaciones- a veces los chicos creen que eso es amor, cuando el amor no es posesi\u00f3n. Est\u00e1 bueno alertar desde la docencia, los padres, los amigos para que podamos tener conciencia a tiempo para prevenir. En la provincia de Buenos Aires, el tel\u00e9fono 911 y el 144 de la Naci\u00f3n, son las v\u00edas para realizar las denuncias respectivas\u201d, dijo al tiempo que a\u00f1adi\u00f3: \u201cde los doce mil casos denunciados en la provincia, se resolvi\u00f3 el 70 por ciento\u201d.<\/p>\n<p>\u201cEs muy importante el trabajo de prevenci\u00f3n pero tambi\u00e9n hay que formar, porque cuando le pegan a una nos pegan a todas\u201d, asegur\u00f3.<\/p>\n<p>&nbsp;<\/p>\n<p>&nbsp;<\/p>\n<p>&nbsp;<\/p>\n<p>&nbsp;<\/p>\n<p>&nbsp;<\/p>\n<p>&nbsp;<\/p>\n<p>&nbsp;<\/p>\n<p>&nbsp;<\/p>\n<p>&nbsp;<\/p>\n<p>&nbsp;<\/p>\n<p>&nbsp;<\/p>\n<p>&nbsp;<\/p>\n<p>&nbsp;<\/p>\n<p>&nbsp;<\/p>\n<p>&nbsp;<\/p>\n<p>&nbsp;<\/p>\n<p>&nbsp;<\/p>\n<p>&nbsp;<\/p>\n<p>&nbsp;<\/p>\n<p>&nbsp;<\/p>\n<p>&nbsp;<\/p>\n<p>&nbsp;<\/p>\n","protected":false},"excerpt":{"rendered":"<p>MAR DEL PLATA &#8211; La ministra de Gobierno, Cristina \u00c1lvarez Rodr\u00edguez, declar\u00f3 que el objetivo es concientizar sobre la importancia de trabajar en la problem\u00e1tica.<\/p>\n","protected":false},"author":4,"featured_media":0,"comment_status":"open","ping_status":"open","sticky":false,"template":"","format":"standard","meta":{"_jetpack_newsletter_access":"","_jetpack_dont_email_post_to_subs":false,"_jetpack_newsletter_tier_id":0,"_jetpack_memberships_contains_paywalled_content":false,"_jetpack_memberships_contains_paid_content":false,"footnotes":""},"categories":[1],"tags":[],"class_list":["post-12240","post","type-post","status-publish","format-standard","hentry","category-sociedad"],"jetpack_featured_media_url":"","jetpack_shortlink":"https:\/\/wp.me\/p2JWE0-3bq","jetpack-related-posts":[{"id":61356,"url":"https:\/\/www.24baires.com\/?p=61356","url_meta":{"origin":12240,"position":0},"title":"Lanzan en el Partido de la Costa una campa\u00f1a contra la violencia de g\u00e9nero","author":"AF","date":"06\/02\/2015","format":false,"excerpt":"La ministra de Gobierno bonaerense, Cristina \u00c1lvarez Rodr\u00edguez, junto al intendente del Partido de la Costa, Juan Pablo De Jes\u00fas, pusieron en marcha el programa \u201c\u00bfEs amor?\u201d. La ministra de gobierno bonaerense, Cristina \u00c1lvarez Rodr\u00edguez, junto al intendente del Partido de la Costa, Juan Pablo De Jes\u00fas, presentaron la campa\u00f1a\u2026","rel":"","context":"En \u00abLocales\u00bb","block_context":{"text":"Locales","link":"https:\/\/www.24baires.com\/?cat=38"},"img":{"alt_text":"\u00e1lvarez cristina","src":"https:\/\/i0.wp.com\/www.24baires.com\/wp-content\/uploads\/2013\/02\/%C3%A1lvarez-cristina-300x233.jpg?resize=350%2C200","width":350,"height":200},"classes":[]},{"id":25729,"url":"https:\/\/www.24baires.com\/?p=25729","url_meta":{"origin":12240,"position":1},"title":"La campa\u00f1a \u00abMaltrato Cero\u00bb llega a San Mart\u00edn","author":"AF","date":"12\/06\/2013","format":false,"excerpt":"El intendente de San Mart\u00edn, Gabriel Katopodis; la ministra de Gobierno de la Provincia de Buenos Aires y presidenta del Consejo Provincial de las Mujeres (CPM), Cristina \u00c1lvarez Rodr\u00edguez; y el Premio Nobel de la Paz, Adolfo P\u00e9rez Esquivel, presentaron la campa\u00f1a provincial \"Maltrato Cero\" en el distrito. Durante el\u2026","rel":"","context":"En \u00abLocales\u00bb","block_context":{"text":"Locales","link":"https:\/\/www.24baires.com\/?cat=38"},"img":{"alt_text":"maltrato 0 san mart\u00edn","src":"https:\/\/i0.wp.com\/www.24baires.com\/wp-content\/uploads\/2013\/06\/maltrato-9-san-mart%C3%ADn-300x186.jpg?resize=350%2C200","width":350,"height":200},"classes":[]},{"id":37934,"url":"https:\/\/www.24baires.com\/?p=37934","url_meta":{"origin":12240,"position":2},"title":"Lanzaron en Mar del Plata una campa\u00f1a contra la violencia de g\u00e9nero","author":"GB","date":"05\/01\/2014","format":false,"excerpt":"Se puso en marcha ayer la campa\u00f1a \u201cReconoce las se\u00f1ales\u201d en Mar del Plata. Consiste en una serie de mensajes que ser\u00e1n dispuestos en veredas, comercios, espejos de los probadores de ropa, mesas de bares y restaurantes y vagones de Ferrobaires para detectar las se\u00f1ales de violencia y maltrato. La\u2026","rel":"","context":"En \u00abLocales\u00bb","block_context":{"text":"Locales","link":"https:\/\/www.24baires.com\/?cat=38"},"img":{"alt_text":"","src":"","width":0,"height":0},"classes":[]},{"id":67119,"url":"https:\/\/www.24baires.com\/?p=67119","url_meta":{"origin":12240,"position":3},"title":"Dictar\u00e1n talleres sobre violencia de g\u00e9nero en escuelas de la Provincia","author":"AF","date":"05\/06\/2015","format":false,"excerpt":"En las escuelas secundarias p\u00fablicas y privadas de la provincia de Buenos Aires se comenzar\u00e1 a dictar contenidos sobre la prevenci\u00f3n y la lucha contra la violencia de g\u00e9nero. El programa \u201cLos y las j\u00f3venes decimos maltrato cero\u201d es una iniciativa en conjunto entre la Direcci\u00f3n General de Cultura y\u2026","rel":"","context":"En \u00abProvincia\u00bb","block_context":{"text":"Provincia","link":"https:\/\/www.24baires.com\/?cat=40"},"img":{"alt_text":"escuelas bahia","src":"https:\/\/i0.wp.com\/www.24baires.com\/wp-content\/uploads\/2014\/04\/escuelas-bahia.jpg?resize=350%2C200","width":350,"height":200,"srcset":"https:\/\/i0.wp.com\/www.24baires.com\/wp-content\/uploads\/2014\/04\/escuelas-bahia.jpg?resize=350%2C200 1x, https:\/\/i0.wp.com\/www.24baires.com\/wp-content\/uploads\/2014\/04\/escuelas-bahia.jpg?resize=525%2C300 1.5x"},"classes":[]},{"id":45827,"url":"https:\/\/www.24baires.com\/?p=45827","url_meta":{"origin":12240,"position":4},"title":"\u00abLa trata de personas es un crimen de lesa humanidad\u00bb","author":"GB","date":"12\/05\/2014","format":false,"excerpt":"La ministra de Gobierno y presidenta del Consejo Provincial de las Mujeres, Cristina Alvarez Rodr\u00edguez, consider\u00f3 este lunes que \u201ccomo dijo el Papa Francisco, la trata de personas es un crimen de lesa humanidad\u201d, al participar de la apertura del Segundo Seminario Taller \u201cHacia una reparaci\u00f3n integral\u201d para v\u00edctimas de\u2026","rel":"","context":"En \u00abProvincia\u00bb","block_context":{"text":"Provincia","link":"https:\/\/www.24baires.com\/?cat=40"},"img":{"alt_text":"consejo prov de las mujeres","src":"https:\/\/i0.wp.com\/www.24baires.com\/wp-content\/uploads\/2014\/05\/consejo-prov-de-las-mujeres.png?resize=350%2C200","width":350,"height":200},"classes":[]},{"id":62745,"url":"https:\/\/www.24baires.com\/?p=62745","url_meta":{"origin":12240,"position":5},"title":"Desde Provincia intensifican acciones para reivindicar los derechos de las mujeres","author":"AF","date":"06\/03\/2015","format":false,"excerpt":"A pocos d\u00edas de conmemorarse el D\u00eda Internacional de la Mujer, el Consejo Provincial de las Mujeres de la Provincia, presidido por la ministra de Gobierno, Cristina Alvarez Rodr\u00edguez, anunci\u00f3 encuentros de debate y reflexi\u00f3n que se llevar\u00e1n a cabo durante todo el mes de marzo para reivindicar los derechos\u2026","rel":"","context":"En \u00abProvincia\u00bb","block_context":{"text":"Provincia","link":"https:\/\/www.24baires.com\/?cat=40"},"img":{"alt_text":"alvarez-rodriguez - cristina","src":"https:\/\/i0.wp.com\/www.24baires.com\/wp-content\/uploads\/2012\/10\/alvarez-rodriguez-cristina.jpg?resize=350%2C200","width":350,"height":200,"srcset":"https:\/\/i0.wp.com\/www.24baires.com\/wp-content\/uploads\/2012\/10\/alvarez-rodriguez-cristina.jpg?resize=350%2C200 1x, https:\/\/i0.wp.com\/www.24baires.com\/wp-content\/uploads\/2012\/10\/alvarez-rodriguez-cristina.jpg?resize=525%2C300 1.5x"},"classes":[]}],"jetpack_sharing_enabled":true,"jetpack_likes_enabled":true,"_links":{"self":[{"href":"https:\/\/www.24baires.com\/index.php?rest_route=\/wp\/v2\/posts\/12240","targetHints":{"allow":["GET"]}}],"collection":[{"href":"https:\/\/www.24baires.com\/index.php?rest_route=\/wp\/v2\/posts"}],"about":[{"href":"https:\/\/www.24baires.com\/index.php?rest_route=\/wp\/v2\/types\/post"}],"author":[{"embeddable":true,"href":"https:\/\/www.24baires.com\/index.php?rest_route=\/wp\/v2\/users\/4"}],"replies":[{"embeddable":true,"href":"https:\/\/www.24baires.com\/index.php?rest_route=%2Fwp%2Fv2%2Fcomments&post=12240"}],"version-history":[{"count":3,"href":"https:\/\/www.24baires.com\/index.php?rest_route=\/wp\/v2\/posts\/12240\/revisions"}],"predecessor-version":[{"id":12245,"href":"https:\/\/www.24baires.com\/index.php?rest_route=\/wp\/v2\/posts\/12240\/revisions\/12245"}],"wp:attachment":[{"href":"https:\/\/www.24baires.com\/index.php?rest_route=%2Fwp%2Fv2%2Fmedia&parent=12240"}],"wp:term":[{"taxonomy":"category","embeddable":true,"href":"https:\/\/www.24baires.com\/index.php?rest_route=%2Fwp%2Fv2%2Fcategories&post=12240"},{"taxonomy":"post_tag","embeddable":true,"href":"https:\/\/www.24baires.com\/index.php?rest_route=%2Fwp%2Fv2%2Ftags&post=12240"}],"curies":[{"name":"wp","href":"https:\/\/api.w.org\/{rel}","templated":true}]}}