{"id":122391,"date":"2025-07-07T06:25:41","date_gmt":"2025-07-07T09:25:41","guid":{"rendered":"https:\/\/www.24baires.com\/?p=122391"},"modified":"2025-07-07T06:25:41","modified_gmt":"2025-07-07T09:25:41","slug":"el-pj-bonarense-definio-la-mesa-de-unidad-para-armar-el-frente-electoral","status":"publish","type":"post","link":"https:\/\/www.24baires.com\/?p=122391","title":{"rendered":"El PJ bonarense defini\u00f3 la mesa de unidad para armar el frente electoral"},"content":{"rendered":"<p><img data-recalc-dims=\"1\" loading=\"lazy\" decoding=\"async\" class=\"aligncenter wp-image-122392\" src=\"https:\/\/i0.wp.com\/www.24baires.com\/wp-content\/uploads\/2025\/07\/pj-bonaerense.webp?resize=720%2C481\" alt=\"\" width=\"720\" height=\"481\" srcset=\"https:\/\/i0.wp.com\/www.24baires.com\/wp-content\/uploads\/2025\/07\/pj-bonaerense.webp?w=800&amp;ssl=1 800w, https:\/\/i0.wp.com\/www.24baires.com\/wp-content\/uploads\/2025\/07\/pj-bonaerense.webp?resize=300%2C200&amp;ssl=1 300w, https:\/\/i0.wp.com\/www.24baires.com\/wp-content\/uploads\/2025\/07\/pj-bonaerense.webp?resize=768%2C513&amp;ssl=1 768w\" sizes=\"auto, (max-width: 720px) 100vw, 720px\" \/>Los distintos sectores del peronismo acordaron una hoja de ruta com\u00fan, con representantes que garanticen consenso y el compromiso de sostener la campa\u00f1a por la libertad de Cristina Kirchner<!--more--><\/p>\n<p>Tras una semana de turbulencias, las tribus del peronismo acordaron los delegados que tendr\u00e1n a cargo la conformaci\u00f3n del frente electoral que competir\u00e1 el pr\u00f3ximo 7 de septiembre. La mesa qued\u00f3 integrada por el presidente del PJ bonaerense, M\u00e1ximo Kirchner, junto a Mariel Fern\u00e1ndez, Federico Oterm\u00edn, Ver\u00f3nica Magario y Gabriel Katopodis, y responde a una demanda del Movimiento Derecho al Futuro, que reclamaba un reaseguro para garantizar la participaci\u00f3n de todos los sectores. La letra chica del acuerdo se termin\u00f3 de escribir en un desayuno que mantuvieron temprano los dirigentes de cada tribu a pocas cuadras del Teatro Municipal de Merlo, donde se realiz\u00f3 el congreso partidario. Adem\u00e1s, se defini\u00f3 darle volumen a la campa\u00f1a \u201cArgentina con Cristina\u201d, que exige la libertad de la principal opositora al gobierno de Milei y la inmediata liberaci\u00f3n de Eva Mieri, detenida en el penal de Ezeiza por el escrache a Jos\u00e9 Luis Espert.<\/p>\n<p>\u201cEstuvo fr\u00edo, pero termin\u00f3 bien\u201d, as\u00ed defini\u00f3 un dirigente que particip\u00f3 del Congreso las horas que transcurrieron en Merlo. Si bien la hora prevista para el inicio era el mediod\u00eda, la primera parada fue en la municipalidad. All\u00ed los esperaba el intendente local, Gustavo Men\u00e9ndez. Se sumaron los jefes comunales Federico Oterm\u00edn, Mariel Fern\u00e1ndez y Mayra Mendoza, junto al diputado provincial Facundo Tignanelli, todos alineados con el presidente del PJ, M\u00e1ximo Kirchner -que no fue de la partida-. Tambi\u00e9n participaron los referentes del MDF Fernando Espinoza, Julio Alak y Gabriel Katopodis.<\/p>\n<p>\u201cFue una reuni\u00f3n para darle agilidad al Congreso\u201d, explic\u00f3 uno de los intendentes presentes. Y agreg\u00f3: \u201cLo que se hizo fue replicar lo que el peronismo hizo siempre: el presidente del consejo faculta al Congreso, y ese mandato se delega en el presidente del PJ y en otros cuatro compa\u00f1eros. En 2023 fue igual\u201d. As\u00ed relat\u00f3 el detr\u00e1s de escena de la conformaci\u00f3n de la mesa. En el MDF celebraron la composici\u00f3n: ese espacio impulsa un esquema de \u201capoderados cruzados\u201d, donde ninguna de las partes pueda avanzar sin la autorizaci\u00f3n de la otra, sobre todo en el cierre de listas previsto para el 19 de julio. La demanda expone el nivel de desconfianza que todav\u00eda persiste entre los distintos campamentos.<\/p>\n","protected":false},"excerpt":{"rendered":"<p>Los distintos sectores del peronismo acordaron una hoja de ruta com\u00fan, con representantes que garanticen consenso y el compromiso de sostener la campa\u00f1a por la libertad de Cristina Kirchner<\/p>\n","protected":false},"author":8,"featured_media":0,"comment_status":"closed","ping_status":"closed","sticky":false,"template":"","format":"standard","meta":{"_jetpack_newsletter_access":"","_jetpack_dont_email_post_to_subs":false,"_jetpack_newsletter_tier_id":0,"_jetpack_memberships_contains_paywalled_content":false,"_jetpack_memberships_contains_paid_content":false,"footnotes":""},"categories":[40],"tags":[],"class_list":["post-122391","post","type-post","status-publish","format-standard","hentry","category-provincia"],"jetpack_featured_media_url":"","jetpack_shortlink":"https:\/\/wp.me\/p2JWE0-vQ3","jetpack-related-posts":[{"id":100716,"url":"https:\/\/www.24baires.com\/?p=100716","url_meta":{"origin":122391,"position":0},"title":"Pablo Moyano: \u00abCristina tiene que estar incluida en el PJ\u00bb","author":"GB","date":"24\/02\/2018","format":false,"excerpt":"El secretario general adjunto de Camioneros record\u00f3 que la ex Presidenta \"sac\u00f3 m\u00e1s del 30 por ciento de votos en la Provincia\". El secretario general adjunto de Camioneros, Pablo Moyano, destac\u00f3 el caudal de votos de Cristina Fern\u00e1ndez de Kirchner y opin\u00f3 que la ex mandataria nacional \"tiene que estar\u2026","rel":"","context":"En \u00abPol\u00edtica\u00bb","block_context":{"text":"Pol\u00edtica","link":"https:\/\/www.24baires.com\/?cat=51"},"img":{"alt_text":"","src":"https:\/\/i0.wp.com\/www.24baires.com\/wp-content\/uploads\/2013\/07\/moyano-pablo.jpg?resize=350%2C200","width":350,"height":200,"srcset":"https:\/\/i0.wp.com\/www.24baires.com\/wp-content\/uploads\/2013\/07\/moyano-pablo.jpg?resize=350%2C200 1x, https:\/\/i0.wp.com\/www.24baires.com\/wp-content\/uploads\/2013\/07\/moyano-pablo.jpg?resize=525%2C300 1.5x"},"classes":[]},{"id":108380,"url":"https:\/\/www.24baires.com\/?p=108380","url_meta":{"origin":122391,"position":1},"title":"Reuni\u00f3n de Alberto Fern\u00e1ndez con intendentes del PJ bonaerense","author":"AF","date":"24\/05\/2019","format":false,"excerpt":"El precandidato presidencial Alberto Fern\u00e1ndez se reuni\u00f3 este mediod\u00eda con intendentes y legisladores peronistas en la localidad de San Antonio de Areco con la mirada puesta en recuperar los votos perdidos por el kirchnerismo en el interior rural bonaerense y continuar el debate respecto de la candidatura para gobernador. \"El\u2026","rel":"","context":"En \u00abPol\u00edtica\u00bb","block_context":{"text":"Pol\u00edtica","link":"https:\/\/www.24baires.com\/?cat=51"},"img":{"alt_text":"","src":"https:\/\/i0.wp.com\/www.24baires.com\/wp-content\/uploads\/2019\/05\/alberto-fernandez-intendentes-bonaerenses.jpg?resize=350%2C200","width":350,"height":200,"srcset":"https:\/\/i0.wp.com\/www.24baires.com\/wp-content\/uploads\/2019\/05\/alberto-fernandez-intendentes-bonaerenses.jpg?resize=350%2C200 1x, https:\/\/i0.wp.com\/www.24baires.com\/wp-content\/uploads\/2019\/05\/alberto-fernandez-intendentes-bonaerenses.jpg?resize=525%2C300 1.5x"},"classes":[]},{"id":108164,"url":"https:\/\/www.24baires.com\/?p=108164","url_meta":{"origin":122391,"position":2},"title":"CFK participa hoy de la cumbre del PJ, no lo hac\u00eda desde 2003","author":"AF","date":"14\/05\/2019","format":false,"excerpt":"El encuentro es esta tarde en la sede del partido, en el centro porte\u00f1o. Se buscar\u00e1 avanzar en la conformaci\u00f3n de un frente electoral opositor. La ex mandataria no asist\u00eda desde 2003. La ex presidenta Cristina Kirchner participar\u00e1 en una reuni\u00f3n del Partido Justicialista donde se analizar\u00e1 los resultados de\u2026","rel":"","context":"En \u00abPol\u00edtica\u00bb","block_context":{"text":"Pol\u00edtica","link":"https:\/\/www.24baires.com\/?cat=51"},"img":{"alt_text":"","src":"https:\/\/i0.wp.com\/www.24baires.com\/wp-content\/uploads\/2019\/05\/cumbre-pj.jpeg?resize=350%2C200","width":350,"height":200,"srcset":"https:\/\/i0.wp.com\/www.24baires.com\/wp-content\/uploads\/2019\/05\/cumbre-pj.jpeg?resize=350%2C200 1x, https:\/\/i0.wp.com\/www.24baires.com\/wp-content\/uploads\/2019\/05\/cumbre-pj.jpeg?resize=525%2C300 1.5x"},"classes":[]},{"id":108487,"url":"https:\/\/www.24baires.com\/?p=108487","url_meta":{"origin":122391,"position":3},"title":"El massismo define si avanza en un frente con el kirchnerismo","author":"GB","date":"30\/05\/2019","format":false,"excerpt":"El Frente Renovador bonaerense realizar\u00e1 este jueves su congreso partidario para definir el futuro del partido de cara a las elecciones. El tema central de la cumbre en Parque Norte ser\u00e1 la posibilidad de avanzar en un frente com\u00fan con el kirchnerismo y el PJ bonaerense. El congreso de los\u2026","rel":"","context":"En \u00abPol\u00edtica\u00bb","block_context":{"text":"Pol\u00edtica","link":"https:\/\/www.24baires.com\/?cat=51"},"img":{"alt_text":"","src":"https:\/\/i0.wp.com\/www.24baires.com\/wp-content\/uploads\/2019\/05\/alternativa-federal.jpg?resize=350%2C200","width":350,"height":200,"srcset":"https:\/\/i0.wp.com\/www.24baires.com\/wp-content\/uploads\/2019\/05\/alternativa-federal.jpg?resize=350%2C200 1x, https:\/\/i0.wp.com\/www.24baires.com\/wp-content\/uploads\/2019\/05\/alternativa-federal.jpg?resize=525%2C300 1.5x"},"classes":[]},{"id":121799,"url":"https:\/\/www.24baires.com\/?p=121799","url_meta":{"origin":122391,"position":4},"title":"Cristina obtuvo la presidencia del PJ","author":"GB","date":"06\/11\/2024","format":false,"excerpt":"La Junta Electoral del PJ proclam\u00f3 la lista \"Primero la Patria\", liderada por Cristina Kirchner, con 13 votos a favor y uno en disidencia. La Junta Electoral del Partido Justicialista oficializ\u00f3 la lista \u201cPrimero la Patria\u201d, encabezada por la ex presidenta y actual vicepresidenta, Cristina Kirchner. En una resoluci\u00f3n tomada\u2026","rel":"","context":"En \u00abPol\u00edtica\u00bb","block_context":{"text":"Pol\u00edtica","link":"https:\/\/www.24baires.com\/?cat=51"},"img":{"alt_text":"","src":"https:\/\/i0.wp.com\/www.24baires.com\/wp-content\/uploads\/2024\/11\/cristina-pj.webp?resize=350%2C200","width":350,"height":200,"srcset":"https:\/\/i0.wp.com\/www.24baires.com\/wp-content\/uploads\/2024\/11\/cristina-pj.webp?resize=350%2C200 1x, https:\/\/i0.wp.com\/www.24baires.com\/wp-content\/uploads\/2024\/11\/cristina-pj.webp?resize=525%2C300 1.5x, https:\/\/i0.wp.com\/www.24baires.com\/wp-content\/uploads\/2024\/11\/cristina-pj.webp?resize=700%2C400 2x"},"classes":[]},{"id":107118,"url":"https:\/\/www.24baires.com\/?p=107118","url_meta":{"origin":122391,"position":5},"title":"El PJ invita a Massa y a los Gobernadores a una \u201cgran interna\u201d opositora","author":"GB","date":"07\/03\/2019","format":false,"excerpt":"El Partido Justicialista, en el orden nacional, celebra hoy un Congreso en el que se habilitar\u00e1 al espacio a conformar alianzas electorales. A su ingreso al estadio de Ferro, desde el kirchnerismo abrieron las puertas a espacios disidentes. Tal como el PJ Bonaerense hizo hace apenas unas semanas, el Partido\u2026","rel":"","context":"En \u00abProvincia\u00bb","block_context":{"text":"Provincia","link":"https:\/\/www.24baires.com\/?cat=40"},"img":{"alt_text":"","src":"https:\/\/i0.wp.com\/www.24baires.com\/wp-content\/uploads\/2019\/03\/congreso-justicialista.jpg?resize=350%2C200","width":350,"height":200,"srcset":"https:\/\/i0.wp.com\/www.24baires.com\/wp-content\/uploads\/2019\/03\/congreso-justicialista.jpg?resize=350%2C200 1x, https:\/\/i0.wp.com\/www.24baires.com\/wp-content\/uploads\/2019\/03\/congreso-justicialista.jpg?resize=525%2C300 1.5x"},"classes":[]}],"jetpack_sharing_enabled":true,"jetpack_likes_enabled":true,"_links":{"self":[{"href":"https:\/\/www.24baires.com\/index.php?rest_route=\/wp\/v2\/posts\/122391","targetHints":{"allow":["GET"]}}],"collection":[{"href":"https:\/\/www.24baires.com\/index.php?rest_route=\/wp\/v2\/posts"}],"about":[{"href":"https:\/\/www.24baires.com\/index.php?rest_route=\/wp\/v2\/types\/post"}],"author":[{"embeddable":true,"href":"https:\/\/www.24baires.com\/index.php?rest_route=\/wp\/v2\/users\/8"}],"replies":[{"embeddable":true,"href":"https:\/\/www.24baires.com\/index.php?rest_route=%2Fwp%2Fv2%2Fcomments&post=122391"}],"version-history":[{"count":1,"href":"https:\/\/www.24baires.com\/index.php?rest_route=\/wp\/v2\/posts\/122391\/revisions"}],"predecessor-version":[{"id":122393,"href":"https:\/\/www.24baires.com\/index.php?rest_route=\/wp\/v2\/posts\/122391\/revisions\/122393"}],"wp:attachment":[{"href":"https:\/\/www.24baires.com\/index.php?rest_route=%2Fwp%2Fv2%2Fmedia&parent=122391"}],"wp:term":[{"taxonomy":"category","embeddable":true,"href":"https:\/\/www.24baires.com\/index.php?rest_route=%2Fwp%2Fv2%2Fcategories&post=122391"},{"taxonomy":"post_tag","embeddable":true,"href":"https:\/\/www.24baires.com\/index.php?rest_route=%2Fwp%2Fv2%2Ftags&post=122391"}],"curies":[{"name":"wp","href":"https:\/\/api.w.org\/{rel}","templated":true}]}}