{"id":122371,"date":"2025-07-01T06:36:50","date_gmt":"2025-07-01T09:36:50","guid":{"rendered":"https:\/\/www.24baires.com\/?p=122371"},"modified":"2025-07-01T06:36:50","modified_gmt":"2025-07-01T09:36:50","slug":"kicillof-denuncio-complicidad-de-milei-con-los-fondos-buitre-y-convoco-a-defender-ypf","status":"publish","type":"post","link":"https:\/\/www.24baires.com\/?p=122371","title":{"rendered":"Kicillof denunci\u00f3 complicidad de Milei con los fondos buitre y convoc\u00f3 a defender YPF"},"content":{"rendered":"<p><img data-recalc-dims=\"1\" loading=\"lazy\" decoding=\"async\" class=\"aligncenter wp-image-118444\" src=\"https:\/\/i0.wp.com\/www.24baires.com\/wp-content\/uploads\/2022\/01\/kicillof-1024x681.jpg?resize=720%2C478\" alt=\"\" width=\"720\" height=\"478\" srcset=\"https:\/\/i0.wp.com\/www.24baires.com\/wp-content\/uploads\/2022\/01\/kicillof-1024x681.jpg?w=560&amp;ssl=1 560w, https:\/\/i0.wp.com\/www.24baires.com\/wp-content\/uploads\/2022\/01\/kicillof-1024x681.jpg?resize=300%2C199&amp;ssl=1 300w\" sizes=\"auto, (max-width: 720px) 100vw, 720px\" \/>El Gobernador rechaz\u00f3 el fallo de la Justicia de EE.UU., defendi\u00f3 la soberan\u00eda energ\u00e9tica y acus\u00f3 al Presidente de favorecer intereses extranjeros.<!--more--><\/p>\n<p>Tras el nuevo fallo de la jueza estadounidense Loretta Preska que ordena a la Argentina entregar el 51% de las acciones de YPF como parte del pago por la expropiaci\u00f3n de 2012, el gobernador bonaerense Axel Kicillof sali\u00f3 a responder con dureza y carg\u00f3 directamente contra el presidente Javier Milei. En un extenso posteo publicado este lunes en X (antes Twitter), Kicillof denunci\u00f3 una \u201cintromisi\u00f3n intolerable sobre la soberan\u00eda nacional\u201d y acus\u00f3 al Gobierno nacional de \u201cdefender los intereses de Estados Unidos y de las empresas extranjeras\u201d.<\/p>\n<p>\u201cLo m\u00e1s grave no es el fallo ni el comportamiento de esta jueza; lo m\u00e1s peligroso es que el propio presidente argentino elija ponerse del lado de los poderes extranjeros y no del lado de los intereses nacionales\u201d, escribi\u00f3 Kicillof, quien fue el ministro de Econom\u00eda que encabez\u00f3 la estatizaci\u00f3n de YPF durante el segundo mandato de Cristina Kirchner. En su mensaje, tambi\u00e9n adelant\u00f3 que este martes a las 18 horas brindar\u00e1 una conferencia de prensa para profundizar su postura frente a lo que consider\u00f3 un \u201cataque al desarrollo nacional\u201d.<\/p>\n<p>La reacci\u00f3n del gobernador se da en un momento de fuerte tensi\u00f3n pol\u00edtica, con la campa\u00f1a electoral en marcha en la provincia de Buenos Aires y con Uni\u00f3n por la Patria intentando cerrar filas en torno a la figura de Kicillof como armador. El fallo de Preska no s\u00f3lo reaviv\u00f3 la controversia judicial por la nacionalizaci\u00f3n de YPF, sino que tambi\u00e9n gener\u00f3 un nuevo cap\u00edtulo en la polarizaci\u00f3n entre el mandatario bonaerense y Javier Milei. En su posteo, Kicillof ironiz\u00f3 sobre la reciente aparici\u00f3n del presidente en un canal de streaming: \u201cCasualmente anoche estuvo varias horas paveando disfrazado con un mameluco de la empresa que quiere entregar\u201d.<\/p>\n<p>El gobernador tambi\u00e9n reivindic\u00f3 la recuperaci\u00f3n de la petrolera como una de las decisiones m\u00e1s importantes de los \u00faltimos a\u00f1os: \u201cYPF volvi\u00f3 a producir, invertir, crecer y generar empleo. Vaca Muerta se convirti\u00f3 en un potencial que todos reconocen porque se recuper\u00f3 YPF\u201d, se\u00f1al\u00f3, y remarc\u00f3 que la empresa volvi\u00f3 a estar \u201cal servicio del desarrollo nacional\u201d. La frase final de su mensaje fue categ\u00f3rica: \u201cFrente a esta nueva agresi\u00f3n de los buitres, que cuenta ahora con la complicidad del \u2018topo en la Casa Rosada\u2019, desde la Provincia de Buenos Aires respondemos: YPF no se vende\u201d.<\/p>\n<p>El fallo de Preska tambi\u00e9n provoc\u00f3 una fuerte ca\u00edda en las acciones de la empresa en Wall Street y volvi\u00f3 a abrir el debate sobre el rol de la Justicia estadounidense en los litigios por deuda y estatizaciones argentinas. Desde el entorno del gobernador consideran que se trata de una avanzada judicial en sinton\u00eda con los intereses geopol\u00edticos del norte, mientras que en el oficialismo nacional aprovecharon el fallo para redoblar sus cr\u00edticas a Kicillof, a quien acusan de haber generado el conflicto por la forma en que se llev\u00f3 adelante la estatizaci\u00f3n.<\/p>\n<p>En ese contexto, la batalla por YPF se transforma en un eje simb\u00f3lico y estrat\u00e9gico de la discusi\u00f3n electoral. Mientras el Gobierno nacional insiste con su plan de privatizaciones, en el conurbano y en sectores de la oposici\u00f3n crece el discurso en defensa de los recursos energ\u00e9ticos como herramientas de desarrollo. La conferencia de Kicillof de este martes buscar\u00e1 precisamente capitalizar esa bandera, con un mensaje directo a su electorado y a sus detractores: el litio, Vaca Muerta y YPF no son moneda de cambio.<\/p>\n","protected":false},"excerpt":{"rendered":"<p>El Gobernador rechaz\u00f3 el fallo de la Justicia de EE.UU., defendi\u00f3 la soberan\u00eda energ\u00e9tica y acus\u00f3 al Presidente de favorecer intereses extranjeros.<\/p>\n","protected":false},"author":8,"featured_media":0,"comment_status":"closed","ping_status":"closed","sticky":false,"template":"","format":"standard","meta":{"_jetpack_newsletter_access":"","_jetpack_dont_email_post_to_subs":false,"_jetpack_newsletter_tier_id":0,"_jetpack_memberships_contains_paywalled_content":false,"_jetpack_memberships_contains_paid_content":false,"footnotes":""},"categories":[40],"tags":[],"class_list":["post-122371","post","type-post","status-publish","format-standard","hentry","category-provincia"],"jetpack_featured_media_url":"","jetpack_shortlink":"https:\/\/wp.me\/p2JWE0-vPJ","jetpack-related-posts":[{"id":122649,"url":"https:\/\/www.24baires.com\/?p=122649","url_meta":{"origin":122371,"position":0},"title":"\u201cEl gobierno de Milei fracas\u00f3, improvisa y gobierna para la timba y la especulaci\u00f3n\u201d, dijo Kicillof","author":"GB","date":"21\/10\/2025","format":false,"excerpt":"El mandatario bonaerense particip\u00f3 del plenario provincial de la CGT, en homenaje a Jos\u00e9 Ignacio Rucci, donde critic\u00f3 al Gobierno nacional y la dependencia econ\u00f3mica del FMI y del Tesoro de Estados Unidos. El gobernador Axel Kicillof particip\u00f3 este s\u00e1bado del plenario provincial de la CGT, realizado en homenaje al\u2026","rel":"","context":"En \u00abElecciones\u00bb","block_context":{"text":"Elecciones","link":"https:\/\/www.24baires.com\/?cat=316"},"img":{"alt_text":"","src":"https:\/\/i0.wp.com\/www.24baires.com\/wp-content\/uploads\/2025\/10\/axel-campana.webp?resize=350%2C200","width":350,"height":200,"srcset":"https:\/\/i0.wp.com\/www.24baires.com\/wp-content\/uploads\/2025\/10\/axel-campana.webp?resize=350%2C200 1x, https:\/\/i0.wp.com\/www.24baires.com\/wp-content\/uploads\/2025\/10\/axel-campana.webp?resize=525%2C300 1.5x, https:\/\/i0.wp.com\/www.24baires.com\/wp-content\/uploads\/2025\/10\/axel-campana.webp?resize=700%2C400 2x"},"classes":[]},{"id":122298,"url":"https:\/\/www.24baires.com\/?p=122298","url_meta":{"origin":122371,"position":1},"title":"Kicillof: \u00abLa Soberan\u00eda se construye Junto al Pueblo\u00bb","author":"GB","date":"26\/05\/2025","format":false,"excerpt":"El gobernador comparti\u00f3 un mensaje en sus redes y habl\u00f3 de su compromiso con el pueblo de la provincia El gobernador Axel Kicillof comparti\u00f3 un breve mensaje en sus redes sociales en el marco de la conmemoraci\u00f3n de la Revoluci\u00f3n de Mayo de 1810 en el que destac\u00f3 los valores\u2026","rel":"","context":"En \u00abPol\u00edtica\u00bb","block_context":{"text":"Pol\u00edtica","link":"https:\/\/www.24baires.com\/?cat=51"},"img":{"alt_text":"","src":"https:\/\/i0.wp.com\/www.24baires.com\/wp-content\/uploads\/2025\/05\/kici-saludo.webp?resize=350%2C200","width":350,"height":200,"srcset":"https:\/\/i0.wp.com\/www.24baires.com\/wp-content\/uploads\/2025\/05\/kici-saludo.webp?resize=350%2C200 1x, https:\/\/i0.wp.com\/www.24baires.com\/wp-content\/uploads\/2025\/05\/kici-saludo.webp?resize=525%2C300 1.5x, https:\/\/i0.wp.com\/www.24baires.com\/wp-content\/uploads\/2025\/05\/kici-saludo.webp?resize=700%2C400 2x"},"classes":[]},{"id":120631,"url":"https:\/\/www.24baires.com\/?p=120631","url_meta":{"origin":122371,"position":2},"title":"Kicillof: \u00abLa provincia de Buenos Aires quiere ser protagonista del boom petrolero de la Argentina\u201d","author":"GB","date":"08\/11\/2023","format":false,"excerpt":"El gobernador de la provincia de Buenos Aires, Axel Kicillof, expres\u00f3 su compromiso en acelerar el desarrollo energ\u00e9tico en la regi\u00f3n y su inter\u00e9s en que la provincia sea un actor clave en el auge petrolero en el pa\u00eds. Durante un encuentro con empresarios del Club del Petr\u00f3leo, en el\u2026","rel":"","context":"En \u00abProvincia\u00bb","block_context":{"text":"Provincia","link":"https:\/\/www.24baires.com\/?cat=40"},"img":{"alt_text":"","src":"https:\/\/i0.wp.com\/www.24baires.com\/wp-content\/uploads\/2023\/11\/kicilloff.jpeg?resize=350%2C200","width":350,"height":200,"srcset":"https:\/\/i0.wp.com\/www.24baires.com\/wp-content\/uploads\/2023\/11\/kicilloff.jpeg?resize=350%2C200 1x, https:\/\/i0.wp.com\/www.24baires.com\/wp-content\/uploads\/2023\/11\/kicilloff.jpeg?resize=525%2C300 1.5x, https:\/\/i0.wp.com\/www.24baires.com\/wp-content\/uploads\/2023\/11\/kicilloff.jpeg?resize=700%2C400 2x"},"classes":[]},{"id":122653,"url":"https:\/\/www.24baires.com\/?p=122653","url_meta":{"origin":122371,"position":3},"title":"El gobernador sobre las Provincias Unidas: \u201cSon las viudas de Milei\u201d","author":"GB","date":"23\/10\/2025","format":false,"excerpt":"En General Pinto, Kicillof cuestion\u00f3 a los gobernadores de Provincias Unidas y los acus\u00f3 de haber sostenido a Milei: \"Son las viudas de ese modelo\". En medio de una recorrida por el distrito de General Pinto a tan s\u00f3lo cuatro d\u00edas de las elecciones legislativas, el gobernador de la Provincia\u2026","rel":"","context":"En \u00abPol\u00edtica\u00bb","block_context":{"text":"Pol\u00edtica","link":"https:\/\/www.24baires.com\/?cat=51"},"img":{"alt_text":"","src":"https:\/\/i0.wp.com\/www.24baires.com\/wp-content\/uploads\/2025\/10\/kici-cammpana.webp?resize=350%2C200","width":350,"height":200,"srcset":"https:\/\/i0.wp.com\/www.24baires.com\/wp-content\/uploads\/2025\/10\/kici-cammpana.webp?resize=350%2C200 1x, https:\/\/i0.wp.com\/www.24baires.com\/wp-content\/uploads\/2025\/10\/kici-cammpana.webp?resize=525%2C300 1.5x, https:\/\/i0.wp.com\/www.24baires.com\/wp-content\/uploads\/2025\/10\/kici-cammpana.webp?resize=700%2C400 2x"},"classes":[]},{"id":120450,"url":"https:\/\/www.24baires.com\/?p=120450","url_meta":{"origin":122371,"position":4},"title":"Kicillof afirma que Argentina tiene \u00abaltas chances\u00bb de evitar una sentencia firme en su contra","author":"AF","date":"09\/09\/2023","format":false,"excerpt":"Asimismo, el gobernador indic\u00f3 que \"ante los nuevos milagros\" que proponen los candidatos de la oposici\u00f3n, UxP tiene \"la obligaci\u00f3n de explicarlos para la vida cotidiana\". \"Han encontrado un nuevo lenguaje para camuflar viejas y fracasadas recetas\", sostuvo. El gobernador bonaerense, Axel Kicillof, afirm\u00f3 que la Argentina \"tiene altas chances\"\u2026","rel":"","context":"En \u00abPol\u00edtica\u00bb","block_context":{"text":"Pol\u00edtica","link":"https:\/\/www.24baires.com\/?cat=51"},"img":{"alt_text":"","src":"https:\/\/i0.wp.com\/www.24baires.com\/wp-content\/uploads\/2023\/08\/kici.webp?resize=350%2C200","width":350,"height":200,"srcset":"https:\/\/i0.wp.com\/www.24baires.com\/wp-content\/uploads\/2023\/08\/kici.webp?resize=350%2C200 1x, https:\/\/i0.wp.com\/www.24baires.com\/wp-content\/uploads\/2023\/08\/kici.webp?resize=525%2C300 1.5x, https:\/\/i0.wp.com\/www.24baires.com\/wp-content\/uploads\/2023\/08\/kici.webp?resize=700%2C400 2x"},"classes":[]},{"id":121840,"url":"https:\/\/www.24baires.com\/?p=121840","url_meta":{"origin":122371,"position":5},"title":"Axel Kicillof encabez\u00f3 el acto por la Soberan\u00eda nacional en San Pedro","author":"GB","date":"21\/11\/2024","format":false,"excerpt":"El gobernador bonaerense apunt\u00f3 contra la gesti\u00f3n libertaria por la licitaci\u00f3n de la V\u00eda Navegable Troncal y los recursos naturales existentes en los territorios de las provincias. \"Estamos hablando de soberan\u00eda territorial, fluvial, mar\u00edtima y log\u00edstica para los argentinos\", sostuvo. En el marco de la celebraci\u00f3n por la Soberan\u00eda Nacional\u2026","rel":"","context":"En \u00abProvincia\u00bb","block_context":{"text":"Provincia","link":"https:\/\/www.24baires.com\/?cat=40"},"img":{"alt_text":"","src":"https:\/\/i0.wp.com\/www.24baires.com\/wp-content\/uploads\/2024\/11\/axel-soberania.webp?resize=350%2C200","width":350,"height":200,"srcset":"https:\/\/i0.wp.com\/www.24baires.com\/wp-content\/uploads\/2024\/11\/axel-soberania.webp?resize=350%2C200 1x, https:\/\/i0.wp.com\/www.24baires.com\/wp-content\/uploads\/2024\/11\/axel-soberania.webp?resize=525%2C300 1.5x, https:\/\/i0.wp.com\/www.24baires.com\/wp-content\/uploads\/2024\/11\/axel-soberania.webp?resize=700%2C400 2x"},"classes":[]}],"jetpack_sharing_enabled":true,"jetpack_likes_enabled":true,"_links":{"self":[{"href":"https:\/\/www.24baires.com\/index.php?rest_route=\/wp\/v2\/posts\/122371","targetHints":{"allow":["GET"]}}],"collection":[{"href":"https:\/\/www.24baires.com\/index.php?rest_route=\/wp\/v2\/posts"}],"about":[{"href":"https:\/\/www.24baires.com\/index.php?rest_route=\/wp\/v2\/types\/post"}],"author":[{"embeddable":true,"href":"https:\/\/www.24baires.com\/index.php?rest_route=\/wp\/v2\/users\/8"}],"replies":[{"embeddable":true,"href":"https:\/\/www.24baires.com\/index.php?rest_route=%2Fwp%2Fv2%2Fcomments&post=122371"}],"version-history":[{"count":1,"href":"https:\/\/www.24baires.com\/index.php?rest_route=\/wp\/v2\/posts\/122371\/revisions"}],"predecessor-version":[{"id":122372,"href":"https:\/\/www.24baires.com\/index.php?rest_route=\/wp\/v2\/posts\/122371\/revisions\/122372"}],"wp:attachment":[{"href":"https:\/\/www.24baires.com\/index.php?rest_route=%2Fwp%2Fv2%2Fmedia&parent=122371"}],"wp:term":[{"taxonomy":"category","embeddable":true,"href":"https:\/\/www.24baires.com\/index.php?rest_route=%2Fwp%2Fv2%2Fcategories&post=122371"},{"taxonomy":"post_tag","embeddable":true,"href":"https:\/\/www.24baires.com\/index.php?rest_route=%2Fwp%2Fv2%2Ftags&post=122371"}],"curies":[{"name":"wp","href":"https:\/\/api.w.org\/{rel}","templated":true}]}}