{"id":122366,"date":"2025-06-25T06:28:36","date_gmt":"2025-06-25T09:28:36","guid":{"rendered":"https:\/\/www.24baires.com\/?p=122366"},"modified":"2025-06-25T06:28:36","modified_gmt":"2025-06-25T09:28:36","slug":"senado-bonaerense-aprobo-la-reeleccion-indefinida-para-legisladores-y-concejales","status":"publish","type":"post","link":"https:\/\/www.24baires.com\/?p=122366","title":{"rendered":"Senado bonaerense aprob\u00f3 la reelecci\u00f3n indefinida para legisladores y concejales"},"content":{"rendered":"<p>El kirchnerismo consigui\u00f3 el apoyo de legisladores de la oposici\u00f3n y lleg\u00f3 a 22 votos positivos. Los votos negativos fueron tambi\u00e9n 22 y desempat\u00f3 la vicegobernadora Ver\u00f3nica Magario. Daletto y dos dialoguistas apoyaron la iniciativa. No se permiti\u00f3 el ingreso a la prensa y cortaron la conexi\u00f3n a internet.<!--more--><\/p>\n<p>Con los 19 votos del kirchnerismo y el kicillofismo (sin los votos de Sof\u00eda Vanelli y Federico Fagioli, que estuvo ausente) alcanz\u00f3 para aprobar las reelecciones indefinidas para legisladores. Los votos positivos llegaron gracias a las manos de Marcelo Daletto (referenciado con el monzoismo), Uni\u00f3n, Renovaci\u00f3n y Fe aport\u00f3 los votos de Carlos Kikuchi y Sergio Vargas, mientras que la tercera integrante del bloque, Silvana Ventura, se abstuvo. Con esos 22 votos igual\u00f3 a los negativos y en el desempate, Magario vot\u00f3 a favor sentenciando la media sanci\u00f3n. Ahora Diputados tiene la pelota para convertirlo en Ley<\/p>\n<p>Por la negativa votaron en bloque el PRO, UCR-Cambio Federal (menos Daletto), La Libertad Avanza, Sof\u00eda Vanelli (massista dentro de Uni\u00f3n por la Patria) y Joaqu\u00edn de la Torre.<\/p>\n<p>La vicegobernadora Ver\u00f3nica Magario nuevamente prohibi\u00f3 el ingreso de la prensa a la sesi\u00f3n y dej\u00f3 sin internet el hall desde donde la prensa acreditada segu\u00eda la sesi\u00f3n a trav\u00e9s de un televisor con video entrecortado y sonido de p\u00e9sima calidad.<\/p>\n","protected":false},"excerpt":{"rendered":"<p>El kirchnerismo consigui\u00f3 el apoyo de legisladores de la oposici\u00f3n y lleg\u00f3 a 22 votos positivos. Los votos negativos fueron tambi\u00e9n 22 y desempat\u00f3 la vicegobernadora Ver\u00f3nica Magario. Daletto y dos dialoguistas apoyaron la iniciativa. No se permiti\u00f3 el ingreso a la prensa y cortaron la conexi\u00f3n a internet.<\/p>\n","protected":false},"author":8,"featured_media":0,"comment_status":"closed","ping_status":"closed","sticky":false,"template":"","format":"standard","meta":{"_jetpack_newsletter_access":"","_jetpack_dont_email_post_to_subs":false,"_jetpack_newsletter_tier_id":0,"_jetpack_memberships_contains_paywalled_content":false,"_jetpack_memberships_contains_paid_content":false,"footnotes":""},"categories":[40],"tags":[],"class_list":["post-122366","post","type-post","status-publish","format-standard","hentry","category-provincia"],"jetpack_featured_media_url":"","jetpack_shortlink":"https:\/\/wp.me\/p2JWE0-vPE","jetpack-related-posts":[{"id":118397,"url":"https:\/\/www.24baires.com\/?p=118397","url_meta":{"origin":122366,"position":0},"title":"Se aprob\u00f3 la modificaci\u00f3n a la ley de reelecci\u00f3n indefinida","author":"GB","date":"29\/12\/2021","format":false,"excerpt":"El senado aprob\u00f3 la modificatoria de la ley 14.836, y se tom\u00f3 como primer mandato el de 2019, por lo que varios intendentes podr\u00e1n aspirar a la reelecci\u00f3n por un mandato m\u00e1s en el 2023. En diputados, despu\u00e9s de una votaci\u00f3n expr\u00e9s, el proyecto se convirti\u00f3 en ley. Una de\u2026","rel":"","context":"En \u00abPol\u00edtica\u00bb","block_context":{"text":"Pol\u00edtica","link":"https:\/\/www.24baires.com\/?cat=51"},"img":{"alt_text":"","src":"https:\/\/i0.wp.com\/www.24baires.com\/wp-content\/uploads\/2018\/10\/dipiutades.jpg?resize=350%2C200","width":350,"height":200,"srcset":"https:\/\/i0.wp.com\/www.24baires.com\/wp-content\/uploads\/2018\/10\/dipiutades.jpg?resize=350%2C200 1x, https:\/\/i0.wp.com\/www.24baires.com\/wp-content\/uploads\/2018\/10\/dipiutades.jpg?resize=525%2C300 1.5x"},"classes":[]},{"id":119476,"url":"https:\/\/www.24baires.com\/?p=119476","url_meta":{"origin":122366,"position":1},"title":"Con apoyo de la oposici\u00f3n, el oficialismo logr\u00f3 aprobar el Presupuesto 2023","author":"GB","date":"26\/10\/2022","format":false,"excerpt":"Con 180 votos afirmativos otorgados por el Frente de Todos, la UCR, Evoluci\u00f3n, el interbloque Federal y Provincias Unidas el proyecto obtuvo media sanci\u00f3n en la C\u00e1mara de Diputados. Tras una marat\u00f3nica sesi\u00f3n, la C\u00e1mara de Diputados aprob\u00f3 este mi\u00e9rcoles a la madrugada el proyecto de ley de Presupuesto 2023.\u2026","rel":"","context":"En \u00abPol\u00edtica\u00bb","block_context":{"text":"Pol\u00edtica","link":"https:\/\/www.24baires.com\/?cat=51"},"img":{"alt_text":"","src":"https:\/\/i0.wp.com\/www.24baires.com\/wp-content\/uploads\/2022\/10\/diputados.jpg?resize=350%2C200","width":350,"height":200,"srcset":"https:\/\/i0.wp.com\/www.24baires.com\/wp-content\/uploads\/2022\/10\/diputados.jpg?resize=350%2C200 1x, https:\/\/i0.wp.com\/www.24baires.com\/wp-content\/uploads\/2022\/10\/diputados.jpg?resize=525%2C300 1.5x, https:\/\/i0.wp.com\/www.24baires.com\/wp-content\/uploads\/2022\/10\/diputados.jpg?resize=700%2C400 2x"},"classes":[]},{"id":121645,"url":"https:\/\/www.24baires.com\/?p=121645","url_meta":{"origin":122366,"position":2},"title":"Veto a la movilidad jubilatoria: qu\u00e9 diputados cambiaron su voto","author":"GB","date":"12\/09\/2024","format":false,"excerpt":"El presidente Javier Milei logr\u00f3 ratificar el veto al aumento a las jubilaciones. En esta nota, qui\u00e9nes son los legisladores que cambiaron su voto y se alinearon con el ajuste del libertario. La C\u00e1mara de Diputados no alcanz\u00f3 los dos tercios de los votos para convalidar la ley de movilidad\u2026","rel":"","context":"En \u00abPol\u00edtica\u00bb","block_context":{"text":"Pol\u00edtica","link":"https:\/\/www.24baires.com\/?cat=51"},"img":{"alt_text":"","src":"https:\/\/i0.wp.com\/www.24baires.com\/wp-content\/uploads\/2024\/09\/diputados.webp?resize=350%2C200","width":350,"height":200,"srcset":"https:\/\/i0.wp.com\/www.24baires.com\/wp-content\/uploads\/2024\/09\/diputados.webp?resize=350%2C200 1x, https:\/\/i0.wp.com\/www.24baires.com\/wp-content\/uploads\/2024\/09\/diputados.webp?resize=525%2C300 1.5x, https:\/\/i0.wp.com\/www.24baires.com\/wp-content\/uploads\/2024\/09\/diputados.webp?resize=700%2C400 2x"},"classes":[]},{"id":45308,"url":"https:\/\/www.24baires.com\/?p=45308","url_meta":{"origin":122366,"position":3},"title":"El massismo presenta proyecto para darle m\u00e1s autonom\u00eda a los municipios","author":"AF","date":"05\/05\/2014","format":false,"excerpt":"El Frente Renovador que lidera Sergio Massa presentar\u00e1 este lunes en la Legislatura bonaerense un proyecto de ley que incluye una serie de iniciativas orientadas a una mayor autonom\u00eda de los municipios, como el fin de las reelecciones indefinidas de intendentes, la implementaci\u00f3n en todos los distritos del voto electr\u00f3nico,\u2026","rel":"","context":"En \u00abMunicipios\u00bb","block_context":{"text":"Municipios","link":"https:\/\/www.24baires.com\/?cat=44"},"img":{"alt_text":"","src":"","width":0,"height":0},"classes":[]},{"id":122265,"url":"https:\/\/www.24baires.com\/?p=122265","url_meta":{"origin":122366,"position":4},"title":"El Senado rechaz\u00f3 Ficha Limpia","author":"GB","date":"08\/05\/2025","format":false,"excerpt":"El proyecto impulsado por La Libertad Avanza no alcanz\u00f3 los votos necesarios tras un debate marcado por tensiones y acusaciones cruzadas. Tras una jornada cargada de tensi\u00f3n pol\u00edtica y m\u00e1s de 40 discursos, el Senado de la Naci\u00f3n no logr\u00f3 aprobar el proyecto de ley de Ficha Limpia, que buscaba\u2026","rel":"","context":"En \u00abPol\u00edtica\u00bb","block_context":{"text":"Pol\u00edtica","link":"https:\/\/www.24baires.com\/?cat=51"},"img":{"alt_text":"","src":"https:\/\/i0.wp.com\/www.24baires.com\/wp-content\/uploads\/2024\/06\/senado-sesion-ley-basesjpg.webp?resize=350%2C200","width":350,"height":200,"srcset":"https:\/\/i0.wp.com\/www.24baires.com\/wp-content\/uploads\/2024\/06\/senado-sesion-ley-basesjpg.webp?resize=350%2C200 1x, https:\/\/i0.wp.com\/www.24baires.com\/wp-content\/uploads\/2024\/06\/senado-sesion-ley-basesjpg.webp?resize=525%2C300 1.5x, https:\/\/i0.wp.com\/www.24baires.com\/wp-content\/uploads\/2024\/06\/senado-sesion-ley-basesjpg.webp?resize=700%2C400 2x"},"classes":[]},{"id":120510,"url":"https:\/\/www.24baires.com\/?p=120510","url_meta":{"origin":122366,"position":5},"title":"El Congreso cre\u00f3 tres universidades nacionales en la Provincia del Buenos Aires","author":"GB","date":"29\/09\/2023","format":false,"excerpt":"La C\u00e1mara de Senadores de la Naci\u00f3n le dio sanci\u00f3n definitiva a la creaci\u00f3n de tres universidades en la provincia de Buenos Aires. Tras casi un a\u00f1o de tr\u00e1mite legislativo, el Congreso de la Naci\u00f3n aprob\u00f3 la creaci\u00f3n de tres universidades emplazadas en la provincia de Buenos Aires. El gobernador\u2026","rel":"","context":"En \u00abSociedad\u00bb","block_context":{"text":"Sociedad","link":"https:\/\/www.24baires.com\/?cat=1"},"img":{"alt_text":"","src":"https:\/\/i0.wp.com\/www.24baires.com\/wp-content\/uploads\/2023\/09\/voto-congreso.webp?resize=350%2C200","width":350,"height":200,"srcset":"https:\/\/i0.wp.com\/www.24baires.com\/wp-content\/uploads\/2023\/09\/voto-congreso.webp?resize=350%2C200 1x, https:\/\/i0.wp.com\/www.24baires.com\/wp-content\/uploads\/2023\/09\/voto-congreso.webp?resize=525%2C300 1.5x, https:\/\/i0.wp.com\/www.24baires.com\/wp-content\/uploads\/2023\/09\/voto-congreso.webp?resize=700%2C400 2x"},"classes":[]}],"jetpack_sharing_enabled":true,"jetpack_likes_enabled":true,"_links":{"self":[{"href":"https:\/\/www.24baires.com\/index.php?rest_route=\/wp\/v2\/posts\/122366","targetHints":{"allow":["GET"]}}],"collection":[{"href":"https:\/\/www.24baires.com\/index.php?rest_route=\/wp\/v2\/posts"}],"about":[{"href":"https:\/\/www.24baires.com\/index.php?rest_route=\/wp\/v2\/types\/post"}],"author":[{"embeddable":true,"href":"https:\/\/www.24baires.com\/index.php?rest_route=\/wp\/v2\/users\/8"}],"replies":[{"embeddable":true,"href":"https:\/\/www.24baires.com\/index.php?rest_route=%2Fwp%2Fv2%2Fcomments&post=122366"}],"version-history":[{"count":1,"href":"https:\/\/www.24baires.com\/index.php?rest_route=\/wp\/v2\/posts\/122366\/revisions"}],"predecessor-version":[{"id":122367,"href":"https:\/\/www.24baires.com\/index.php?rest_route=\/wp\/v2\/posts\/122366\/revisions\/122367"}],"wp:attachment":[{"href":"https:\/\/www.24baires.com\/index.php?rest_route=%2Fwp%2Fv2%2Fmedia&parent=122366"}],"wp:term":[{"taxonomy":"category","embeddable":true,"href":"https:\/\/www.24baires.com\/index.php?rest_route=%2Fwp%2Fv2%2Fcategories&post=122366"},{"taxonomy":"post_tag","embeddable":true,"href":"https:\/\/www.24baires.com\/index.php?rest_route=%2Fwp%2Fv2%2Ftags&post=122366"}],"curies":[{"name":"wp","href":"https:\/\/api.w.org\/{rel}","templated":true}]}}