{"id":122361,"date":"2025-06-19T17:20:06","date_gmt":"2025-06-19T20:20:06","guid":{"rendered":"https:\/\/www.24baires.com\/?p=122361"},"modified":"2025-06-19T17:20:06","modified_gmt":"2025-06-19T20:20:06","slug":"provincia-retoma-obras-que-milei-dejo-abandonadas","status":"publish","type":"post","link":"https:\/\/www.24baires.com\/?p=122361","title":{"rendered":"Provincia retoma obras que Milei dej\u00f3 abandonadas"},"content":{"rendered":"<p><img data-recalc-dims=\"1\" loading=\"lazy\" decoding=\"async\" class=\"aligncenter wp-image-122362\" src=\"https:\/\/i0.wp.com\/www.24baires.com\/wp-content\/uploads\/2025\/06\/obras.webp?resize=720%2C480\" alt=\"\" width=\"720\" height=\"480\" srcset=\"https:\/\/i0.wp.com\/www.24baires.com\/wp-content\/uploads\/2025\/06\/obras.webp?w=800&amp;ssl=1 800w, https:\/\/i0.wp.com\/www.24baires.com\/wp-content\/uploads\/2025\/06\/obras.webp?resize=300%2C200&amp;ssl=1 300w, https:\/\/i0.wp.com\/www.24baires.com\/wp-content\/uploads\/2025\/06\/obras.webp?resize=768%2C512&amp;ssl=1 768w\" sizes=\"auto, (max-width: 720px) 100vw, 720px\" \/>Ante la paralizaci\u00f3n de obras por parte del gobierno nacional, la gesti\u00f3n bonaerense retoma construcciones y busca soluciones<!--more--><\/p>\n<p>El plan de Milei trajo muchos cambios para la estructura del Estado. Miles de trabajadores quedaron sin empleo y el recorte en \u00e1reas esenciales tuvo un fuerte impacto en el pa\u00eds, como el cierre del Ministerio de H\u00e1bitat Nacional y la disoluci\u00f3n definitiva de la Secretar\u00eda de Vivienda, que dej\u00f3 obras paralizadas y casas a punto de finalizar en el abandono.<\/p>\n<p>En la provincia de Buenos Aires, cuando se anunci\u00f3 que muchas viviendas y desarrollos p\u00fablicos se pondr\u00edan en pausa, de inmediato reclamaron por el ajuste y anunciaron que iban a finalizar las construcciones abandonadas por Milei en territorio bonaerense, mediante el programa \u201cPlan Completar\u201d.<\/p>\n<p>En ese marco, la ministra de la cartera de H\u00e1bitat provincial, Silvina Batakis, firm\u00f3 hoy un convenio junto al intendente Mario Secco para terminar m\u00e1s de 50 casas que quedaron a la deriva de Naci\u00f3n. Adem\u00e1s, el acuerdo incluye avanzar en la construcci\u00f3n del barrio San Mart\u00edn.<\/p>\n<p>\u201cEstoy agradecida del trabajo conjunto que estamos llevando adelante para resolver problemas y ordenar el territorio. Con el Plan Completar, que tiene marco dentro del Plan de H\u00e1bitat, vamos a terminar viviendas paralizadas con alto grado de avance. De esta manera, estamos dando respuesta a los ciudadanos abandonados por Milei, porque entendemos que la vivienda es dignidad\u00bb, expres\u00f3 Batakis.<\/p>\n<p>A su vez, el intendente de Ensenada subray\u00f3 el rol de la gesti\u00f3n provincial: \u201cSe lanza este plan para ayudar a los intendentes a terminar estas viviendas que dej\u00f3 abandonadas el gobierno nacional, lo que muestra el compromiso de la Provincia con los vecinos de cada distrito\u201d.<\/p>\n<p>La obra de las viviendas, ubicada en calle 15 entre 18 y 20, contempla una inversi\u00f3n de $1.366 millones que la Provincia financiar\u00e1 con fondos propios. Adem\u00e1s, desde el Ministerio de H\u00e1bitat informaron que ya se est\u00e1n construyendo 150 viviendas con infraestructura y equipamiento en el barrio Belgrano, 50 casas en El Dique, y una obra de infraestructura que alcanzar\u00e1 a 332 viviendas en Punta Lara. A eso se suman las 40 viviendas que ya fueron entregadas.<\/p>\n","protected":false},"excerpt":{"rendered":"<p>Ante la paralizaci\u00f3n de obras por parte del gobierno nacional, la gesti\u00f3n bonaerense retoma construcciones y busca soluciones<\/p>\n","protected":false},"author":8,"featured_media":0,"comment_status":"closed","ping_status":"closed","sticky":false,"template":"","format":"standard","meta":{"_jetpack_newsletter_access":"","_jetpack_dont_email_post_to_subs":false,"_jetpack_newsletter_tier_id":0,"_jetpack_memberships_contains_paywalled_content":false,"_jetpack_memberships_contains_paid_content":false,"footnotes":""},"categories":[40],"tags":[],"class_list":["post-122361","post","type-post","status-publish","format-standard","hentry","category-provincia"],"jetpack_featured_media_url":"","jetpack_shortlink":"https:\/\/wp.me\/p2JWE0-vPz","jetpack-related-posts":[{"id":121540,"url":"https:\/\/www.24baires.com\/?p=121540","url_meta":{"origin":122361,"position":0},"title":"Katopodis: \u00abNos vamos a hacer cargo de la Infraestructura Universitaria que Naci\u00f3n abandon\u00f3\u00bb","author":"GB","date":"14\/08\/2024","format":false,"excerpt":"El ministro de Infraestructura bonaerense, Grabriel Katopodis, apunt\u00f3 contra Milei y Caputo y los responsabiliz\u00f3 por el no inicio del segundo cuatrimestre. La semana arranc\u00f3 con un paro docente en las universidades nacionales de todo el pa\u00eds, en medio de un conflicto salarial que parece no tener soluci\u00f3n. Gabriel Katopodis,\u2026","rel":"","context":"En \u00abProvincia\u00bb","block_context":{"text":"Provincia","link":"https:\/\/www.24baires.com\/?cat=40"},"img":{"alt_text":"","src":"https:\/\/i0.wp.com\/www.24baires.com\/wp-content\/uploads\/2024\/08\/katopolis.webp?resize=350%2C200","width":350,"height":200,"srcset":"https:\/\/i0.wp.com\/www.24baires.com\/wp-content\/uploads\/2024\/08\/katopolis.webp?resize=350%2C200 1x, https:\/\/i0.wp.com\/www.24baires.com\/wp-content\/uploads\/2024\/08\/katopolis.webp?resize=525%2C300 1.5x, https:\/\/i0.wp.com\/www.24baires.com\/wp-content\/uploads\/2024\/08\/katopolis.webp?resize=700%2C400 2x"},"classes":[]},{"id":117525,"url":"https:\/\/www.24baires.com\/?p=117525","url_meta":{"origin":122361,"position":1},"title":"Alberto Fern\u00e1ndez lanza el Programa Reconstruir para la finalizaci\u00f3n de viviendas","author":"GB","date":"05\/05\/2021","format":false,"excerpt":"Junto al ministro de Desarrollo Territorial y H\u00e1bitat, Jorge Ferraresi, el Presidente presentar\u00e1 la iniciativa para terminar la construcci\u00f3n de 55 mil casas. El presidente Alberto Fern\u00e1ndez presentar\u00e1 esta ma\u00f1ana, en el municipio bonaerense de Ensenada, el Programa Reconstruir, destinado a finalizar la construcci\u00f3n de 55 mil viviendas. El acto\u2026","rel":"","context":"En \u00abPol\u00edtica\u00bb","block_context":{"text":"Pol\u00edtica","link":"https:\/\/www.24baires.com\/?cat=51"},"img":{"alt_text":"","src":"https:\/\/i0.wp.com\/www.24baires.com\/wp-content\/uploads\/2021\/05\/20210505084515_whatsapp-image-2020-10-13-at-15-49-07.jpeg?resize=350%2C200","width":350,"height":200,"srcset":"https:\/\/i0.wp.com\/www.24baires.com\/wp-content\/uploads\/2021\/05\/20210505084515_whatsapp-image-2020-10-13-at-15-49-07.jpeg?resize=350%2C200 1x, https:\/\/i0.wp.com\/www.24baires.com\/wp-content\/uploads\/2021\/05\/20210505084515_whatsapp-image-2020-10-13-at-15-49-07.jpeg?resize=525%2C300 1.5x"},"classes":[]},{"id":122470,"url":"https:\/\/www.24baires.com\/?p=122470","url_meta":{"origin":122361,"position":2},"title":"Provincia reclamar\u00e1 al Ejecutivo nacional la reactivaci\u00f3n de la obra p\u00fablica","author":"GB","date":"19\/08\/2025","format":false,"excerpt":"Tras casi dos a\u00f1os de paralizaci\u00f3n, el gobernador anunci\u00f3 un proyecto para reactivar la obra p\u00fablica y afrontar la situaci\u00f3n cr\u00edtica de la provincia. El gobernador de la provincia de Buenos Aires realiz\u00f3 una conferencia de prensa, donde anunci\u00f3 que enviar\u00e1 un proyecto a la Legislatura para reactivar la obra\u2026","rel":"","context":"En \u00abProvincia\u00bb","block_context":{"text":"Provincia","link":"https:\/\/www.24baires.com\/?cat=40"},"img":{"alt_text":"","src":"https:\/\/i0.wp.com\/www.24baires.com\/wp-content\/uploads\/2025\/08\/kici-gabinete.webp?resize=350%2C200","width":350,"height":200,"srcset":"https:\/\/i0.wp.com\/www.24baires.com\/wp-content\/uploads\/2025\/08\/kici-gabinete.webp?resize=350%2C200 1x, https:\/\/i0.wp.com\/www.24baires.com\/wp-content\/uploads\/2025\/08\/kici-gabinete.webp?resize=525%2C300 1.5x, https:\/\/i0.wp.com\/www.24baires.com\/wp-content\/uploads\/2025\/08\/kici-gabinete.webp?resize=700%2C400 2x"},"classes":[]},{"id":121460,"url":"https:\/\/www.24baires.com\/?p=121460","url_meta":{"origin":122361,"position":3},"title":"La Provincia se har\u00e1 cargo de una obra, en la Universidad de Mar del Plata, abandonada por Milei","author":"GB","date":"04\/07\/2024","format":false,"excerpt":"El ministro de Infraestructura bonaerense, Gabriel Katopodis, anunci\u00f3 que el gobierno de Axel Kicillof retomar\u00e1 la obra de la biblioteca central de la Universidad Nacional de Mar del Plata (UNMDP). El ministro de Infraestructura y Servicios P\u00fablicos bonaerense, Gabriel Katopodis, anunci\u00f3 que la Provincia girar\u00e1 $700 millones para reiniciar la\u2026","rel":"","context":"En \u00abProvincia\u00bb","block_context":{"text":"Provincia","link":"https:\/\/www.24baires.com\/?cat=40"},"img":{"alt_text":"","src":"https:\/\/i0.wp.com\/www.24baires.com\/wp-content\/uploads\/2017\/05\/unmdp.jpg?resize=350%2C200","width":350,"height":200,"srcset":"https:\/\/i0.wp.com\/www.24baires.com\/wp-content\/uploads\/2017\/05\/unmdp.jpg?resize=350%2C200 1x, https:\/\/i0.wp.com\/www.24baires.com\/wp-content\/uploads\/2017\/05\/unmdp.jpg?resize=525%2C300 1.5x, https:\/\/i0.wp.com\/www.24baires.com\/wp-content\/uploads\/2017\/05\/unmdp.jpg?resize=700%2C400 2x"},"classes":[]},{"id":116942,"url":"https:\/\/www.24baires.com\/?p=116942","url_meta":{"origin":122361,"position":4},"title":"El Presidente anuncia el programa \u00abCasa Propia\u00bb para municipios bonaerenses","author":"GB","date":"28\/12\/2020","format":false,"excerpt":"Tal como adelant\u00f3 el presidente la semana pasada, y tras la firma del convenio entre el gobernador Kicillof y el ministro Ferrresi, se comienza con el programa que proyecta una inversi\u00f3n de 890 mil millones para los pr\u00f3ximos tres a\u00f1os. El presidente Alberto Fern\u00e1ndez encabezar\u00e1 un acto de anuncio de\u2026","rel":"","context":"En \u00abPol\u00edtica\u00bb","block_context":{"text":"Pol\u00edtica","link":"https:\/\/www.24baires.com\/?cat=51"},"img":{"alt_text":"","src":"https:\/\/i0.wp.com\/www.24baires.com\/wp-content\/uploads\/2020\/08\/alberto-anuncio.jpg?resize=350%2C200","width":350,"height":200,"srcset":"https:\/\/i0.wp.com\/www.24baires.com\/wp-content\/uploads\/2020\/08\/alberto-anuncio.jpg?resize=350%2C200 1x, https:\/\/i0.wp.com\/www.24baires.com\/wp-content\/uploads\/2020\/08\/alberto-anuncio.jpg?resize=525%2C300 1.5x"},"classes":[]},{"id":122653,"url":"https:\/\/www.24baires.com\/?p=122653","url_meta":{"origin":122361,"position":5},"title":"El gobernador sobre las Provincias Unidas: \u201cSon las viudas de Milei\u201d","author":"GB","date":"23\/10\/2025","format":false,"excerpt":"En General Pinto, Kicillof cuestion\u00f3 a los gobernadores de Provincias Unidas y los acus\u00f3 de haber sostenido a Milei: \"Son las viudas de ese modelo\". En medio de una recorrida por el distrito de General Pinto a tan s\u00f3lo cuatro d\u00edas de las elecciones legislativas, el gobernador de la Provincia\u2026","rel":"","context":"En \u00abPol\u00edtica\u00bb","block_context":{"text":"Pol\u00edtica","link":"https:\/\/www.24baires.com\/?cat=51"},"img":{"alt_text":"","src":"https:\/\/i0.wp.com\/www.24baires.com\/wp-content\/uploads\/2025\/10\/kici-cammpana.webp?resize=350%2C200","width":350,"height":200,"srcset":"https:\/\/i0.wp.com\/www.24baires.com\/wp-content\/uploads\/2025\/10\/kici-cammpana.webp?resize=350%2C200 1x, https:\/\/i0.wp.com\/www.24baires.com\/wp-content\/uploads\/2025\/10\/kici-cammpana.webp?resize=525%2C300 1.5x, https:\/\/i0.wp.com\/www.24baires.com\/wp-content\/uploads\/2025\/10\/kici-cammpana.webp?resize=700%2C400 2x"},"classes":[]}],"jetpack_sharing_enabled":true,"jetpack_likes_enabled":true,"_links":{"self":[{"href":"https:\/\/www.24baires.com\/index.php?rest_route=\/wp\/v2\/posts\/122361","targetHints":{"allow":["GET"]}}],"collection":[{"href":"https:\/\/www.24baires.com\/index.php?rest_route=\/wp\/v2\/posts"}],"about":[{"href":"https:\/\/www.24baires.com\/index.php?rest_route=\/wp\/v2\/types\/post"}],"author":[{"embeddable":true,"href":"https:\/\/www.24baires.com\/index.php?rest_route=\/wp\/v2\/users\/8"}],"replies":[{"embeddable":true,"href":"https:\/\/www.24baires.com\/index.php?rest_route=%2Fwp%2Fv2%2Fcomments&post=122361"}],"version-history":[{"count":1,"href":"https:\/\/www.24baires.com\/index.php?rest_route=\/wp\/v2\/posts\/122361\/revisions"}],"predecessor-version":[{"id":122363,"href":"https:\/\/www.24baires.com\/index.php?rest_route=\/wp\/v2\/posts\/122361\/revisions\/122363"}],"wp:attachment":[{"href":"https:\/\/www.24baires.com\/index.php?rest_route=%2Fwp%2Fv2%2Fmedia&parent=122361"}],"wp:term":[{"taxonomy":"category","embeddable":true,"href":"https:\/\/www.24baires.com\/index.php?rest_route=%2Fwp%2Fv2%2Fcategories&post=122361"},{"taxonomy":"post_tag","embeddable":true,"href":"https:\/\/www.24baires.com\/index.php?rest_route=%2Fwp%2Fv2%2Ftags&post=122361"}],"curies":[{"name":"wp","href":"https:\/\/api.w.org\/{rel}","templated":true}]}}