{"id":122354,"date":"2025-06-17T06:48:30","date_gmt":"2025-06-17T09:48:30","guid":{"rendered":"https:\/\/www.24baires.com\/?p=122354"},"modified":"2025-06-17T06:48:30","modified_gmt":"2025-06-17T09:48:30","slug":"kicillof-se-reune-con-intendentes-bonaerenses-y-convoca-a-marcha-por-cristina-a-comodoro-py","status":"publish","type":"post","link":"https:\/\/www.24baires.com\/?p=122354","title":{"rendered":"Kicillof se re\u00fane con intendentes bonaerenses y convoca a marcha por Cristina a Comodoro Py"},"content":{"rendered":"<p><img data-recalc-dims=\"1\" loading=\"lazy\" decoding=\"async\" class=\"aligncenter wp-image-122355\" src=\"https:\/\/i0.wp.com\/www.24baires.com\/wp-content\/uploads\/2025\/06\/kici-campana.jpeg?resize=720%2C405\" alt=\"\" width=\"720\" height=\"405\" srcset=\"https:\/\/i0.wp.com\/www.24baires.com\/wp-content\/uploads\/2025\/06\/kici-campana.jpeg?w=1024&amp;ssl=1 1024w, https:\/\/i0.wp.com\/www.24baires.com\/wp-content\/uploads\/2025\/06\/kici-campana.jpeg?resize=300%2C169&amp;ssl=1 300w, https:\/\/i0.wp.com\/www.24baires.com\/wp-content\/uploads\/2025\/06\/kici-campana.jpeg?resize=768%2C432&amp;ssl=1 768w\" sizes=\"auto, (max-width: 720px) 100vw, 720px\" \/>Apremiado por la coyuntura, que le quit\u00f3 protagonismo dentro del \u00e1mbito electoral, el Gobernador intenta retomar su agenda de campa\u00f1a. Este martes, en La Plata, recibir\u00e1 a jefes municipales afines. Adem\u00e1s, sali\u00f3 a respaldar la movilizaci\u00f3n por la ex Presidenta tras el fallo de la Corte Suprema.<!--more--><\/p>\n<p>Axel Kicillof recibir\u00e1 este martes a m\u00e1s de 40 intendentes que forman parte de su espacio, el Movimiento Derecho al Futuro. El c\u00f3nclave ser\u00e1 la continuidad del encuentro que mantuvieron la semana pasada y cuyo resultado qued\u00f3 relegado por la centralidad que cobr\u00f3 en la agenda la figura de Cristina Kirchner tras el fallo condenatorio de la Corte suprema.<\/p>\n<p>Los intendentes fueron convocados para las 13.30 en la Gobernaci\u00f3n bonaerense en La Plata. Se prev\u00e9 que la reuni\u00f3n est\u00e9 atravesada por lo que ser\u00e1 la movilizaci\u00f3n de este mi\u00e9rcoles que el peronismo prepara para respaldar a la ex Presidenta en su trayecto hacia tribunales.<\/p>\n<p>Vale destacar que el propio Gobernador sali\u00f3 a respaldar la convocatoria: \u201cEste mi\u00e9rcoles 18 acompa\u00f1amos a Cristina Fern\u00e1ndez hasta Comodoro Py y de vuelta a su casa. Defenderla es defender la democracia. \u00a1Nos vemos ah\u00ed! Argentina con Cristina\u201d.<\/p>\n<p>Funcionarios, militantes y diversas figuras de Uni\u00f3n por la Patria se movilizar\u00e1n este mi\u00e9rcoles, a partir de las 10.00. Cristina Fern\u00e1ndez deber\u00e1 presentarse en tribunales para que se inicie el cumplimiento de la condena de seis a\u00f1os de prisi\u00f3n e inhabilitaci\u00f3n perpetua para ejercer cargos p\u00fablicos, ratificada por la Corte Suprema en la causa Vialidad.<\/p>\n","protected":false},"excerpt":{"rendered":"<p>Apremiado por la coyuntura, que le quit\u00f3 protagonismo dentro del \u00e1mbito electoral, el Gobernador intenta retomar su agenda de campa\u00f1a. Este martes, en La Plata, recibir\u00e1 a jefes municipales afines. Adem\u00e1s, sali\u00f3 a respaldar la movilizaci\u00f3n por la ex Presidenta tras el fallo de la Corte Suprema.<\/p>\n","protected":false},"author":8,"featured_media":0,"comment_status":"closed","ping_status":"closed","sticky":false,"template":"","format":"standard","meta":{"_jetpack_newsletter_access":"","_jetpack_dont_email_post_to_subs":false,"_jetpack_newsletter_tier_id":0,"_jetpack_memberships_contains_paywalled_content":false,"_jetpack_memberships_contains_paid_content":false,"footnotes":""},"categories":[40],"tags":[],"class_list":["post-122354","post","type-post","status-publish","format-standard","hentry","category-provincia"],"jetpack_featured_media_url":"","jetpack_shortlink":"https:\/\/wp.me\/p2JWE0-vPs","jetpack-related-posts":[{"id":122195,"url":"https:\/\/www.24baires.com\/?p=122195","url_meta":{"origin":122354,"position":0},"title":"Interna de Uni\u00f3n por la Patria: Kicillof se re\u00fane con intendentes leales","author":"GB","date":"11\/04\/2025","format":false,"excerpt":"El Gobernador bonaerense recibir\u00e1 este viernes a los jefes municipales afines, en medio de un clima de tensi\u00f3n extrema tras el desdoblamiento de las elecciones en la Provincia. La ex Presidenta tuvo su c\u00f3nclave con alcaldes propios el mi\u00e9rcoles y no se descarta que sea candidata a la Legislatura. Contin\u00faan\u2026","rel":"","context":"En \u00abProvincia\u00bb","block_context":{"text":"Provincia","link":"https:\/\/www.24baires.com\/?cat=40"},"img":{"alt_text":"","src":"https:\/\/i0.wp.com\/www.24baires.com\/wp-content\/uploads\/2025\/04\/kici-intendentes.png?resize=350%2C200","width":350,"height":200,"srcset":"https:\/\/i0.wp.com\/www.24baires.com\/wp-content\/uploads\/2025\/04\/kici-intendentes.png?resize=350%2C200 1x, https:\/\/i0.wp.com\/www.24baires.com\/wp-content\/uploads\/2025\/04\/kici-intendentes.png?resize=525%2C300 1.5x, https:\/\/i0.wp.com\/www.24baires.com\/wp-content\/uploads\/2025\/04\/kici-intendentes.png?resize=700%2C400 2x"},"classes":[]},{"id":119860,"url":"https:\/\/www.24baires.com\/?p=119860","url_meta":{"origin":122354,"position":1},"title":"Axel Kicillof encabeza la Asamblea Legislativa en la Provincia","author":"GB","date":"06\/03\/2023","format":false,"excerpt":"El acto que iba a realizarse el pasado mi\u00e9rcoles, pero fue suspendido por el apag\u00f3n masivo que afect\u00f3 a gran parte del pa\u00eds. El gobernador de la provincia de Buenos Aires, Axel Kicillof, abre este lunes desde las 8 el per\u00edodo 151\u00b0 de sesiones ordinarias de la Legislatura bonaerense, tras\u2026","rel":"","context":"En \u00abProvincia\u00bb","block_context":{"text":"Provincia","link":"https:\/\/www.24baires.com\/?cat=40"},"img":{"alt_text":"","src":"https:\/\/i0.wp.com\/www.24baires.com\/wp-content\/uploads\/2023\/03\/kicillof.jpg?resize=350%2C200","width":350,"height":200,"srcset":"https:\/\/i0.wp.com\/www.24baires.com\/wp-content\/uploads\/2023\/03\/kicillof.jpg?resize=350%2C200 1x, https:\/\/i0.wp.com\/www.24baires.com\/wp-content\/uploads\/2023\/03\/kicillof.jpg?resize=525%2C300 1.5x, https:\/\/i0.wp.com\/www.24baires.com\/wp-content\/uploads\/2023\/03\/kicillof.jpg?resize=700%2C400 2x"},"classes":[]},{"id":111228,"url":"https:\/\/www.24baires.com\/?p=111228","url_meta":{"origin":122354,"position":2},"title":"\u00abLos intendentes no juegan con la tijera, porque eso es jugar con la gente\u00bb","author":"AF","date":"17\/07\/2019","format":false,"excerpt":"Tras la reuni\u00f3n con los jefes comunales en la que se definieron los ejes de la campa\u00f1a, el precandidato presidencial recibi\u00f3 el respaldo a la \"boleta completa\" del Frente de Todos. El encuentro se produjo en el sal\u00f3n Garage Argentino, en San Telmo. All\u00ed Alberto Fernandez se reuni\u00f3 casi tres\u2026","rel":"","context":"En \u00abPol\u00edtica\u00bb","block_context":{"text":"Pol\u00edtica","link":"https:\/\/www.24baires.com\/?cat=51"},"img":{"alt_text":"","src":"https:\/\/i0.wp.com\/www.24baires.com\/wp-content\/uploads\/2019\/07\/fern%C3%A1ndez-intendentes.jpg?resize=350%2C200","width":350,"height":200,"srcset":"https:\/\/i0.wp.com\/www.24baires.com\/wp-content\/uploads\/2019\/07\/fern%C3%A1ndez-intendentes.jpg?resize=350%2C200 1x, https:\/\/i0.wp.com\/www.24baires.com\/wp-content\/uploads\/2019\/07\/fern%C3%A1ndez-intendentes.jpg?resize=525%2C300 1.5x"},"classes":[]},{"id":112846,"url":"https:\/\/www.24baires.com\/?p=112846","url_meta":{"origin":122354,"position":3},"title":"Salvai y Bianco se reunir\u00e1n para avanzar en la agenda de cambio de Gobierno","author":"AF","date":"04\/11\/2019","format":false,"excerpt":"El Jefe de Gabinete bonaerense se encontrar\u00e1 ma\u00f1ana con Bianco, uno de los hombres de confianza de Kicillof para avanzar en la sucesi\u00f3n. El jefe de Gabinete de la Provincia de Buenos Aires, Federico Salvai se encontrar\u00e1 este martes con Carlos Bianco, uno de los hombres m\u00e1s cercanos del gobernador\u2026","rel":"","context":"En \u00abProvincia\u00bb","block_context":{"text":"Provincia","link":"https:\/\/www.24baires.com\/?cat=40"},"img":{"alt_text":"","src":"https:\/\/i0.wp.com\/www.24baires.com\/wp-content\/uploads\/2019\/11\/salvai-bianco.jpg?resize=350%2C200","width":350,"height":200,"srcset":"https:\/\/i0.wp.com\/www.24baires.com\/wp-content\/uploads\/2019\/11\/salvai-bianco.jpg?resize=350%2C200 1x, https:\/\/i0.wp.com\/www.24baires.com\/wp-content\/uploads\/2019\/11\/salvai-bianco.jpg?resize=525%2C300 1.5x"},"classes":[]},{"id":119654,"url":"https:\/\/www.24baires.com\/?p=119654","url_meta":{"origin":122354,"position":4},"title":"Kicillof: \u00abEl fallo de la Corte Suprema es una verdadera inmundicia\u00bb","author":"AF","date":"22\/12\/2022","format":false,"excerpt":"El mandatario bonaerense cuestion\u00f3 con dureza el fallo que favoreci\u00f3 a la Ciudad de Buenos Aires en la discusi\u00f3n en torno a los fondos coparticipables. \u201cTodos los gobernadores est\u00e1n de acuerdo, aunque algunos no lo dicen por restricciones pol\u00edticas\u201d, afirm\u00f3. El gobernador de la Provincia de Buenos Aires, Axel Kicillof,\u2026","rel":"","context":"En \u00abProvincia\u00bb","block_context":{"text":"Provincia","link":"https:\/\/www.24baires.com\/?cat=40"},"img":{"alt_text":"","src":"https:\/\/i0.wp.com\/www.24baires.com\/wp-content\/uploads\/2022\/07\/kicillof.jpg?resize=350%2C200","width":350,"height":200,"srcset":"https:\/\/i0.wp.com\/www.24baires.com\/wp-content\/uploads\/2022\/07\/kicillof.jpg?resize=350%2C200 1x, https:\/\/i0.wp.com\/www.24baires.com\/wp-content\/uploads\/2022\/07\/kicillof.jpg?resize=525%2C300 1.5x, https:\/\/i0.wp.com\/www.24baires.com\/wp-content\/uploads\/2022\/07\/kicillof.jpg?resize=700%2C400 2x"},"classes":[]},{"id":122970,"url":"https:\/\/www.24baires.com\/?p=122970","url_meta":{"origin":122354,"position":5},"title":"Desde Olavarr\u00eda, Kicillof presiona por los fondos adeudados","author":"GB","date":"09\/04\/2026","format":false,"excerpt":"El gobernador inaugur\u00f3 un Polo Judicial junto a Juan Mart\u00edn Mena y, ante miembros de la Suprema Corte, reclam\u00f3 acompa\u00f1amiento en las presentaciones contra Naci\u00f3n. El gobernador Axel Kicillof volvi\u00f3 a insistir con los reclamos que su administraci\u00f3n present\u00f3 ante la Corte Suprema de Justicia de la Naci\u00f3n por los\u2026","rel":"","context":"En \u00abProvincia\u00bb","block_context":{"text":"Provincia","link":"https:\/\/www.24baires.com\/?cat=40"},"img":{"alt_text":"","src":"https:\/\/i0.wp.com\/www.24baires.com\/wp-content\/uploads\/2026\/04\/kicillof-sumo-a-la-justicia-bonaerense-a-la-presion-por-fondos-y-pidio-el-respaldo-de-la-corte.webp.webp?resize=350%2C200","width":350,"height":200,"srcset":"https:\/\/i0.wp.com\/www.24baires.com\/wp-content\/uploads\/2026\/04\/kicillof-sumo-a-la-justicia-bonaerense-a-la-presion-por-fondos-y-pidio-el-respaldo-de-la-corte.webp.webp?resize=350%2C200 1x, https:\/\/i0.wp.com\/www.24baires.com\/wp-content\/uploads\/2026\/04\/kicillof-sumo-a-la-justicia-bonaerense-a-la-presion-por-fondos-y-pidio-el-respaldo-de-la-corte.webp.webp?resize=525%2C300 1.5x, https:\/\/i0.wp.com\/www.24baires.com\/wp-content\/uploads\/2026\/04\/kicillof-sumo-a-la-justicia-bonaerense-a-la-presion-por-fondos-y-pidio-el-respaldo-de-la-corte.webp.webp?resize=700%2C400 2x"},"classes":[]}],"jetpack_sharing_enabled":true,"jetpack_likes_enabled":true,"_links":{"self":[{"href":"https:\/\/www.24baires.com\/index.php?rest_route=\/wp\/v2\/posts\/122354","targetHints":{"allow":["GET"]}}],"collection":[{"href":"https:\/\/www.24baires.com\/index.php?rest_route=\/wp\/v2\/posts"}],"about":[{"href":"https:\/\/www.24baires.com\/index.php?rest_route=\/wp\/v2\/types\/post"}],"author":[{"embeddable":true,"href":"https:\/\/www.24baires.com\/index.php?rest_route=\/wp\/v2\/users\/8"}],"replies":[{"embeddable":true,"href":"https:\/\/www.24baires.com\/index.php?rest_route=%2Fwp%2Fv2%2Fcomments&post=122354"}],"version-history":[{"count":1,"href":"https:\/\/www.24baires.com\/index.php?rest_route=\/wp\/v2\/posts\/122354\/revisions"}],"predecessor-version":[{"id":122356,"href":"https:\/\/www.24baires.com\/index.php?rest_route=\/wp\/v2\/posts\/122354\/revisions\/122356"}],"wp:attachment":[{"href":"https:\/\/www.24baires.com\/index.php?rest_route=%2Fwp%2Fv2%2Fmedia&parent=122354"}],"wp:term":[{"taxonomy":"category","embeddable":true,"href":"https:\/\/www.24baires.com\/index.php?rest_route=%2Fwp%2Fv2%2Fcategories&post=122354"},{"taxonomy":"post_tag","embeddable":true,"href":"https:\/\/www.24baires.com\/index.php?rest_route=%2Fwp%2Fv2%2Ftags&post=122354"}],"curies":[{"name":"wp","href":"https:\/\/api.w.org\/{rel}","templated":true}]}}