{"id":12232,"date":"2013-01-15T10:00:28","date_gmt":"2013-01-15T13:00:28","guid":{"rendered":"http:\/\/www.24baires.com\/?p=12232"},"modified":"2013-01-15T12:01:37","modified_gmt":"2013-01-15T15:01:37","slug":"moron-inauguraron-electroducto-subterraneo-de-media-tension","status":"publish","type":"post","link":"https:\/\/www.24baires.com\/?p=12232","title":{"rendered":"Mor\u00f3n: inauguraron electroducto subterr\u00e1neo de media tensi\u00f3n"},"content":{"rendered":"<p><a href=\"http:\/\/www.24baires.com\/sociedad\/12232-moron-inauguraron-electroducto-subterraneo-de-media-tension\/attachment\/electroducto-moron\/\" rel=\"attachment wp-att-12233\"><img data-recalc-dims=\"1\" loading=\"lazy\" decoding=\"async\" class=\"alignleft size-full wp-image-12233\" alt=\"electroducto mor\u00f3n\" src=\"https:\/\/i0.wp.com\/www.24baires.com\/wp-content\/uploads\/2013\/01\/electroducto-mor%C3%B3n.jpg?resize=162%2C115\" width=\"162\" height=\"115\" \/><\/a>Con una obra, que demand\u00f3 una inversi\u00f3n de 1.500.000 pesos, se inaugur\u00f3 un electroducto subterr\u00e1neo de media tensi\u00f3n que posibilitar\u00e1 mejorar la calidad del servicio que brinda la distribuidora el\u00e9ctrica Edenor a aproximadamente 40.000 usuarios que residen en la zona de Castelar Norte del partido de Mor\u00f3n.<!--more--><br \/>\nEn el municipio de Mor\u00f3n se inaugur\u00f3 un electroducto subterr\u00e1neo de media tensi\u00f3n que posibilitar\u00e1 mejorar la calidad del servicio que brinda la distribuidora el\u00e9ctrica Edenor a aproximadamente 40.000 usuarios que residen en la zona de Castelar Norte.<br \/>\nLa habilitaci\u00f3n se realiz\u00f3 durante un acto que tuvo lugar en la Subestaci\u00f3n Castelar de la empresa distribuidora, desde donde sale el electroducto, al que asistieron Marcelo Montero, Coordinador de Servicios P\u00fablicos del Ministerio de Planificaci\u00f3n Federal; Lucas Ghi, intendente de Mor\u00f3n y Edgardo Volos\u00edn, Director General de Edenor.<br \/>\nLos trabajos consistieron en un tendido a lo largo de 31 cuadras de cables de 13.200 voltios, en un radio que va desde Ca\u00f1ada de Juan Ruiz y Zabala hasta Salcedo y Santa Rosa, en Mor\u00f3n.<br \/>\nAdem\u00e1s del \u00e1rea beneficiada en forma directa, al poder descargar la demanda de otros cables cercanos, tambi\u00e9n se mejorar\u00e1 la calidad de servicio en otros barrios aleda\u00f1os a la zona.<br \/>\nComo parte de la aplicaci\u00f3n del \u201cFondo para Obras de Consolidaci\u00f3n y Expansi\u00f3n de Distribuci\u00f3n El\u00e9ctrica\u201d (FOCEDE) dispuesto por el Gobierno Nacional, la empresa Edenor tiene previsto invertir en 2013 en su \u00e1rea de concesi\u00f3n unos 1.000 millones de pesos, duplicando lo ejecutado el a\u00f1o anterior.<br \/>\nEdenor tiene 2.750.000 clientes en un \u00e1rea de concesi\u00f3n de 4.637 km2, que incluye un tercio de la Ciudad Aut\u00f3noma de Buenos Aires y 20 partidos del Norte y Oeste del Gran Buenos Aires.<\/p>\n<p>&nbsp;<\/p>\n<p>&nbsp;<\/p>\n<p>&nbsp;<\/p>\n<p>&nbsp;<\/p>\n<p>&nbsp;<\/p>\n<p>&nbsp;<\/p>\n<p>&nbsp;<\/p>\n<p>&nbsp;<\/p>\n<p>&nbsp;<\/p>\n<p>&nbsp;<\/p>\n<p>&nbsp;<\/p>\n<p>&nbsp;<\/p>\n<p>&nbsp;<\/p>\n<p>&nbsp;<\/p>\n<p>&nbsp;<\/p>\n<p>&nbsp;<\/p>\n<p>&nbsp;<\/p>\n","protected":false},"excerpt":{"rendered":"<p>Con una obra, que demand\u00f3 una inversi\u00f3n de 1.500.000 pesos, se inaugur\u00f3 un electroducto subterr\u00e1neo de media tensi\u00f3n que posibilitar\u00e1 mejorar la calidad del servicio que brinda la distribuidora el\u00e9ctrica Edenor a aproximadamente 40.000 usuarios que residen en la zona de Castelar Norte del partido de Mor\u00f3n.<\/p>\n","protected":false},"author":4,"featured_media":0,"comment_status":"open","ping_status":"open","sticky":false,"template":"","format":"standard","meta":{"_jetpack_newsletter_access":"","_jetpack_dont_email_post_to_subs":false,"_jetpack_newsletter_tier_id":0,"_jetpack_memberships_contains_paywalled_content":false,"_jetpack_memberships_contains_paid_content":false,"footnotes":""},"categories":[38,1],"tags":[],"class_list":["post-12232","post","type-post","status-publish","format-standard","hentry","category-locales","category-sociedad"],"jetpack_featured_media_url":"","jetpack_shortlink":"https:\/\/wp.me\/p2JWE0-3bi","jetpack-related-posts":[{"id":54793,"url":"https:\/\/www.24baires.com\/?p=54793","url_meta":{"origin":12232,"position":0},"title":"Fuerte apuesta de Planificaci\u00f3n sobre \u00e1rea de concesi\u00f3n de EDENOR y EDESUR","author":"AF","date":"04\/10\/2014","format":false,"excerpt":"Con el objetivo de mejorar el servicio y evitar situaciones como las vividas en 2013, el ministerio de Planificaci\u00f3n anunci\u00f3 la realizaci\u00f3n de 356 obras y la concreci\u00f3n de 529 en el \u00e1rea metropolitana. Los trabajos comprenden la renovaci\u00f3n de cables a\u00e9reos y subterr\u00e1neos, adecuaci\u00f3n de c\u00e1maras y subestaciones, y\u2026","rel":"","context":"En \u00abPol\u00edtica\u00bb","block_context":{"text":"Pol\u00edtica","link":"https:\/\/www.24baires.com\/?cat=51"},"img":{"alt_text":"kicillof y de vido","src":"https:\/\/i0.wp.com\/www.24baires.com\/wp-content\/uploads\/2014\/05\/kicillof-y-de-vido.jpg?resize=350%2C200","width":350,"height":200,"srcset":"https:\/\/i0.wp.com\/www.24baires.com\/wp-content\/uploads\/2014\/05\/kicillof-y-de-vido.jpg?resize=350%2C200 1x, https:\/\/i0.wp.com\/www.24baires.com\/wp-content\/uploads\/2014\/05\/kicillof-y-de-vido.jpg?resize=525%2C300 1.5x"},"classes":[]},{"id":38897,"url":"https:\/\/www.24baires.com\/?p=38897","url_meta":{"origin":12232,"position":1},"title":"El Gobierno se\u00f1al\u00f3 que \u00abEdenor y Edesur no reciben ning\u00fan subsidio\u00bb","author":"GB","date":"20\/01\/2014","format":false,"excerpt":"El ministerio de Planificaci\u00f3n Federal se\u00f1al\u00f3 que \"las distribuidoras Edenor y Edesur no reciben ning\u00fan subsidio del Estado Nacional\", en respuesta a una nota publicada en el diario \u00c1mbito Financiero. \"Las distribuidoras Edenor y Edesur, que prestan el servicio de distribuci\u00f3n de electricidad en el \u00e1rea metropolitana de Buenos Aires,\u2026","rel":"","context":"En \u00abEconom\u00eda\u00bb","block_context":{"text":"Econom\u00eda","link":"https:\/\/www.24baires.com\/?cat=45"},"img":{"alt_text":"edesur","src":"https:\/\/i0.wp.com\/www.24baires.com\/wp-content\/uploads\/2014\/01\/edesur.jpg?resize=350%2C200","width":350,"height":200,"srcset":"https:\/\/i0.wp.com\/www.24baires.com\/wp-content\/uploads\/2014\/01\/edesur.jpg?resize=350%2C200 1x, https:\/\/i0.wp.com\/www.24baires.com\/wp-content\/uploads\/2014\/01\/edesur.jpg?resize=525%2C300 1.5x"},"classes":[]},{"id":5328,"url":"https:\/\/www.24baires.com\/?p=5328","url_meta":{"origin":12232,"position":2},"title":"M\u00e1s de 150 millones en multas a Edenor y Edesur por los cortes de la semana pasada","author":"Grupo Sierra","date":"13\/11\/2012","format":false,"excerpt":"El ministro de Planificaci\u00f3n Federal, Julio De Vido, instruy\u00f3 al Directorio del Ente Nacional Regulador de la Electricidad (ENRE) a iniciar un proceso sancionatorio a las empresas Edenor y Edesur. Estas sanciones incluyen multas y resarcimientos para los usuarios por un total estimado de 158 millones de pesos, ante las\u2026","rel":"","context":"En \u00abSociedad\u00bb","block_context":{"text":"Sociedad","link":"https:\/\/www.24baires.com\/?cat=1"},"img":{"alt_text":"","src":"","width":0,"height":0},"classes":[]},{"id":96249,"url":"https:\/\/www.24baires.com\/?p=96249","url_meta":{"origin":12232,"position":3},"title":"Edenor y Edesur deben aplicar una bonificaci\u00f3n para electrodependientes","author":"AF","date":"27\/07\/2017","format":false,"excerpt":"El ENRE orden\u00f3 a Edenor y Edesur aplicar el beneficio sancionado por ley a los usuarios electrodependientes. El Ente Nacional Regulador de la Electricidad (ENRE) orden\u00f3 a las empresas distribuidoras Edenor y Edesur aplicar el beneficio sancionado por ley a los usuarios electrodependientes, lo que significar\u00e1 facturar con costo cero\u2026","rel":"","context":"En \u00abSociedad\u00bb","block_context":{"text":"Sociedad","link":"https:\/\/www.24baires.com\/?cat=1"},"img":{"alt_text":"","src":"https:\/\/i0.wp.com\/www.24baires.com\/wp-content\/uploads\/2017\/05\/Electrodependientes.jpg?resize=350%2C200","width":350,"height":200,"srcset":"https:\/\/i0.wp.com\/www.24baires.com\/wp-content\/uploads\/2017\/05\/Electrodependientes.jpg?resize=350%2C200 1x, https:\/\/i0.wp.com\/www.24baires.com\/wp-content\/uploads\/2017\/05\/Electrodependientes.jpg?resize=525%2C300 1.5x"},"classes":[]},{"id":88054,"url":"https:\/\/www.24baires.com\/?p=88054","url_meta":{"origin":12232,"position":4},"title":"Las facturas de luz impagas podr\u00e1n abonarse en cuotas y sin intereses","author":"AF","date":"28\/09\/2016","format":false,"excerpt":"El Ministerio de Energ\u00eda y Miner\u00eda instruir\u00e1 a Edenor y Edesur para que instrumenten las medidas necesarias para facilitar ese pago en cuatro cuotas mensuales y sin recargo. La resoluci\u00f3n 197-E se\u00f1ala que en relaci\u00f3n con los montos no abonados (facturados o no facturados a la fecha de la presente\u2026","rel":"","context":"En \u00abEconom\u00eda\u00bb","block_context":{"text":"Econom\u00eda","link":"https:\/\/www.24baires.com\/?cat=45"},"img":{"alt_text":"boletas de luz","src":"https:\/\/i0.wp.com\/www.24baires.com\/wp-content\/uploads\/2016\/09\/boletas-de-luz.jpg?resize=350%2C200","width":350,"height":200,"srcset":"https:\/\/i0.wp.com\/www.24baires.com\/wp-content\/uploads\/2016\/09\/boletas-de-luz.jpg?resize=350%2C200 1x, https:\/\/i0.wp.com\/www.24baires.com\/wp-content\/uploads\/2016\/09\/boletas-de-luz.jpg?resize=525%2C300 1.5x"},"classes":[]},{"id":61746,"url":"https:\/\/www.24baires.com\/?p=61746","url_meta":{"origin":12232,"position":5},"title":"Ensenada: cada vez m\u00e1s cerca del tendido el\u00e9ctrico","author":"Grupo Sierra","date":"14\/02\/2015","format":false,"excerpt":"Con la presencia del intendente de Ensenada Mario Secco y miembros del ejecutivo y legislativo, se llev\u00f3 a cabo el acto de apertura de sobres para la licitaci\u00f3n de una obra en beneficio de todos los vecinos: un nuevo tendido el\u00e9ctrico para todo el distrito. El mismo apunta al cambio\u2026","rel":"","context":"En \u00abLocales\u00bb","block_context":{"text":"Locales","link":"https:\/\/www.24baires.com\/?cat=38"},"img":{"alt_text":"Postes el\u00e9ctricos","src":"https:\/\/i0.wp.com\/www.24baires.com\/wp-content\/uploads\/2014\/01\/Postes-el%C3%A9ctricos.jpg?resize=350%2C200","width":350,"height":200,"srcset":"https:\/\/i0.wp.com\/www.24baires.com\/wp-content\/uploads\/2014\/01\/Postes-el%C3%A9ctricos.jpg?resize=350%2C200 1x, https:\/\/i0.wp.com\/www.24baires.com\/wp-content\/uploads\/2014\/01\/Postes-el%C3%A9ctricos.jpg?resize=525%2C300 1.5x"},"classes":[]}],"jetpack_sharing_enabled":true,"jetpack_likes_enabled":true,"_links":{"self":[{"href":"https:\/\/www.24baires.com\/index.php?rest_route=\/wp\/v2\/posts\/12232","targetHints":{"allow":["GET"]}}],"collection":[{"href":"https:\/\/www.24baires.com\/index.php?rest_route=\/wp\/v2\/posts"}],"about":[{"href":"https:\/\/www.24baires.com\/index.php?rest_route=\/wp\/v2\/types\/post"}],"author":[{"embeddable":true,"href":"https:\/\/www.24baires.com\/index.php?rest_route=\/wp\/v2\/users\/4"}],"replies":[{"embeddable":true,"href":"https:\/\/www.24baires.com\/index.php?rest_route=%2Fwp%2Fv2%2Fcomments&post=12232"}],"version-history":[{"count":3,"href":"https:\/\/www.24baires.com\/index.php?rest_route=\/wp\/v2\/posts\/12232\/revisions"}],"predecessor-version":[{"id":12239,"href":"https:\/\/www.24baires.com\/index.php?rest_route=\/wp\/v2\/posts\/12232\/revisions\/12239"}],"wp:attachment":[{"href":"https:\/\/www.24baires.com\/index.php?rest_route=%2Fwp%2Fv2%2Fmedia&parent=12232"}],"wp:term":[{"taxonomy":"category","embeddable":true,"href":"https:\/\/www.24baires.com\/index.php?rest_route=%2Fwp%2Fv2%2Fcategories&post=12232"},{"taxonomy":"post_tag","embeddable":true,"href":"https:\/\/www.24baires.com\/index.php?rest_route=%2Fwp%2Fv2%2Ftags&post=12232"}],"curies":[{"name":"wp","href":"https:\/\/api.w.org\/{rel}","templated":true}]}}