{"id":122314,"date":"2025-06-02T06:35:14","date_gmt":"2025-06-02T09:35:14","guid":{"rendered":"https:\/\/www.24baires.com\/?p=122314"},"modified":"2025-06-02T06:35:14","modified_gmt":"2025-06-02T09:35:14","slug":"kicillof-convoco-a-un-frente-amplio-contra-milei-quien-le-declaro-la-guerra-al-pueblo-que-labura","status":"publish","type":"post","link":"https:\/\/www.24baires.com\/?p=122314","title":{"rendered":"Kicillof convoc\u00f3 a un frente amplio contra Milei, quien \u201cle declar\u00f3 la guerra al pueblo que labura\u201d"},"content":{"rendered":"<p><img data-recalc-dims=\"1\" loading=\"lazy\" decoding=\"async\" class=\"aligncenter wp-image-122315\" src=\"https:\/\/i0.wp.com\/www.24baires.com\/wp-content\/uploads\/2025\/06\/kici-frente-pol.webp?resize=720%2C480\" alt=\"\" width=\"720\" height=\"480\" srcset=\"https:\/\/i0.wp.com\/www.24baires.com\/wp-content\/uploads\/2025\/06\/kici-frente-pol.webp?w=800&amp;ssl=1 800w, https:\/\/i0.wp.com\/www.24baires.com\/wp-content\/uploads\/2025\/06\/kici-frente-pol.webp?resize=300%2C200&amp;ssl=1 300w, https:\/\/i0.wp.com\/www.24baires.com\/wp-content\/uploads\/2025\/06\/kici-frente-pol.webp?resize=768%2C512&amp;ssl=1 768w\" sizes=\"auto, (max-width: 720px) 100vw, 720px\" \/>El Gobernador bonaerense cuestion\u00f3 con dureza el modelo econ\u00f3mico de Javier Milei y llam\u00f3 a construir un frente amplio para enfrentarlo. \u201cEsto no es un modelo de libertad, sino de exclusi\u00f3n\u201d, sentenci\u00f3 el gobernador bonaerense.<!--more--><\/p>\n<p>Con una multitud que super\u00f3 las 40 mil personas y largas filas de militantes que a\u00fan intentaban ingresar al predio de UPCN en La Plata, el gobernador Axel Kicillof encabez\u00f3 un acto cargado de contenido pol\u00edtico, militante y program\u00e1tico. Desde el escenario principal, el mandatario sostuvo: \u201cHoy estamos en una l\u00ednea de largada, en un momento fundacional, compa\u00f1eros y compa\u00f1eras, hoy nos ponemos en movimiento\u201d.<\/p>\n<p>Destac\u00f3 que m\u00e1s all\u00e1 del fr\u00edo, se hab\u00eda realizado un encuentro donde se discuti\u00f3 en profundidad en diez mesas diferentes, y celebr\u00f3 que \u201creina la alegr\u00eda\u201d entre la militancia, \u201cincluso a pesar de lo que ocurre en la Argentina\u201d.<\/p>\n<p>Kicillof dirigi\u00f3 cr\u00edticas severas al modelo econ\u00f3mico impulsado por el presidente Javier Milei, desmontando la narrativa oficial que habla de una supuesta recuperaci\u00f3n. \u201cMuchos dicen que este gobierno est\u00e1 funcionando, que Milei est\u00e1 ordenando la macroeconom\u00eda. Pero esto no es ni novedoso ni original: es la continuidad del modelo de Mart\u00ednez de Hoz, de Cavallo y de Macri\u201d, denunci\u00f3. Asegur\u00f3 que \u201cno hace falta que les diga lo que pasa porque lo sufren a diario, pero hay que hacer aclaraciones\u201d.<\/p>\n<p>Enumer\u00f3 con firmeza los impactos concretos del ajuste: \u201cPlanchan el d\u00f3lar, reprimen salarios, destruyen la industria, aplican tarifazos y desregulan mercados. La baja de inflaci\u00f3n se explica por un d\u00f3lar planchado y salarios destrozados: el m\u00ednimo cay\u00f3 32%, las jubilaciones un 17%, y se perdieron 152 mil puestos de trabajo registrados\u201d. Y lanz\u00f3 una contundente definici\u00f3n: \u201cMilei le declar\u00f3 la guerra al peque\u00f1o productor, al trabajo nacional, al comerciante, a la pyme. Le declar\u00f3 la guerra al pueblo que labura\u201d.<\/p>\n<p>El gobernador tambi\u00e9n critic\u00f3 con dureza el endeudamiento y la relaci\u00f3n con los mercados financieros. Denunci\u00f3 que \u201ceste modelo solo cierra con deuda, y as\u00ed lo vimos ir a pedir pr\u00e1cticamente de rodillas un cr\u00e9dito al Fondo Monetario Internacional. Nunca el FMI trajo buenas noticias a la Argentina. Es Fondo Monetario o pueblo\u201d.<\/p>\n<p>Asimismo, cuestion\u00f3 la reciente emisi\u00f3n de bonos en d\u00f3lares con tasas de inter\u00e9s \u201cinfinitamente grandes\u201d que luego se pagan en pesos, calific\u00e1ndola como \u201cbicicleta financiera y especulaci\u00f3n\u201d. \u201cAh\u00ed va lo que le falta al jubilado, al estudiante y al laburante. No es un problema de ajuste para todos, es mentira que no hay plata. Para la timba y los bonos siempre hay plata\u201d, remarc\u00f3, y concluy\u00f3: \u201cNo es ajuste, es transferencia. Le sacan al pueblo para darle a la timba y a las corporaciones\u201d.<\/p>\n","protected":false},"excerpt":{"rendered":"<p>El Gobernador bonaerense cuestion\u00f3 con dureza el modelo econ\u00f3mico de Javier Milei y llam\u00f3 a construir un frente amplio para enfrentarlo. \u201cEsto no es un modelo de libertad, sino de exclusi\u00f3n\u201d, sentenci\u00f3 el gobernador bonaerense.<\/p>\n","protected":false},"author":8,"featured_media":0,"comment_status":"closed","ping_status":"closed","sticky":false,"template":"","format":"standard","meta":{"_jetpack_newsletter_access":"","_jetpack_dont_email_post_to_subs":false,"_jetpack_newsletter_tier_id":0,"_jetpack_memberships_contains_paywalled_content":false,"_jetpack_memberships_contains_paid_content":false,"footnotes":""},"categories":[40],"tags":[],"class_list":["post-122314","post","type-post","status-publish","format-standard","hentry","category-provincia"],"jetpack_featured_media_url":"","jetpack_shortlink":"https:\/\/wp.me\/p2JWE0-vOO","jetpack-related-posts":[{"id":122653,"url":"https:\/\/www.24baires.com\/?p=122653","url_meta":{"origin":122314,"position":0},"title":"El gobernador sobre las Provincias Unidas: \u201cSon las viudas de Milei\u201d","author":"GB","date":"23\/10\/2025","format":false,"excerpt":"En General Pinto, Kicillof cuestion\u00f3 a los gobernadores de Provincias Unidas y los acus\u00f3 de haber sostenido a Milei: \"Son las viudas de ese modelo\". En medio de una recorrida por el distrito de General Pinto a tan s\u00f3lo cuatro d\u00edas de las elecciones legislativas, el gobernador de la Provincia\u2026","rel":"","context":"En \u00abPol\u00edtica\u00bb","block_context":{"text":"Pol\u00edtica","link":"https:\/\/www.24baires.com\/?cat=51"},"img":{"alt_text":"","src":"https:\/\/i0.wp.com\/www.24baires.com\/wp-content\/uploads\/2025\/10\/kici-cammpana.webp?resize=350%2C200","width":350,"height":200,"srcset":"https:\/\/i0.wp.com\/www.24baires.com\/wp-content\/uploads\/2025\/10\/kici-cammpana.webp?resize=350%2C200 1x, https:\/\/i0.wp.com\/www.24baires.com\/wp-content\/uploads\/2025\/10\/kici-cammpana.webp?resize=525%2C300 1.5x, https:\/\/i0.wp.com\/www.24baires.com\/wp-content\/uploads\/2025\/10\/kici-cammpana.webp?resize=700%2C400 2x"},"classes":[]},{"id":122526,"url":"https:\/\/www.24baires.com\/?p=122526","url_meta":{"origin":122314,"position":1},"title":"Kicillof sali\u00f3 fortalecido tras el triunfo bonaerense: \u201cTuvimos una victoria aplastante\u201d","author":"GB","date":"08\/09\/2025","format":false,"excerpt":"Con una victoria en 6 de 8 secciones y ante un bunker repleto en La Plata, el gobernador celebr\u00f3 el triunfo de Fuerza Patria y dej\u00f3 un mensaje al Presidente: \u201cMilei espero el llamado, ten\u00e9 el coraje de reunirte para trabajar y ponerte de acuerdo El gobernador de la provincia\u2026","rel":"","context":"En \u00abProvincia\u00bb","block_context":{"text":"Provincia","link":"https:\/\/www.24baires.com\/?cat=40"},"img":{"alt_text":"","src":"https:\/\/i0.wp.com\/www.24baires.com\/wp-content\/uploads\/2025\/09\/kici-bunker.jpg?resize=350%2C200","width":350,"height":200,"srcset":"https:\/\/i0.wp.com\/www.24baires.com\/wp-content\/uploads\/2025\/09\/kici-bunker.jpg?resize=350%2C200 1x, https:\/\/i0.wp.com\/www.24baires.com\/wp-content\/uploads\/2025\/09\/kici-bunker.jpg?resize=525%2C300 1.5x, https:\/\/i0.wp.com\/www.24baires.com\/wp-content\/uploads\/2025\/09\/kici-bunker.jpg?resize=700%2C400 2x"},"classes":[]},{"id":122077,"url":"https:\/\/www.24baires.com\/?p=122077","url_meta":{"origin":122314,"position":2},"title":"\u201cNo sea cobarde, deje Twitter y re\u00fanase a trabajar\u201d, le respondi\u00f3 Axel a Milei","author":"GB","date":"28\/02\/2025","format":false,"excerpt":"En conferencia de prensa, Axel Kicillof carg\u00f3 contra los dichos de Milei: \u201cNo va a atropellar a la democracia y a nuestra provincia de Buenos Aires\u201d Con un amplio respaldo pol\u00edtico de legisladores, ministros, intendentes y dirigentes de todos los sectores del peronismo, el gobernador Axel Kicillof respondi\u00f3 este viernes\u2026","rel":"","context":"En \u00abPol\u00edtica\u00bb","block_context":{"text":"Pol\u00edtica","link":"https:\/\/www.24baires.com\/?cat=51"},"img":{"alt_text":"","src":"https:\/\/i0.wp.com\/www.24baires.com\/wp-content\/uploads\/2025\/02\/axel-kicillof.jpg?resize=350%2C200","width":350,"height":200,"srcset":"https:\/\/i0.wp.com\/www.24baires.com\/wp-content\/uploads\/2025\/02\/axel-kicillof.jpg?resize=350%2C200 1x, https:\/\/i0.wp.com\/www.24baires.com\/wp-content\/uploads\/2025\/02\/axel-kicillof.jpg?resize=525%2C300 1.5x, https:\/\/i0.wp.com\/www.24baires.com\/wp-content\/uploads\/2025\/02\/axel-kicillof.jpg?resize=700%2C400 2x"},"classes":[]},{"id":122001,"url":"https:\/\/www.24baires.com\/?p=122001","url_meta":{"origin":122314,"position":3},"title":"Kicillof se mostr\u00f3 preocupado por la temporada de verano: \u00abno hay plata en el bolsillo de la gente\u00bb","author":"GB","date":"27\/01\/2025","format":false,"excerpt":"El gobernador bonaerense comparti\u00f3 algunos n\u00fameros que explican c\u00f3mo le est\u00e1 yendo al turismo durante esta temporada. A pocos d\u00edas para que termine enero, el gobernador de la provincia de Buenos Aires, Axel Kicillof, analiz\u00f3 el devenir de la temporada de verano. Mientras los libertarios intentan mostrar una industria tur\u00edstica\u2026","rel":"","context":"En \u00abSociedad\u00bb","block_context":{"text":"Sociedad","link":"https:\/\/www.24baires.com\/?cat=1"},"img":{"alt_text":"","src":"https:\/\/i0.wp.com\/www.24baires.com\/wp-content\/uploads\/2025\/01\/axel.webp?resize=350%2C200","width":350,"height":200,"srcset":"https:\/\/i0.wp.com\/www.24baires.com\/wp-content\/uploads\/2025\/01\/axel.webp?resize=350%2C200 1x, https:\/\/i0.wp.com\/www.24baires.com\/wp-content\/uploads\/2025\/01\/axel.webp?resize=525%2C300 1.5x, https:\/\/i0.wp.com\/www.24baires.com\/wp-content\/uploads\/2025\/01\/axel.webp?resize=700%2C400 2x"},"classes":[]},{"id":120645,"url":"https:\/\/www.24baires.com\/?p=120645","url_meta":{"origin":122314,"position":4},"title":"Kicillof cierra su ronda con intendentes en Mar del Plata","author":"GB","date":"13\/11\/2023","format":false,"excerpt":"El gobernador Axel Kicillof encabezar\u00e1 la \u00faltima ronda de intendentes antes del balotaje. Activar la militancia y no descansar, el pedido. Axel Kicillof entr\u00f3 desde el 23 de octubre en \"modo de campa\u00f1a permanente\" y, tras una semana llena de encuentros con intendentes peronistas de las diferentes secciones electorales, hoy\u2026","rel":"","context":"En \u00abProvincia\u00bb","block_context":{"text":"Provincia","link":"https:\/\/www.24baires.com\/?cat=40"},"img":{"alt_text":"","src":"https:\/\/i0.wp.com\/www.24baires.com\/wp-content\/uploads\/2023\/11\/kicilof-mdp.webp?resize=350%2C200","width":350,"height":200,"srcset":"https:\/\/i0.wp.com\/www.24baires.com\/wp-content\/uploads\/2023\/11\/kicilof-mdp.webp?resize=350%2C200 1x, https:\/\/i0.wp.com\/www.24baires.com\/wp-content\/uploads\/2023\/11\/kicilof-mdp.webp?resize=525%2C300 1.5x, https:\/\/i0.wp.com\/www.24baires.com\/wp-content\/uploads\/2023\/11\/kicilof-mdp.webp?resize=700%2C400 2x"},"classes":[]},{"id":120626,"url":"https:\/\/www.24baires.com\/?p=120626","url_meta":{"origin":122314,"position":5},"title":"Kicillof: \u00abNos declaramos en campa\u00f1a permanente\u00bb","author":"AF","date":"06\/11\/2023","format":false,"excerpt":"En La Plata, el gobernador les habl\u00f3 a diez mil personas: \"La pr\u00f3xima elecci\u00f3n es un triunfo que vamos a construir en la provincia de Buenos Aires\". \"No es momento de descansar ni detenerse. Estamos ac\u00e1 porque sabemos bien que el futuro que imaginamos s\u00f3lo tiene sentido si al triunfo\u2026","rel":"","context":"En \u00abPol\u00edtica\u00bb","block_context":{"text":"Pol\u00edtica","link":"https:\/\/www.24baires.com\/?cat=51"},"img":{"alt_text":"","src":"https:\/\/i0.wp.com\/www.24baires.com\/wp-content\/uploads\/2023\/11\/WhatsApp-Image-2023-11-06-at-23.06.35.jpeg?resize=350%2C200","width":350,"height":200,"srcset":"https:\/\/i0.wp.com\/www.24baires.com\/wp-content\/uploads\/2023\/11\/WhatsApp-Image-2023-11-06-at-23.06.35.jpeg?resize=350%2C200 1x, https:\/\/i0.wp.com\/www.24baires.com\/wp-content\/uploads\/2023\/11\/WhatsApp-Image-2023-11-06-at-23.06.35.jpeg?resize=525%2C300 1.5x, https:\/\/i0.wp.com\/www.24baires.com\/wp-content\/uploads\/2023\/11\/WhatsApp-Image-2023-11-06-at-23.06.35.jpeg?resize=700%2C400 2x"},"classes":[]}],"jetpack_sharing_enabled":true,"jetpack_likes_enabled":true,"_links":{"self":[{"href":"https:\/\/www.24baires.com\/index.php?rest_route=\/wp\/v2\/posts\/122314","targetHints":{"allow":["GET"]}}],"collection":[{"href":"https:\/\/www.24baires.com\/index.php?rest_route=\/wp\/v2\/posts"}],"about":[{"href":"https:\/\/www.24baires.com\/index.php?rest_route=\/wp\/v2\/types\/post"}],"author":[{"embeddable":true,"href":"https:\/\/www.24baires.com\/index.php?rest_route=\/wp\/v2\/users\/8"}],"replies":[{"embeddable":true,"href":"https:\/\/www.24baires.com\/index.php?rest_route=%2Fwp%2Fv2%2Fcomments&post=122314"}],"version-history":[{"count":1,"href":"https:\/\/www.24baires.com\/index.php?rest_route=\/wp\/v2\/posts\/122314\/revisions"}],"predecessor-version":[{"id":122316,"href":"https:\/\/www.24baires.com\/index.php?rest_route=\/wp\/v2\/posts\/122314\/revisions\/122316"}],"wp:attachment":[{"href":"https:\/\/www.24baires.com\/index.php?rest_route=%2Fwp%2Fv2%2Fmedia&parent=122314"}],"wp:term":[{"taxonomy":"category","embeddable":true,"href":"https:\/\/www.24baires.com\/index.php?rest_route=%2Fwp%2Fv2%2Fcategories&post=122314"},{"taxonomy":"post_tag","embeddable":true,"href":"https:\/\/www.24baires.com\/index.php?rest_route=%2Fwp%2Fv2%2Ftags&post=122314"}],"curies":[{"name":"wp","href":"https:\/\/api.w.org\/{rel}","templated":true}]}}