{"id":122263,"date":"2025-05-07T06:40:06","date_gmt":"2025-05-07T09:40:06","guid":{"rendered":"https:\/\/www.24baires.com\/?p=122263"},"modified":"2025-05-07T06:40:06","modified_gmt":"2025-05-07T09:40:06","slug":"kicillof-desembarca-en-mercedes-en-el-marco-de-su-recorrida-por-la-provincia","status":"publish","type":"post","link":"https:\/\/www.24baires.com\/?p=122263","title":{"rendered":"Kicillof desembarca en Mercedes en el marco de su recorrida por la Provincia"},"content":{"rendered":"<p><img data-recalc-dims=\"1\" loading=\"lazy\" decoding=\"async\" class=\"aligncenter wp-image-120506\" src=\"https:\/\/i0.wp.com\/www.24baires.com\/wp-content\/uploads\/2023\/09\/kicillof.webp?resize=720%2C480\" alt=\"\" width=\"720\" height=\"480\" srcset=\"https:\/\/i0.wp.com\/www.24baires.com\/wp-content\/uploads\/2023\/09\/kicillof.webp?w=887&amp;ssl=1 887w, https:\/\/i0.wp.com\/www.24baires.com\/wp-content\/uploads\/2023\/09\/kicillof.webp?resize=300%2C200&amp;ssl=1 300w, https:\/\/i0.wp.com\/www.24baires.com\/wp-content\/uploads\/2023\/09\/kicillof.webp?resize=768%2C512&amp;ssl=1 768w\" sizes=\"auto, (max-width: 720px) 100vw, 720px\" \/>Mientras disputa una dura interna dentro del ex Frente de Todos, el Gobernador contin\u00faa buscando hacerse fuerte en los municipios.<!--more--><\/p>\n<p>Este mi\u00e9rcoles por la ma\u00f1ana, Axel Kicillof llegar\u00e1 al distrito de Mercedes, donde inaugurar\u00e1 el Centro Comunitario y Deportivo en el barrio San Mart\u00edn. La obra tuvo una inversi\u00f3n superior a los 1.700 millones de pesos e incluye canchas, aulas, talleres, gimnasio y otras instalaciones de uso m\u00faltiple.<\/p>\n<p>Asimismo, en el marco del a\u00f1o electoral y ante la creciente demanda en materia de seguridad, el Gobernador entregar\u00e1 m\u00f3viles policiales (tres camionetas y tres autos), adem\u00e1s de equipamiento ambiental.<\/p>\n<p>Tambi\u00e9n presentar\u00e1 un programa municipal de turismo sostenible, con la donaci\u00f3n de bicicletas todoterreno y estaciones de reparaci\u00f3n.<\/p>\n<p>Las actividades forman parte de una agenda que, seg\u00fan el Ministro de Gobierno Carlos Bianco, busca \u201creflejar el compromiso con la obra p\u00fablica, la seguridad, el ambiente y el acceso a la cultura\u201d.<\/p>\n<p>De esta manera, Kicillof busca sacar m\u00fasculo en la Provincia para negociar en mejores condiciones el armado con el sector cristinista. En este sentido, el jueves el Gobernador desembarcar\u00e1 en La Matanza, siguiendo en modo campa\u00f1a.<\/p>\n","protected":false},"excerpt":{"rendered":"<p>Mientras disputa una dura interna dentro del ex Frente de Todos, el Gobernador contin\u00faa buscando hacerse fuerte en los municipios.<\/p>\n","protected":false},"author":8,"featured_media":0,"comment_status":"closed","ping_status":"closed","sticky":false,"template":"","format":"standard","meta":{"_jetpack_newsletter_access":"","_jetpack_dont_email_post_to_subs":false,"_jetpack_newsletter_tier_id":0,"_jetpack_memberships_contains_paywalled_content":false,"_jetpack_memberships_contains_paid_content":false,"footnotes":""},"categories":[40],"tags":[],"class_list":["post-122263","post","type-post","status-publish","format-standard","hentry","category-provincia"],"jetpack_featured_media_url":"","jetpack_shortlink":"https:\/\/wp.me\/p2JWE0-vNZ","jetpack-related-posts":[{"id":114832,"url":"https:\/\/www.24baires.com\/?p=114832","url_meta":{"origin":122263,"position":0},"title":"Kicillof mostr\u00f3 c\u00f3mo se aplicar\u00e1 el permiso de salidas de esparcimiento en los distritos","author":"GB","date":"27\/04\/2020","format":false,"excerpt":"El Gobernador bonaerense dio a conocer qu\u00e9 municipios adhieren a la disposici\u00f3n y cu\u00e1les no en el marco de la pandemia de coronavirus. El gobernador, Axel Kicillof, dio a conocer c\u00f3mo se configura hasta el momento el mapa de la provincia de Buenos Aires con los municipios en los cu\u00e1les\u2026","rel":"","context":"En \u00abProvincia\u00bb","block_context":{"text":"Provincia","link":"https:\/\/www.24baires.com\/?cat=40"},"img":{"alt_text":"","src":"https:\/\/i0.wp.com\/www.24baires.com\/wp-content\/uploads\/2020\/04\/kicillof.jpeg?resize=350%2C200","width":350,"height":200,"srcset":"https:\/\/i0.wp.com\/www.24baires.com\/wp-content\/uploads\/2020\/04\/kicillof.jpeg?resize=350%2C200 1x, https:\/\/i0.wp.com\/www.24baires.com\/wp-content\/uploads\/2020\/04\/kicillof.jpeg?resize=525%2C300 1.5x"},"classes":[]},{"id":117847,"url":"https:\/\/www.24baires.com\/?p=117847","url_meta":{"origin":122263,"position":1},"title":"Provincia libera la vacunaci\u00f3n para mayores de 35 a\u00f1os","author":"GB","date":"13\/07\/2021","format":false,"excerpt":"El gobernador de la provincia de Buenos Aires, Axel Kicillof anunci\u00f3 que desde ma\u00f1ana habr\u00e1 vacunaci\u00f3n libre para mayores de 35 a\u00f1os. El gobernador de Buenos Aires, Axel Kicillof, anunci\u00f3 que a partir de ma\u00f1ana mi\u00e9rcoles se extiende la vacunaci\u00f3n libre contra el coronavirus a todos los mayores de 35\u2026","rel":"","context":"En \u00abProvincia\u00bb","block_context":{"text":"Provincia","link":"https:\/\/www.24baires.com\/?cat=40"},"img":{"alt_text":"","src":"https:\/\/i0.wp.com\/www.24baires.com\/wp-content\/uploads\/2021\/06\/vacuna-cansino-300x225.jpg?resize=350%2C200","width":350,"height":200},"classes":[]},{"id":121626,"url":"https:\/\/www.24baires.com\/?p=121626","url_meta":{"origin":122263,"position":2},"title":"Kicillof propuso hacer obligatoria la sala de tres a\u00f1os","author":"GB","date":"10\/09\/2024","format":false,"excerpt":"El gobernador bonaerense, Axel Kicillof, anunci\u00f3 que envi\u00f3 a la Legislatura un proyecto de ley para extender la obligatoriedad del ciclo educativo desde los tres a\u00f1os de edad. En el marco del D\u00eda del Maestro, el gobernador bonaerense, Axel Kicillof, realiz\u00f3 dos anuncios claves para mejorar la educaci\u00f3n en el\u2026","rel":"","context":"En \u00abProvincia\u00bb","block_context":{"text":"Provincia","link":"https:\/\/www.24baires.com\/?cat=40"},"img":{"alt_text":"","src":"https:\/\/i0.wp.com\/www.24baires.com\/wp-content\/uploads\/2024\/09\/kici-sileoni.webp?resize=350%2C200","width":350,"height":200,"srcset":"https:\/\/i0.wp.com\/www.24baires.com\/wp-content\/uploads\/2024\/09\/kici-sileoni.webp?resize=350%2C200 1x, https:\/\/i0.wp.com\/www.24baires.com\/wp-content\/uploads\/2024\/09\/kici-sileoni.webp?resize=525%2C300 1.5x, https:\/\/i0.wp.com\/www.24baires.com\/wp-content\/uploads\/2024\/09\/kici-sileoni.webp?resize=700%2C400 2x"},"classes":[]},{"id":116381,"url":"https:\/\/www.24baires.com\/?p=116381","url_meta":{"origin":122263,"position":3},"title":"Kicillof se aisl\u00f3 preventivamente por un asesor que dio positivo de Covid","author":"AF","date":"02\/10\/2020","format":false,"excerpt":"El gobernador de la provincia de Buenos Aires, Axel Kicillof, no tiene s\u00edntomas pero decidi\u00f3 aislarse por precauci\u00f3n. Su agenda fue cancelada. El gobernador de la provincia de Buenos Aires, Axel Kicillof, se encuentra en aislamiento preventivo en cumplimiento de los protocolos sanitarios, debido a que un colaborador result\u00f3 positivo\u2026","rel":"","context":"En \u00abSociedad\u00bb","block_context":{"text":"Sociedad","link":"https:\/\/www.24baires.com\/?cat=1"},"img":{"alt_text":"","src":"https:\/\/i0.wp.com\/www.24baires.com\/wp-content\/uploads\/2020\/07\/kicillof-arroyo.jpeg?resize=350%2C200","width":350,"height":200,"srcset":"https:\/\/i0.wp.com\/www.24baires.com\/wp-content\/uploads\/2020\/07\/kicillof-arroyo.jpeg?resize=350%2C200 1x, https:\/\/i0.wp.com\/www.24baires.com\/wp-content\/uploads\/2020\/07\/kicillof-arroyo.jpeg?resize=525%2C300 1.5x"},"classes":[]},{"id":121915,"url":"https:\/\/www.24baires.com\/?p=121915","url_meta":{"origin":122263,"position":4},"title":"Kicillof en Melchor Romero: \u00abNo hacemos marketing con la seguridad, avanzamos con hechos\u00bb","author":"GB","date":"24\/12\/2024","format":false,"excerpt":"Asegur\u00f3 que la Provincia impulsa \"el Plan de Infraestructura Penitenciaria m\u00e1s ambicioso de nuestra historia\". En la ciudad de La Plata, el Gobernador encabez\u00f3 este lunes la inauguraci\u00f3n de las obras de ampliaci\u00f3n de la Unidad Penitenciaria N\u00ba29 de Melchor Romero, junto al ministro de Justicia y Derechos Humanos, Juan\u2026","rel":"","context":"En \u00abProvincia\u00bb","block_context":{"text":"Provincia","link":"https:\/\/www.24baires.com\/?cat=40"},"img":{"alt_text":"","src":"https:\/\/i0.wp.com\/www.24baires.com\/wp-content\/uploads\/2024\/12\/kici-penal.jpg?resize=350%2C200","width":350,"height":200,"srcset":"https:\/\/i0.wp.com\/www.24baires.com\/wp-content\/uploads\/2024\/12\/kici-penal.jpg?resize=350%2C200 1x, https:\/\/i0.wp.com\/www.24baires.com\/wp-content\/uploads\/2024\/12\/kici-penal.jpg?resize=525%2C300 1.5x, https:\/\/i0.wp.com\/www.24baires.com\/wp-content\/uploads\/2024\/12\/kici-penal.jpg?resize=700%2C400 2x"},"classes":[]},{"id":119123,"url":"https:\/\/www.24baires.com\/?p=119123","url_meta":{"origin":122263,"position":5},"title":"Kicillof desminti\u00f3 una supuesta convocatoria a la oposici\u00f3n","author":"AF","date":"21\/07\/2022","format":false,"excerpt":"\"A la oposici\u00f3n solamente le pido responsabilidad, humildad por todo el da\u00f1o que han causado y respeto a la gente. Nosotros seguiremos gobernando para reconstruir y transformar la Provincia\", public\u00f3 Kicillof en su cuenta oficial. El gobernador de la provincia de Buenos Aires, Axel Kicillof, desminti\u00f3 las versiones de una\u2026","rel":"","context":"En \u00abProvincia\u00bb","block_context":{"text":"Provincia","link":"https:\/\/www.24baires.com\/?cat=40"},"img":{"alt_text":"","src":"https:\/\/i0.wp.com\/www.24baires.com\/wp-content\/uploads\/2022\/07\/kicillof.jpg?resize=350%2C200","width":350,"height":200,"srcset":"https:\/\/i0.wp.com\/www.24baires.com\/wp-content\/uploads\/2022\/07\/kicillof.jpg?resize=350%2C200 1x, https:\/\/i0.wp.com\/www.24baires.com\/wp-content\/uploads\/2022\/07\/kicillof.jpg?resize=525%2C300 1.5x, https:\/\/i0.wp.com\/www.24baires.com\/wp-content\/uploads\/2022\/07\/kicillof.jpg?resize=700%2C400 2x"},"classes":[]}],"jetpack_sharing_enabled":true,"jetpack_likes_enabled":true,"_links":{"self":[{"href":"https:\/\/www.24baires.com\/index.php?rest_route=\/wp\/v2\/posts\/122263","targetHints":{"allow":["GET"]}}],"collection":[{"href":"https:\/\/www.24baires.com\/index.php?rest_route=\/wp\/v2\/posts"}],"about":[{"href":"https:\/\/www.24baires.com\/index.php?rest_route=\/wp\/v2\/types\/post"}],"author":[{"embeddable":true,"href":"https:\/\/www.24baires.com\/index.php?rest_route=\/wp\/v2\/users\/8"}],"replies":[{"embeddable":true,"href":"https:\/\/www.24baires.com\/index.php?rest_route=%2Fwp%2Fv2%2Fcomments&post=122263"}],"version-history":[{"count":1,"href":"https:\/\/www.24baires.com\/index.php?rest_route=\/wp\/v2\/posts\/122263\/revisions"}],"predecessor-version":[{"id":122264,"href":"https:\/\/www.24baires.com\/index.php?rest_route=\/wp\/v2\/posts\/122263\/revisions\/122264"}],"wp:attachment":[{"href":"https:\/\/www.24baires.com\/index.php?rest_route=%2Fwp%2Fv2%2Fmedia&parent=122263"}],"wp:term":[{"taxonomy":"category","embeddable":true,"href":"https:\/\/www.24baires.com\/index.php?rest_route=%2Fwp%2Fv2%2Fcategories&post=122263"},{"taxonomy":"post_tag","embeddable":true,"href":"https:\/\/www.24baires.com\/index.php?rest_route=%2Fwp%2Fv2%2Ftags&post=122263"}],"curies":[{"name":"wp","href":"https:\/\/api.w.org\/{rel}","templated":true}]}}