{"id":12225,"date":"2013-01-15T11:32:06","date_gmt":"2013-01-15T14:32:06","guid":{"rendered":"http:\/\/www.24baires.com\/?p=12225"},"modified":"2013-01-15T12:00:21","modified_gmt":"2013-01-15T15:00:21","slug":"paritarias-con-estatales-bonaerenses-postergaron-el-debate-salarial-para-la-semana-proxima","status":"publish","type":"post","link":"https:\/\/www.24baires.com\/?p=12225","title":{"rendered":"Paritarias con estatales bonaerenses: el debate salarial qued\u00f3 para la semana pr\u00f3xima"},"content":{"rendered":"<p>Sin precisiones de ning\u00fan tipo -como era previsible, en rigor- sobre el aumento salarial que se aplicar\u00e1 este a\u00f1o, la primera reuni\u00f3n paritaria de los trabajadores de la Administraci\u00f3n Central de la Provincia -los nucleados en el r\u00e9gimen establecido en la Ley 10.430- pas\u00f3, centralmente, por la presentaci\u00f3n por parte de los gremios de una suerte de extenso petitorio para abordar en los distintos tipos de comisiones en las que se desarrollar\u00e1n las negociaciones.<!--more--><\/p>\n<p>Entre esos reclamos compartidos por las distintas entidades del sector, figuran una recategorizaci\u00f3n generalizada, reescalafonamientos, mejoras laborales diversas y bonificaciones para determinadas actividades espec\u00edficas.<\/p>\n<p>El planteo fue elevado ante las autoridades de Trabajo y otros funcionarios del gabinete de Daniel Scioli, por los representantes de Upcn, Fegeppba, ATE y Cicop, entre otras organizaciones sindicales que participaron de este primer encuentro.<\/p>\n<p><strong>Pautas del debate por los sueldos<\/strong><\/p>\n<p>La discusi\u00f3n salarial, en tanto, fue dejada en una especie de comp\u00e1s de espera, hasta por lo menos la pr\u00f3xima reuni\u00f3n, que fue pautada para el jueves de la pr\u00f3xima semana.<\/p>\n<p>Para cuando ese debate puntual se abra, los gremios tienen previsto pedir un aumento global de los salarios de entre el 25% y el 30%, y reclamar que, cuando finalmente se tome una decisi\u00f3n en la materia, sea liquidado de manera retroactiva al 1\u00ba de enero.<\/p>\n<p>El gobierno de Scioli, en tanto, aspira a que se defina un incremento de salarios que oscile entre el 18% y el 20%, y a que ese porcentaje se aplique de modo escalonado, repartido entre tres o cuatro cuotas en el a\u00f1o.<\/p>\n<p>De cualquier modo, las pautas sobre las que finalmente se profundizar\u00e1 la discusi\u00f3n sobre los sueldos de los empleados de la Administraci\u00f3n reci\u00e9n quedar\u00e1n definidas luego de que se resuelva la negociaci\u00f3n salarial con los gremios docentes y se defina la mejora salarial que recibir\u00e1 este sector.<\/p>\n<p>Y \u00e9sa, la negociaci\u00f3n con los docentes de la Provincia, deber\u00e1 esperar a su vez que se desarrolle y defina la pauta salarial nacional que se determinar\u00e1 entre los ministros nacionales Carlos Tomada (Trabajo) y Alberto Sileoni (Educaci\u00f3n). Reci\u00e9n entonces, con ese porcentaje como \u201creferencia\u201d, se cerrar\u00e1 la paritaria salarial de los maestros bonaerenses.<\/p>\n<p><strong>Queja por indefiniciones<br \/>\n<\/strong><br \/>\nMientras tanto, la conducci\u00f3n de uno de los gremios que participa de la paritaria del r\u00e9gimen de la Ley 10.430, sali\u00f3 ayer a quejarse porque la cuesti\u00f3n salarial no fue abordada en el primer encuentro de ayer.<\/p>\n<p>\u201cNo hubo ni oferta salarial, ni propuesta, ni siquiera criterio. No sab\u00edan por d\u00f3nde empezar la discusi\u00f3n salarial\u201d, afirm\u00f3 el secretario general de ATE Provincia, Oscar de Isasi.<\/p>\n<p>Entre otros puntos, este gremio pide que en la negociaci\u00f3n iniciada se aborden cuestiones tales como \u201capertura de paritarias sectoriales para la discusi\u00f3n de determinadas situaciones en distintas \u00e1reas; reconocimiento de la antig\u00fcedad para todos los trabajadores que durante un tiempo se desempe\u00f1aron como contratatados o temporarios; recategorizaci\u00f3n para todos los estatales; devoluci\u00f3n de d\u00edas descontados por paros; agilizaci\u00f3n de los tr\u00e1mites jubilatorios; y democratizaci\u00f3n del IOMA y del IPS\u201d.<\/p>\n<p>&nbsp;<\/p>\n<p>&nbsp;<\/p>\n<p>&nbsp;<\/p>\n<p>&nbsp;<\/p>\n<p>&nbsp;<\/p>\n<p>&nbsp;<\/p>\n<p>&nbsp;<\/p>\n<p>&nbsp;<\/p>\n<p>&nbsp;<\/p>\n<p>&nbsp;<\/p>\n<p>&nbsp;<\/p>\n<p>&nbsp;<\/p>\n<p>&nbsp;<\/p>\n<p>&nbsp;<\/p>\n<p>&nbsp;<\/p>\n<p>&nbsp;<\/p>\n<p>&nbsp;<\/p>\n<p>&nbsp;<\/p>\n<p>&nbsp;<\/p>\n<p>&nbsp;<\/p>\n<p>&nbsp;<\/p>\n<p>&nbsp;<\/p>\n<p>&nbsp;<\/p>\n<p>&nbsp;<\/p>\n<p>&nbsp;<\/p>\n<p>&nbsp;<\/p>\n","protected":false},"excerpt":{"rendered":"<p>Sin precisiones de ning\u00fan tipo -como era previsible, en rigor- sobre el aumento salarial que se aplicar\u00e1 este a\u00f1o, la primera reuni\u00f3n paritaria de los trabajadores de la Administraci\u00f3n Central de la Provincia -los nucleados en el r\u00e9gimen establecido en la Ley 10.430- pas\u00f3, centralmente, por la presentaci\u00f3n por parte de los gremios de una suerte de extenso petitorio para [&#8230;]<\/p>\n","protected":false},"author":4,"featured_media":0,"comment_status":"open","ping_status":"open","sticky":false,"template":"","format":"standard","meta":{"_jetpack_newsletter_access":"","_jetpack_dont_email_post_to_subs":false,"_jetpack_newsletter_tier_id":0,"_jetpack_memberships_contains_paywalled_content":false,"_jetpack_memberships_contains_paid_content":false,"footnotes":""},"categories":[1],"tags":[],"class_list":["post-12225","post","type-post","status-publish","format-standard","hentry","category-sociedad"],"jetpack_featured_media_url":"","jetpack_shortlink":"https:\/\/wp.me\/p2JWE0-3bb","jetpack-related-posts":[{"id":100102,"url":"https:\/\/www.24baires.com\/?p=100102","url_meta":{"origin":12225,"position":0},"title":"Sturzenegger tambi\u00e9n pide paritarias con tope del 15%","author":"AF","date":"22\/01\/2018","format":false,"excerpt":"El titular del Banco Central se sum\u00f3 al coro de macristas que buscan limitar los aumentos salariales de este a\u00f1o. Tambi\u00e9n dijo que los acuerdos entre los trabajadores y sus empleadores no deber\u00edan incluir cl\u00e1usula gatillo. El presidente del Banco Central, Federico Sturzenegger, tambi\u00e9n sali\u00f3 a ponerle un techo a\u2026","rel":"","context":"En \u00abEconom\u00eda\u00bb","block_context":{"text":"Econom\u00eda","link":"https:\/\/www.24baires.com\/?cat=45"},"img":{"alt_text":"","src":"https:\/\/i0.wp.com\/www.24baires.com\/wp-content\/uploads\/2016\/09\/sturzenegger.jpg?resize=350%2C200","width":350,"height":200,"srcset":"https:\/\/i0.wp.com\/www.24baires.com\/wp-content\/uploads\/2016\/09\/sturzenegger.jpg?resize=350%2C200 1x, https:\/\/i0.wp.com\/www.24baires.com\/wp-content\/uploads\/2016\/09\/sturzenegger.jpg?resize=525%2C300 1.5x"},"classes":[]},{"id":113640,"url":"https:\/\/www.24baires.com\/?p=113640","url_meta":{"origin":12225,"position":1},"title":"Confirmaron que en \u201clas pr\u00f3ximas semanas\u201d definir\u00e1n la agenda de la paritaria nacional docente","author":"GB","date":"31\/12\/2019","format":false,"excerpt":"Desde el Poder Ejecutivo adelantaron que trabajan en una primera convocatoria para avanzar en la discusi\u00f3n con los trabajadores de la educaci\u00f3n en todo el pa\u00eds. Tras los cuatro a\u00f1os del gobierno de Mauricio Macri, volver\u00e1 a la escena la paritaria nacional docente y en ese aspecto el Poder Ejecutivo\u2026","rel":"","context":"En \u00abPol\u00edtica\u00bb","block_context":{"text":"Pol\u00edtica","link":"https:\/\/www.24baires.com\/?cat=51"},"img":{"alt_text":"","src":"https:\/\/i0.wp.com\/www.24baires.com\/wp-content\/uploads\/2014\/03\/aulas-vac%C3%ADas.jpg?resize=350%2C200","width":350,"height":200},"classes":[]},{"id":45495,"url":"https:\/\/www.24baires.com\/?p=45495","url_meta":{"origin":12225,"position":2},"title":"Un nuevo paro en la salud bonaerense para este jueves","author":"Grupo Sierra","date":"07\/05\/2014","format":false,"excerpt":"La Asociaci\u00f3n de Profesionales del Hospital Posadas (APHP), centro de salud dependiente del Ministerio de Salud de la Naci\u00f3n y enrolado gremialmente en la Asociaci\u00f3n Sindical de Profesionales de la Salud de la Provincia de Buenos Aires (CICOP), realizar\u00e1 dos paros de 24 horas los d\u00edas jueves 8 y mi\u00e9rcoles\u2026","rel":"","context":"En \u00abProvincia\u00bb","block_context":{"text":"Provincia","link":"https:\/\/www.24baires.com\/?cat=40"},"img":{"alt_text":"Paro Cicop","src":"https:\/\/i0.wp.com\/www.24baires.com\/wp-content\/uploads\/2014\/02\/Paro-Cicop.jpg?resize=350%2C200","width":350,"height":200,"srcset":"https:\/\/i0.wp.com\/www.24baires.com\/wp-content\/uploads\/2014\/02\/Paro-Cicop.jpg?resize=350%2C200 1x, https:\/\/i0.wp.com\/www.24baires.com\/wp-content\/uploads\/2014\/02\/Paro-Cicop.jpg?resize=525%2C300 1.5x"},"classes":[]},{"id":82808,"url":"https:\/\/www.24baires.com\/?p=82808","url_meta":{"origin":12225,"position":3},"title":"Docentes de la FEB reclaman reapertura de paritarias","author":"GB","date":"17\/05\/2016","format":false,"excerpt":"Seg\u00fan informaron, desde el sindicato se formul\u00f3 una denuncia ante la Direcci\u00f3n General de Cultura y Educaci\u00f3n (DGCyE) por anomal\u00edas y parcialidades manifiestas en el funcionamiento de POF-POFA y la paralizaci\u00f3n del trabajo de las Comisiones T\u00e9cnicas Paritarias y de Cogesti\u00f3n. La denuncia fue efectuada el \u00faltimo 27 de abril\u2026","rel":"","context":"En \u00abProvincia\u00bb","block_context":{"text":"Provincia","link":"https:\/\/www.24baires.com\/?cat=40"},"img":{"alt_text":"feb","src":"https:\/\/i0.wp.com\/www.24baires.com\/wp-content\/uploads\/2013\/11\/feb.jpg?resize=350%2C200","width":350,"height":200,"srcset":"https:\/\/i0.wp.com\/www.24baires.com\/wp-content\/uploads\/2013\/11\/feb.jpg?resize=350%2C200 1x, https:\/\/i0.wp.com\/www.24baires.com\/wp-content\/uploads\/2013\/11\/feb.jpg?resize=525%2C300 1.5x"},"classes":[]},{"id":93251,"url":"https:\/\/www.24baires.com\/?p=93251","url_meta":{"origin":12225,"position":4},"title":"\u00abVidal tiene la llave para resolver el conflicto\u00bb docente, dijo Baradel","author":"GB","date":"22\/03\/2017","format":false,"excerpt":"El titular de Suteba dijo que mantuvo \"charlas informales\" con los ministros bonaerenses y que \"no se mueven de la propuesta inicial\" por lo que reclam\u00f3 a la gobernadora que \"mejoren la propuesta, que no apliquen sanciones y nos den un trato respetuoso\" para resolver el conflicto salarial. El secretario\u2026","rel":"","context":"En \u00abPol\u00edtica\u00bb","block_context":{"text":"Pol\u00edtica","link":"https:\/\/www.24baires.com\/?cat=51"},"img":{"alt_text":"","src":"https:\/\/i0.wp.com\/www.24baires.com\/wp-content\/uploads\/2017\/03\/baradel-marcha-federal.jpg?resize=350%2C200","width":350,"height":200,"srcset":"https:\/\/i0.wp.com\/www.24baires.com\/wp-content\/uploads\/2017\/03\/baradel-marcha-federal.jpg?resize=350%2C200 1x, https:\/\/i0.wp.com\/www.24baires.com\/wp-content\/uploads\/2017\/03\/baradel-marcha-federal.jpg?resize=525%2C300 1.5x"},"classes":[]},{"id":102060,"url":"https:\/\/www.24baires.com\/?p=102060","url_meta":{"origin":12225,"position":5},"title":"Estatales comenzaron el paro por 24 horas en reclamos de paritarias","author":"GB","date":"10\/05\/2018","format":false,"excerpt":"En una jornada que tendr\u00e1 un doble escenario de reclamos, gremios estatales enrolados en la CTA Aut\u00f3noma marchar\u00e1n ma\u00f1ana a la Casa de la Provincia para luego sumarse a la movilizaci\u00f3n multisectorial hacia el Congreso de la Naci\u00f3n. En conferencia de prensa, convocada desde ATE, CICOP, AJB y seccionales de\u2026","rel":"","context":"En \u00abProvincia\u00bb","block_context":{"text":"Provincia","link":"https:\/\/www.24baires.com\/?cat=40"},"img":{"alt_text":"","src":"https:\/\/i0.wp.com\/www.24baires.com\/wp-content\/uploads\/2014\/12\/huelga-estatales.jpg?resize=350%2C200","width":350,"height":200,"srcset":"https:\/\/i0.wp.com\/www.24baires.com\/wp-content\/uploads\/2014\/12\/huelga-estatales.jpg?resize=350%2C200 1x, https:\/\/i0.wp.com\/www.24baires.com\/wp-content\/uploads\/2014\/12\/huelga-estatales.jpg?resize=525%2C300 1.5x"},"classes":[]}],"jetpack_sharing_enabled":true,"jetpack_likes_enabled":true,"_links":{"self":[{"href":"https:\/\/www.24baires.com\/index.php?rest_route=\/wp\/v2\/posts\/12225","targetHints":{"allow":["GET"]}}],"collection":[{"href":"https:\/\/www.24baires.com\/index.php?rest_route=\/wp\/v2\/posts"}],"about":[{"href":"https:\/\/www.24baires.com\/index.php?rest_route=\/wp\/v2\/types\/post"}],"author":[{"embeddable":true,"href":"https:\/\/www.24baires.com\/index.php?rest_route=\/wp\/v2\/users\/4"}],"replies":[{"embeddable":true,"href":"https:\/\/www.24baires.com\/index.php?rest_route=%2Fwp%2Fv2%2Fcomments&post=12225"}],"version-history":[{"count":3,"href":"https:\/\/www.24baires.com\/index.php?rest_route=\/wp\/v2\/posts\/12225\/revisions"}],"predecessor-version":[{"id":12227,"href":"https:\/\/www.24baires.com\/index.php?rest_route=\/wp\/v2\/posts\/12225\/revisions\/12227"}],"wp:attachment":[{"href":"https:\/\/www.24baires.com\/index.php?rest_route=%2Fwp%2Fv2%2Fmedia&parent=12225"}],"wp:term":[{"taxonomy":"category","embeddable":true,"href":"https:\/\/www.24baires.com\/index.php?rest_route=%2Fwp%2Fv2%2Fcategories&post=12225"},{"taxonomy":"post_tag","embeddable":true,"href":"https:\/\/www.24baires.com\/index.php?rest_route=%2Fwp%2Fv2%2Ftags&post=12225"}],"curies":[{"name":"wp","href":"https:\/\/api.w.org\/{rel}","templated":true}]}}