{"id":122221,"date":"2025-05-06T08:35:40","date_gmt":"2025-05-06T11:35:40","guid":{"rendered":"https:\/\/www.24baires.com\/?p=122221"},"modified":"2025-05-06T08:35:40","modified_gmt":"2025-05-06T11:35:40","slug":"lanzan-nueva-convocatoria-para-mipymes-bonaerenses-que-busquen-mejorar-su-productividad","status":"publish","type":"post","link":"https:\/\/www.24baires.com\/?p=122221","title":{"rendered":"Lanzan nueva convocatoria para mipymes bonaerenses que busquen mejorar su productividad"},"content":{"rendered":"<p><img data-recalc-dims=\"1\" loading=\"lazy\" decoding=\"async\" class=\"aligncenter wp-image-121991\" src=\"https:\/\/i0.wp.com\/www.24baires.com\/wp-content\/uploads\/2025\/01\/indust-pyme.jpeg?resize=720%2C480\" alt=\"\" width=\"720\" height=\"480\" srcset=\"https:\/\/i0.wp.com\/www.24baires.com\/wp-content\/uploads\/2025\/01\/indust-pyme.jpeg?w=887&amp;ssl=1 887w, https:\/\/i0.wp.com\/www.24baires.com\/wp-content\/uploads\/2025\/01\/indust-pyme.jpeg?resize=300%2C200&amp;ssl=1 300w, https:\/\/i0.wp.com\/www.24baires.com\/wp-content\/uploads\/2025\/01\/indust-pyme.jpeg?resize=768%2C512&amp;ssl=1 768w\" sizes=\"auto, (max-width: 720px) 100vw, 720px\" \/>El Ministerio de Producci\u00f3n abri\u00f3 la tercera edici\u00f3n de la Asistencia T\u00e9cnica en Gesti\u00f3n de la Calidad, una iniciativa gratuita para fortalecer la competitividad del entramado productivo.<!--more--><\/p>\n<p>El Ministerio de Producci\u00f3n, Ciencia e Innovaci\u00f3n Tecnol\u00f3gica de la Provincia lanz\u00f3 una nueva convocatoria para mipymes que deseen mejorar su productividad y competitividad, en el marco del programa de Asistencia T\u00e9cnica en Gesti\u00f3n de la Calidad impulsado por la Escuela Productiva Bonaerense.<\/p>\n<p>\u201cSe trata de una asistencia t\u00e9cnica gratuita y personalizada, brindada por consultores especialistas para impulsar el fortalecimiento del entramado productivo a trav\u00e9s de la mejora de la competitividad empresarial\u201d, inform\u00f3 la cartera que conduce Augusto Costa.<\/p>\n<p>En las dos convocatorias anteriores participaron 48 mipymes de distintos municipios bonaerenses. A partir de este lunes, las empresas interesadas pueden inscribirse a trav\u00e9s del sitio oficial del programa.<\/p>\n<p>La asistencia t\u00e9cnica comprende un ciclo de trabajo cuatrimestral que incluye diagn\u00f3stico, implementaci\u00f3n de un plan de mejora, estandarizaci\u00f3n de procesos, planificaci\u00f3n operativa, definici\u00f3n de indicadores de gesti\u00f3n y evaluaci\u00f3n de la satisfacci\u00f3n del cliente. Adem\u00e1s, se ofrece una instancia de capacitaci\u00f3n sobre conceptos y herramientas de gesti\u00f3n de la calidad.<\/p>\n<p>La Escuela Productiva Bonaerense busca potenciar las capacidades de gesti\u00f3n de pymes, microempresas y emprendimientos locales mediante capacitaci\u00f3n, asistencia t\u00e9cnica y vinculaci\u00f3n institucional. Entre sus objetivos se destacan el fortalecimiento de planes de negocios, la implementaci\u00f3n de herramientas de gesti\u00f3n de calidad, el impulso de econom\u00edas de escala y la articulaci\u00f3n entre empresas e instituciones p\u00fablicas.<\/p>\n","protected":false},"excerpt":{"rendered":"<p>El Ministerio de Producci\u00f3n abri\u00f3 la tercera edici\u00f3n de la Asistencia T\u00e9cnica en Gesti\u00f3n de la Calidad, una iniciativa gratuita para fortalecer la competitividad del entramado productivo.<\/p>\n","protected":false},"author":8,"featured_media":0,"comment_status":"closed","ping_status":"closed","sticky":false,"template":"","format":"standard","meta":{"_jetpack_newsletter_access":"","_jetpack_dont_email_post_to_subs":false,"_jetpack_newsletter_tier_id":0,"_jetpack_memberships_contains_paywalled_content":false,"_jetpack_memberships_contains_paid_content":false,"footnotes":""},"categories":[40],"tags":[],"class_list":["post-122221","post","type-post","status-publish","format-standard","hentry","category-provincia"],"jetpack_featured_media_url":"","jetpack_shortlink":"https:\/\/wp.me\/p2JWE0-vNj","jetpack-related-posts":[{"id":112900,"url":"https:\/\/www.24baires.com\/?p=112900","url_meta":{"origin":122221,"position":0},"title":"Naci\u00f3n crea un programa de asistencia para peque\u00f1as y medianas empresas","author":"GB","date":"07\/11\/2019","format":false,"excerpt":"El Ministerio de Producci\u00f3n cre\u00f3 el Programa Certificaciones-Asistencia para Mipymes Fondep, dirigido a micro, peque\u00f1as y medianas empresas, con el objetivo de brindar asistencia financiera a trav\u00e9s del Fondo Nacional de Desarrollo Productivo. La norma precis\u00f3 que la selecci\u00f3n de los proyectos a financiarse en el marco del programa se\u2026","rel":"","context":"En \u00abSociedad\u00bb","block_context":{"text":"Sociedad","link":"https:\/\/www.24baires.com\/?cat=1"},"img":{"alt_text":"","src":"https:\/\/i0.wp.com\/www.24baires.com\/wp-content\/uploads\/2017\/10\/pyme-1.jpg?resize=350%2C200","width":350,"height":200,"srcset":"https:\/\/i0.wp.com\/www.24baires.com\/wp-content\/uploads\/2017\/10\/pyme-1.jpg?resize=350%2C200 1x, https:\/\/i0.wp.com\/www.24baires.com\/wp-content\/uploads\/2017\/10\/pyme-1.jpg?resize=525%2C300 1.5x"},"classes":[]},{"id":115209,"url":"https:\/\/www.24baires.com\/?p=115209","url_meta":{"origin":122221,"position":1},"title":"Provincia y la ONU firman convenio para fortalecer al sistema penitenciario bonaerense","author":"GB","date":"02\/06\/2020","format":false,"excerpt":"El convenio incluye incorporaci\u00f3n de los privados de la libertad en el mercado laboral, capacitaci\u00f3n para el trabajo, asistencia t\u00e9cnica y legal en normas de gesti\u00f3n, entre otros aspectos. El Ministerio de Justicia y Derechos Humanos firmar\u00e1 un convenio con el Programa de Naciones Unidas para el Desarrollo (PNUD) para\u2026","rel":"","context":"En \u00abProvincia\u00bb","block_context":{"text":"Provincia","link":"https:\/\/www.24baires.com\/?cat=40"},"img":{"alt_text":"","src":"https:\/\/i0.wp.com\/www.24baires.com\/wp-content\/uploads\/2016\/09\/penal-florencio-varela.jpg?resize=350%2C200","width":350,"height":200,"srcset":"https:\/\/i0.wp.com\/www.24baires.com\/wp-content\/uploads\/2016\/09\/penal-florencio-varela.jpg?resize=350%2C200 1x, https:\/\/i0.wp.com\/www.24baires.com\/wp-content\/uploads\/2016\/09\/penal-florencio-varela.jpg?resize=525%2C300 1.5x"},"classes":[]},{"id":115367,"url":"https:\/\/www.24baires.com\/?p=115367","url_meta":{"origin":122221,"position":2},"title":"Crean un programa provincial de promoci\u00f3n de la agroecolog\u00eda","author":"GB","date":"17\/06\/2020","format":false,"excerpt":"La medida se conoci\u00f3 tras la publicaci\u00f3n de la resoluci\u00f3n 78 del Ministerio de Desarrollo Agrario, publicada en el Bolet\u00edn Oficial de la provincia. El Gobierno bonaerense cre\u00f3 el programa provincial de Promoci\u00f3n de la Agroecolog\u00eda a fin de impulsar las econom\u00edas locales, asegurar la producci\u00f3n de alimentos con alta\u2026","rel":"","context":"En \u00abProvincia\u00bb","block_context":{"text":"Provincia","link":"https:\/\/www.24baires.com\/?cat=40"},"img":{"alt_text":"","src":"https:\/\/i0.wp.com\/www.24baires.com\/wp-content\/uploads\/2020\/06\/agroeco.jpg?resize=350%2C200","width":350,"height":200,"srcset":"https:\/\/i0.wp.com\/www.24baires.com\/wp-content\/uploads\/2020\/06\/agroeco.jpg?resize=350%2C200 1x, https:\/\/i0.wp.com\/www.24baires.com\/wp-content\/uploads\/2020\/06\/agroeco.jpg?resize=525%2C300 1.5x"},"classes":[]},{"id":118059,"url":"https:\/\/www.24baires.com\/?p=118059","url_meta":{"origin":122221,"position":3},"title":"El gobierno bonaerense lanza cr\u00e9ditos para cooperativas","author":"GB","date":"28\/09\/2021","format":false,"excerpt":"El ministro de producci\u00f3n de la Provincia de Buenos Aires Augusto Costa presenta pol\u00edticas de reactivaci\u00f3n, en este caso cr\u00e9ditos para cooperativas. En el marco de poder profundizar y reactivar la producci\u00f3n de la provincia de Buenos Aires, el Gobierno de Axel Kicillof lanza hoy un nuevo programa de cr\u00e9ditos\u2026","rel":"","context":"En \u00abProvincia\u00bb","block_context":{"text":"Provincia","link":"https:\/\/www.24baires.com\/?cat=40"},"img":{"alt_text":"","src":"https:\/\/i0.wp.com\/www.24baires.com\/wp-content\/uploads\/2021\/09\/ministro-de-produccion.jpg?resize=350%2C200","width":350,"height":200,"srcset":"https:\/\/i0.wp.com\/www.24baires.com\/wp-content\/uploads\/2021\/09\/ministro-de-produccion.jpg?resize=350%2C200 1x, https:\/\/i0.wp.com\/www.24baires.com\/wp-content\/uploads\/2021\/09\/ministro-de-produccion.jpg?resize=525%2C300 1.5x"},"classes":[]},{"id":51522,"url":"https:\/\/www.24baires.com\/?p=51522","url_meta":{"origin":122221,"position":4},"title":"El sciolismo reclam\u00f3 que los intendentes del FR dejen sin efecto el impuesto a los combustibles","author":"GB","date":"10\/08\/2014","format":false,"excerpt":"El ministro de la Producci\u00f3n bonaerense, Cristian Breitenstein, sostuvo que \u201clas ciudades gobernadas por jefes comunales que responden al Frente Renovador cobran una \u2018tasa vial\u2019 a la nafta que implica 40 centavos extra por litro de nafta premium, 30 en s\u00faper, 20 en gasoil y 15 centavos en GNC\u201d. Dijo\u2026","rel":"","context":"En \u00abProvincia\u00bb","block_context":{"text":"Provincia","link":"https:\/\/www.24baires.com\/?cat=40"},"img":{"alt_text":"","src":"","width":0,"height":0},"classes":[]},{"id":121462,"url":"https:\/\/www.24baires.com\/?p=121462","url_meta":{"origin":122221,"position":5},"title":"Kicillof dej\u00f3 en claro que \u00absin industria\u00bb no hay Pacto de Mayo","author":"GB","date":"05\/07\/2024","format":false,"excerpt":"El gobernador Axel Kicillof encabez\u00f3 la apertura de la expo IndustrializAR 2024, reiter\u00f3 sus cr\u00edticas al Pacto de Mayo de Javier Milei e hizo un llamamiento a \"defender la industria y el trabajo\". El gobernador bonaerense, Axel Kicillof, encabez\u00f3 la apertura de la expo IndustrializAR 2024 en Pilar, y volvi\u00f3\u2026","rel":"","context":"En \u00abProvincia\u00bb","block_context":{"text":"Provincia","link":"https:\/\/www.24baires.com\/?cat=40"},"img":{"alt_text":"","src":"https:\/\/i0.wp.com\/www.24baires.com\/wp-content\/uploads\/2023\/09\/kicillof.webp?resize=350%2C200","width":350,"height":200,"srcset":"https:\/\/i0.wp.com\/www.24baires.com\/wp-content\/uploads\/2023\/09\/kicillof.webp?resize=350%2C200 1x, https:\/\/i0.wp.com\/www.24baires.com\/wp-content\/uploads\/2023\/09\/kicillof.webp?resize=525%2C300 1.5x, https:\/\/i0.wp.com\/www.24baires.com\/wp-content\/uploads\/2023\/09\/kicillof.webp?resize=700%2C400 2x"},"classes":[]}],"jetpack_sharing_enabled":true,"jetpack_likes_enabled":true,"_links":{"self":[{"href":"https:\/\/www.24baires.com\/index.php?rest_route=\/wp\/v2\/posts\/122221","targetHints":{"allow":["GET"]}}],"collection":[{"href":"https:\/\/www.24baires.com\/index.php?rest_route=\/wp\/v2\/posts"}],"about":[{"href":"https:\/\/www.24baires.com\/index.php?rest_route=\/wp\/v2\/types\/post"}],"author":[{"embeddable":true,"href":"https:\/\/www.24baires.com\/index.php?rest_route=\/wp\/v2\/users\/8"}],"replies":[{"embeddable":true,"href":"https:\/\/www.24baires.com\/index.php?rest_route=%2Fwp%2Fv2%2Fcomments&post=122221"}],"version-history":[{"count":1,"href":"https:\/\/www.24baires.com\/index.php?rest_route=\/wp\/v2\/posts\/122221\/revisions"}],"predecessor-version":[{"id":122222,"href":"https:\/\/www.24baires.com\/index.php?rest_route=\/wp\/v2\/posts\/122221\/revisions\/122222"}],"wp:attachment":[{"href":"https:\/\/www.24baires.com\/index.php?rest_route=%2Fwp%2Fv2%2Fmedia&parent=122221"}],"wp:term":[{"taxonomy":"category","embeddable":true,"href":"https:\/\/www.24baires.com\/index.php?rest_route=%2Fwp%2Fv2%2Fcategories&post=122221"},{"taxonomy":"post_tag","embeddable":true,"href":"https:\/\/www.24baires.com\/index.php?rest_route=%2Fwp%2Fv2%2Ftags&post=122221"}],"curies":[{"name":"wp","href":"https:\/\/api.w.org\/{rel}","templated":true}]}}