{"id":122217,"date":"2025-04-30T06:31:36","date_gmt":"2025-04-30T09:31:36","guid":{"rendered":"https:\/\/www.24baires.com\/?p=122217"},"modified":"2025-04-30T06:31:36","modified_gmt":"2025-04-30T09:31:36","slug":"la-salud-no-es-un-mercado-no-puede-someterse-a-la-logica-del-dinero-y-excluir-la-vida","status":"publish","type":"post","link":"https:\/\/www.24baires.com\/?p=122217","title":{"rendered":"\u00abLa salud no es un mercado, no puede someterse a la l\u00f3gica del dinero y excluir la vida\u00bb"},"content":{"rendered":"<p><img data-recalc-dims=\"1\" loading=\"lazy\" decoding=\"async\" class=\"aligncenter wp-image-122218\" src=\"https:\/\/i0.wp.com\/www.24baires.com\/wp-content\/uploads\/2025\/04\/kicillof_congreso_salud_mar_del_plata_1.jpg?resize=720%2C480\" alt=\"\" width=\"720\" height=\"480\" srcset=\"https:\/\/i0.wp.com\/www.24baires.com\/wp-content\/uploads\/2025\/04\/kicillof_congreso_salud_mar_del_plata_1.jpg?w=1024&amp;ssl=1 1024w, https:\/\/i0.wp.com\/www.24baires.com\/wp-content\/uploads\/2025\/04\/kicillof_congreso_salud_mar_del_plata_1.jpg?resize=300%2C200&amp;ssl=1 300w, https:\/\/i0.wp.com\/www.24baires.com\/wp-content\/uploads\/2025\/04\/kicillof_congreso_salud_mar_del_plata_1.jpg?resize=768%2C512&amp;ssl=1 768w\" sizes=\"auto, (max-width: 720px) 100vw, 720px\" \/>El Gobernador bonaerense particip\u00f3 este martes de la cuarta edici\u00f3n del Congreso Provincial de Salud (Cosapro) en Mar del Plata. Carg\u00f3 contra el Presidente Javier Milei por su impronta anti estatal.<!--more--><\/p>\n<p>\u201cLa salud no es un mercado, no funciona as\u00ed y no puede someterse a la l\u00f3gica del dinero exclusivamente al costo de excluir lo m\u00e1s importante, la vida misma. Muchos de los que antes se atend\u00edan en el sistema de salud privado ya no lo pueden hacer y acuden a los centros de salud u hospitales municipales o provinciales que siempre tendr\u00e1n sus puertas abiertas: Qu\u00e9 paradoja, quienes ven\u00edan a privatizar todo terminaron estatizando\u201d, dijo Axel Kicillof desde el escenario del Hotel Provincial de Mar del Plata.<\/p>\n<p>Y agreg\u00f3: \u201cSi nos quieren hacen creer que todo tiene que ser el mercado, tenemos important\u00edsimos aliados, los trabajadores de la salud, para explicar qu\u00e9 problema hay si delegamos todo en manos del mercado, qu\u00e9 problema hay si el Estado se retira. Hay municipios de la provincia de Buenos Aires que van a ser un desierto\u201d.<\/p>\n<p>\u201cNo se va poder vivir sin salud, sin educaci\u00f3n, sin infraestructura. Es invivible. Todo el Estado lo puede hacer. Tenemos que seguir trabajando, solo el Estado le puede dar a la mayor\u00eda de nuestro pueblo la salud, la dignidad, la educaci\u00f3n\u201d, destac\u00f3 el Gobernador.<\/p>\n<p>Por otro lado, el Ministro de Salud bonaerense, Nicol\u00e1s Kreplak, tild\u00f3 de \u201chermoso\u201d el encuentro que dieron forma \u201cm\u00e1s de 12 mil trabajadores de la salud\u201d al calificarlos como algo \u201ccontracultural\u201d.<\/p>\n","protected":false},"excerpt":{"rendered":"<p>El Gobernador bonaerense particip\u00f3 este martes de la cuarta edici\u00f3n del Congreso Provincial de Salud (Cosapro) en Mar del Plata. Carg\u00f3 contra el Presidente Javier Milei por su impronta anti estatal.<\/p>\n","protected":false},"author":8,"featured_media":0,"comment_status":"closed","ping_status":"closed","sticky":false,"template":"","format":"standard","meta":{"_jetpack_newsletter_access":"","_jetpack_dont_email_post_to_subs":false,"_jetpack_newsletter_tier_id":0,"_jetpack_memberships_contains_paywalled_content":false,"_jetpack_memberships_contains_paid_content":false,"footnotes":""},"categories":[40],"tags":[],"class_list":["post-122217","post","type-post","status-publish","format-standard","hentry","category-provincia"],"jetpack_featured_media_url":"","jetpack_shortlink":"https:\/\/wp.me\/p2JWE0-vNf","jetpack-related-posts":[{"id":122069,"url":"https:\/\/www.24baires.com\/?p=122069","url_meta":{"origin":122217,"position":0},"title":"Pulti advirti\u00f3 que la \u00abcolumna vertebral\u00bb de Derecho al Futuro es \u00abel justicialismo\u00bb","author":"GB","date":"24\/02\/2025","format":false,"excerpt":"El legislador y referente de Acci\u00f3n Marplatense respald\u00f3 la salida a la cancha del frente pol\u00edtico de Axel Kicillof y neg\u00f3 que el armado debilite la unidad del peronismo. El ex intendente de Mar del Plata y actual diputado provincial, Gustavo Pulti, expres\u00f3 su fuerte respaldo al Movimiento Derecho al\u2026","rel":"","context":"En \u00abProvincia\u00bb","block_context":{"text":"Provincia","link":"https:\/\/www.24baires.com\/?cat=40"},"img":{"alt_text":"","src":"https:\/\/i0.wp.com\/www.24baires.com\/wp-content\/uploads\/2025\/02\/pulti-kici.webp?resize=350%2C200","width":350,"height":200,"srcset":"https:\/\/i0.wp.com\/www.24baires.com\/wp-content\/uploads\/2025\/02\/pulti-kici.webp?resize=350%2C200 1x, https:\/\/i0.wp.com\/www.24baires.com\/wp-content\/uploads\/2025\/02\/pulti-kici.webp?resize=525%2C300 1.5x, https:\/\/i0.wp.com\/www.24baires.com\/wp-content\/uploads\/2025\/02\/pulti-kici.webp?resize=700%2C400 2x"},"classes":[]},{"id":111321,"url":"https:\/\/www.24baires.com\/?p=111321","url_meta":{"origin":122217,"position":1},"title":"La CGT tambi\u00e9n pide medicamentos gratis para todos los jubilados","author":"AF","date":"24\/07\/2019","format":false,"excerpt":"La Corriente Federal de Trabajadores de la CGT apoy\u00f3 la iniciativa del candidato presidencial Alberto Fern\u00e1ndez con respecto a subsidiar por parte del Estado medicamentos gratuitos para los jubilados. \"Ante la situaci\u00f3n alarmante que padecen nuestros jubilados, cuyo poder adquisitivo ha sido degradado hasta sumergirlos en la pobreza y la\u2026","rel":"","context":"En \u00abSociedad\u00bb","block_context":{"text":"Sociedad","link":"https:\/\/www.24baires.com\/?cat=1"},"img":{"alt_text":"","src":"https:\/\/i0.wp.com\/www.24baires.com\/wp-content\/uploads\/2019\/04\/cgt.jpg?resize=350%2C200","width":350,"height":200,"srcset":"https:\/\/i0.wp.com\/www.24baires.com\/wp-content\/uploads\/2019\/04\/cgt.jpg?resize=350%2C200 1x, https:\/\/i0.wp.com\/www.24baires.com\/wp-content\/uploads\/2019\/04\/cgt.jpg?resize=525%2C300 1.5x"},"classes":[]},{"id":116815,"url":"https:\/\/www.24baires.com\/?p=116815","url_meta":{"origin":122217,"position":2},"title":"\u00abApostamos mucho a esta temporada en Mar del Plata\u00bb","author":"GB","date":"03\/12\/2020","format":false,"excerpt":"El gobernador dialog\u00f3 con Telediario y se refiri\u00f3 a la situaci\u00f3n del desempleo en la ciudad. Para la pospandemia indic\u00f3 que apunta a \"un proyecto productivo para dar respuesta a los problemas t\u00edpicos de la ciudad\" El gobernador de la provincia de Buenos Aires, Axel Kicillof, asegur\u00f3 que su gobierno\u2026","rel":"","context":"En \u00abMunicipios\u00bb","block_context":{"text":"Municipios","link":"https:\/\/www.24baires.com\/?cat=44"},"img":{"alt_text":"","src":"https:\/\/i0.wp.com\/www.24baires.com\/wp-content\/uploads\/2020\/05\/kicilof.jpg?resize=350%2C200","width":350,"height":200,"srcset":"https:\/\/i0.wp.com\/www.24baires.com\/wp-content\/uploads\/2020\/05\/kicilof.jpg?resize=350%2C200 1x, https:\/\/i0.wp.com\/www.24baires.com\/wp-content\/uploads\/2020\/05\/kicilof.jpg?resize=525%2C300 1.5x"},"classes":[]},{"id":111849,"url":"https:\/\/www.24baires.com\/?p=111849","url_meta":{"origin":122217,"position":3},"title":"Grave: un genocida con prisi\u00f3n domiciliaria fue visto caminando sin custodio en Olavarr\u00eda","author":"GB","date":"29\/08\/2019","format":false,"excerpt":"La Comisi\u00f3n Provincial por la Memoria lo denunci\u00f3 y dej\u00f3 en manifiesto el buen estado de salud del ex polic\u00eda, Alberto Balquinta, imputado por delitos de lesa humanidad en la causa Monte Pelloni. Luego que el Tribunal Oral Federal de Mar del Plata ratificara la prisi\u00f3n domiciliaria de Alberto Balquinta,\u2026","rel":"","context":"En \u00abMemoria\u00bb","block_context":{"text":"Memoria","link":"https:\/\/www.24baires.com\/?cat=50"},"img":{"alt_text":"","src":"https:\/\/i0.wp.com\/www.24baires.com\/wp-content\/uploads\/2019\/08\/represor.jpeg?resize=350%2C200","width":350,"height":200,"srcset":"https:\/\/i0.wp.com\/www.24baires.com\/wp-content\/uploads\/2019\/08\/represor.jpeg?resize=350%2C200 1x, https:\/\/i0.wp.com\/www.24baires.com\/wp-content\/uploads\/2019\/08\/represor.jpeg?resize=525%2C300 1.5x"},"classes":[]},{"id":114283,"url":"https:\/\/www.24baires.com\/?p=114283","url_meta":{"origin":122217,"position":4},"title":"Mar del Plata: Montenegro se comprometi\u00f3 a construir dos jardines de infantes","author":"GB","date":"03\/03\/2020","format":false,"excerpt":"Ser\u00e1n los que hasta hoy funcionan en edificios alquilados en Faro Norte y Bosque Grande. Adem\u00e1s, se ampliar\u00e1n y remodelar\u00e1n cuatro Centros de Atenci\u00f3n Primaria de Salud Una de los ejes de la campa\u00f1a de Mauricio Macri fue comprometerse a construir 3 mil jardines de infantes si lograba ganarle a\u2026","rel":"","context":"En \u00abMunicipios\u00bb","block_context":{"text":"Municipios","link":"https:\/\/www.24baires.com\/?cat=44"},"img":{"alt_text":"","src":"https:\/\/i0.wp.com\/www.24baires.com\/wp-content\/uploads\/2020\/03\/montenegro.jpg?resize=350%2C200","width":350,"height":200,"srcset":"https:\/\/i0.wp.com\/www.24baires.com\/wp-content\/uploads\/2020\/03\/montenegro.jpg?resize=350%2C200 1x, https:\/\/i0.wp.com\/www.24baires.com\/wp-content\/uploads\/2020\/03\/montenegro.jpg?resize=525%2C300 1.5x"},"classes":[]},{"id":116018,"url":"https:\/\/www.24baires.com\/?p=116018","url_meta":{"origin":122217,"position":5},"title":"Los turistas que lleguen a Mar del Plata en la temporada deber\u00e1n hisoparse","author":"GB","date":"21\/08\/2020","format":false,"excerpt":"As\u00ed lo asegur\u00f3 el intendente Guillermo Montenegro. \"Tener un seguimiento de las personas que entran a la ciudad es clave\", indic\u00f3 Los turistas que visiten Mar del Plata durante la pr\u00f3xima temporada de verano deber\u00e1n someterse a un hisopado antes de ingresar a la ciudad para verificar que no porten\u2026","rel":"","context":"En \u00abMunicipios\u00bb","block_context":{"text":"Municipios","link":"https:\/\/www.24baires.com\/?cat=44"},"img":{"alt_text":"","src":"https:\/\/i0.wp.com\/www.24baires.com\/wp-content\/uploads\/2020\/05\/mar-del-plata.jpg?resize=350%2C200","width":350,"height":200,"srcset":"https:\/\/i0.wp.com\/www.24baires.com\/wp-content\/uploads\/2020\/05\/mar-del-plata.jpg?resize=350%2C200 1x, https:\/\/i0.wp.com\/www.24baires.com\/wp-content\/uploads\/2020\/05\/mar-del-plata.jpg?resize=525%2C300 1.5x"},"classes":[]}],"jetpack_sharing_enabled":true,"jetpack_likes_enabled":true,"_links":{"self":[{"href":"https:\/\/www.24baires.com\/index.php?rest_route=\/wp\/v2\/posts\/122217","targetHints":{"allow":["GET"]}}],"collection":[{"href":"https:\/\/www.24baires.com\/index.php?rest_route=\/wp\/v2\/posts"}],"about":[{"href":"https:\/\/www.24baires.com\/index.php?rest_route=\/wp\/v2\/types\/post"}],"author":[{"embeddable":true,"href":"https:\/\/www.24baires.com\/index.php?rest_route=\/wp\/v2\/users\/8"}],"replies":[{"embeddable":true,"href":"https:\/\/www.24baires.com\/index.php?rest_route=%2Fwp%2Fv2%2Fcomments&post=122217"}],"version-history":[{"count":1,"href":"https:\/\/www.24baires.com\/index.php?rest_route=\/wp\/v2\/posts\/122217\/revisions"}],"predecessor-version":[{"id":122219,"href":"https:\/\/www.24baires.com\/index.php?rest_route=\/wp\/v2\/posts\/122217\/revisions\/122219"}],"wp:attachment":[{"href":"https:\/\/www.24baires.com\/index.php?rest_route=%2Fwp%2Fv2%2Fmedia&parent=122217"}],"wp:term":[{"taxonomy":"category","embeddable":true,"href":"https:\/\/www.24baires.com\/index.php?rest_route=%2Fwp%2Fv2%2Fcategories&post=122217"},{"taxonomy":"post_tag","embeddable":true,"href":"https:\/\/www.24baires.com\/index.php?rest_route=%2Fwp%2Fv2%2Ftags&post=122217"}],"curies":[{"name":"wp","href":"https:\/\/api.w.org\/{rel}","templated":true}]}}