{"id":122211,"date":"2025-04-24T06:29:43","date_gmt":"2025-04-24T09:29:43","guid":{"rendered":"https:\/\/www.24baires.com\/?p=122211"},"modified":"2025-04-24T06:29:43","modified_gmt":"2025-04-24T09:29:43","slug":"tras-el-pedido-de-los-gremios-provincia-convoco-a-los-estatales","status":"publish","type":"post","link":"https:\/\/www.24baires.com\/?p=122211","title":{"rendered":"Tras el pedido de los gremios, provincia convoc\u00f3 a los estatales"},"content":{"rendered":"<p><img data-recalc-dims=\"1\" loading=\"lazy\" decoding=\"async\" class=\"aligncenter wp-image-121727\" src=\"https:\/\/i0.wp.com\/www.24baires.com\/wp-content\/uploads\/2024\/10\/gremios.jpeg?resize=720%2C480\" alt=\"\" width=\"720\" height=\"480\" srcset=\"https:\/\/i0.wp.com\/www.24baires.com\/wp-content\/uploads\/2024\/10\/gremios.jpeg?w=1024&amp;ssl=1 1024w, https:\/\/i0.wp.com\/www.24baires.com\/wp-content\/uploads\/2024\/10\/gremios.jpeg?resize=300%2C200&amp;ssl=1 300w, https:\/\/i0.wp.com\/www.24baires.com\/wp-content\/uploads\/2024\/10\/gremios.jpeg?resize=768%2C512&amp;ssl=1 768w\" sizes=\"auto, (max-width: 720px) 100vw, 720px\" \/>La reuni\u00f3n ser\u00e1 el martes 29 en el Ministerio de Trabajo. Por los plazos, el aumento impactar\u00eda reci\u00e9n en mayo.<!--more--><\/p>\n<p>A una semana el reciente reclamo de los gremios, la Uni\u00f3n del Personal Civil de la Naci\u00f3n, seccional Provincia de Buenos Aires (UPCNBA), fue convocada por el Ministerio de Trabajo bonaerense a una nueva audiencia paritaria para el pr\u00f3ximo martes 29 de abril a las 12 del mediod\u00eda.<\/p>\n<p>La convocatoria corresponde a las y los trabajadores comprendidos en el r\u00e9gimen de la Ley 10.430 y se llevar\u00e1 a cabo en la sede central de la cartera laboral. Si bien se trata de un avance luego de semanas de reclamos, desde el gremio reconocen que los tiempos son ajustados y que, en caso de haber acuerdo, los incrementos no podr\u00e1n verse reflejados en los salarios de abril.<\/p>\n<p>En efecto, el calendario ya juega en contra: la liquidaci\u00f3n de sueldos est\u00e1 en marcha y resulta pr\u00e1cticamente imposible aplicar modificaciones de \u00faltimo momento. Esto implica que cualquier mejora salarial que pudiera definirse en esa reuni\u00f3n impactar\u00e1 reci\u00e9n en los haberes de mayo.<\/p>\n","protected":false},"excerpt":{"rendered":"<p>La reuni\u00f3n ser\u00e1 el martes 29 en el Ministerio de Trabajo. Por los plazos, el aumento impactar\u00eda reci\u00e9n en mayo.<\/p>\n","protected":false},"author":8,"featured_media":0,"comment_status":"closed","ping_status":"closed","sticky":false,"template":"","format":"standard","meta":{"_jetpack_newsletter_access":"","_jetpack_dont_email_post_to_subs":false,"_jetpack_newsletter_tier_id":0,"_jetpack_memberships_contains_paywalled_content":false,"_jetpack_memberships_contains_paid_content":false,"footnotes":""},"categories":[40],"tags":[],"class_list":["post-122211","post","type-post","status-publish","format-standard","hentry","category-provincia"],"jetpack_featured_media_url":"","jetpack_shortlink":"https:\/\/wp.me\/p2JWE0-vN9","jetpack-related-posts":[{"id":119218,"url":"https:\/\/www.24baires.com\/?p=119218","url_meta":{"origin":122211,"position":0},"title":"Provincia convoc\u00f3 a rediscutir paritarias","author":"GB","date":"16\/08\/2022","format":false,"excerpt":"Luego de tener sobre la mesa los datos de la inflaci\u00f3n de julio, el Gobierno de la Provincia convoc\u00f3 a los gremios para el monitoreo de paritarias. La de hoy ser\u00e1 una jornada clave para las y los trabajadores estatales bonaerenses ya que luego de la presi\u00f3n de los gremios\u2026","rel":"","context":"En \u00abProvincia\u00bb","block_context":{"text":"Provincia","link":"https:\/\/www.24baires.com\/?cat=40"},"img":{"alt_text":"","src":"https:\/\/i0.wp.com\/www.24baires.com\/wp-content\/uploads\/2022\/08\/estatales-paritariasjpeg.jpeg?resize=350%2C200","width":350,"height":200,"srcset":"https:\/\/i0.wp.com\/www.24baires.com\/wp-content\/uploads\/2022\/08\/estatales-paritariasjpeg.jpeg?resize=350%2C200 1x, https:\/\/i0.wp.com\/www.24baires.com\/wp-content\/uploads\/2022\/08\/estatales-paritariasjpeg.jpeg?resize=525%2C300 1.5x, https:\/\/i0.wp.com\/www.24baires.com\/wp-content\/uploads\/2022\/08\/estatales-paritariasjpeg.jpeg?resize=700%2C400 2x"},"classes":[]},{"id":120056,"url":"https:\/\/www.24baires.com\/?p=120056","url_meta":{"origin":122211,"position":1},"title":"Provincia arranca la semana con reuniones paritarias","author":"GB","date":"02\/05\/2023","format":false,"excerpt":"Tras el pedido de los gremios, el gobierno de Axel Kicillof acept\u00f3 adelantar la negociaci\u00f3n para volver a discutir salarios. Los docentes y los gremios estatales bonaerenses volver\u00e1n a sentarse con las autoridades provinciales para discutir los aumentos salariales. El gobierno de Axel Kicillof acept\u00f3 el pedido de los sindicatos\u2026","rel":"","context":"En \u00abProvincia\u00bb","block_context":{"text":"Provincia","link":"https:\/\/www.24baires.com\/?cat=40"},"img":{"alt_text":"","src":"https:\/\/i0.wp.com\/www.24baires.com\/wp-content\/uploads\/2023\/02\/paritariasjpg.jpg?resize=350%2C200","width":350,"height":200,"srcset":"https:\/\/i0.wp.com\/www.24baires.com\/wp-content\/uploads\/2023\/02\/paritariasjpg.jpg?resize=350%2C200 1x, https:\/\/i0.wp.com\/www.24baires.com\/wp-content\/uploads\/2023\/02\/paritariasjpg.jpg?resize=525%2C300 1.5x, https:\/\/i0.wp.com\/www.24baires.com\/wp-content\/uploads\/2023\/02\/paritariasjpg.jpg?resize=700%2C400 2x"},"classes":[]},{"id":120629,"url":"https:\/\/www.24baires.com\/?p=120629","url_meta":{"origin":122211,"position":2},"title":"La Provincia recibe a los gremios para discutir paritarias","author":"GB","date":"07\/11\/2023","format":false,"excerpt":"Los gremios que representan a las y los trabajadores estatales fueron llamados a una reuni\u00f3n para rediscutir paritarias. El Gobierno de la Provincia de Buenos Aires convoc\u00f3 a los gremios que representan a las y los trabajadores estatales a una reuni\u00f3n para rediscutir paritarias, una demanda que creci\u00f3 tras las\u2026","rel":"","context":"En \u00abProvincia\u00bb","block_context":{"text":"Provincia","link":"https:\/\/www.24baires.com\/?cat=40"},"img":{"alt_text":"","src":"https:\/\/i0.wp.com\/www.24baires.com\/wp-content\/uploads\/2022\/12\/docentes-y-estatales-bonaerenses.jpeg?resize=350%2C200","width":350,"height":200,"srcset":"https:\/\/i0.wp.com\/www.24baires.com\/wp-content\/uploads\/2022\/12\/docentes-y-estatales-bonaerenses.jpeg?resize=350%2C200 1x, https:\/\/i0.wp.com\/www.24baires.com\/wp-content\/uploads\/2022\/12\/docentes-y-estatales-bonaerenses.jpeg?resize=525%2C300 1.5x, https:\/\/i0.wp.com\/www.24baires.com\/wp-content\/uploads\/2022\/12\/docentes-y-estatales-bonaerenses.jpeg?resize=700%2C400 2x"},"classes":[]},{"id":119749,"url":"https:\/\/www.24baires.com\/?p=119749","url_meta":{"origin":122211,"position":3},"title":"Kicillof llamar\u00e1 a docentes y estatales para negociar la paritaria 2023","author":"GB","date":"27\/01\/2023","format":false,"excerpt":"El Gobierno bonaerense encabezado por Axel Kicillof convoc\u00f3 a los representantes de los gremios para acordar las paritarias 2023. El Gobierno provincial liderado por Axel Kicillof confirmar\u00e1 la convocatoria para arreglar las paritarias 2023 el pr\u00f3ximo martes. As\u00ed los gremios de trabajadores estatales y docentes bonaerenses podr\u00e1n realizar la negociaci\u00f3n\u2026","rel":"","context":"En \u00abProvincia\u00bb","block_context":{"text":"Provincia","link":"https:\/\/www.24baires.com\/?cat=40"},"img":{"alt_text":"","src":"https:\/\/i0.wp.com\/www.24baires.com\/wp-content\/uploads\/2023\/01\/WhatsApp-Image-2023-01-27-at-10.19.00-1024x506-1.webp?resize=350%2C200","width":350,"height":200,"srcset":"https:\/\/i0.wp.com\/www.24baires.com\/wp-content\/uploads\/2023\/01\/WhatsApp-Image-2023-01-27-at-10.19.00-1024x506-1.webp?resize=350%2C200 1x, https:\/\/i0.wp.com\/www.24baires.com\/wp-content\/uploads\/2023\/01\/WhatsApp-Image-2023-01-27-at-10.19.00-1024x506-1.webp?resize=525%2C300 1.5x, https:\/\/i0.wp.com\/www.24baires.com\/wp-content\/uploads\/2023\/01\/WhatsApp-Image-2023-01-27-at-10.19.00-1024x506-1.webp?resize=700%2C400 2x"},"classes":[]},{"id":121237,"url":"https:\/\/www.24baires.com\/?p=121237","url_meta":{"origin":122211,"position":4},"title":"Provincia les ofreci\u00f3 un 9.5% de aumento a los gremios estatales","author":"GB","date":"17\/04\/2024","format":false,"excerpt":"En el marco de la discusi\u00f3n paritarias, el gobierno de la Provincia, les ofreci\u00f3 a los gremios estatales un aumento salarial del 9.5%. Este martes, el gobierno de la provincia de Buenos Aires, a trav\u00e9s del Ministerio de Trabajo, les ofreci\u00f3 a los gremios estatales un 9.5 por ciento de\u2026","rel":"","context":"En \u00abProvincia\u00bb","block_context":{"text":"Provincia","link":"https:\/\/www.24baires.com\/?cat=40"},"img":{"alt_text":"","src":"https:\/\/i0.wp.com\/www.24baires.com\/wp-content\/uploads\/2022\/10\/estatalesjpg.jpg?resize=350%2C200","width":350,"height":200,"srcset":"https:\/\/i0.wp.com\/www.24baires.com\/wp-content\/uploads\/2022\/10\/estatalesjpg.jpg?resize=350%2C200 1x, https:\/\/i0.wp.com\/www.24baires.com\/wp-content\/uploads\/2022\/10\/estatalesjpg.jpg?resize=525%2C300 1.5x, https:\/\/i0.wp.com\/www.24baires.com\/wp-content\/uploads\/2022\/10\/estatalesjpg.jpg?resize=700%2C400 2x"},"classes":[]},{"id":117181,"url":"https:\/\/www.24baires.com\/?p=117181","url_meta":{"origin":122211,"position":5},"title":"Provincia convoc\u00f3 a los gremios docentes para discutir salarios","author":"GB","date":"12\/02\/2021","format":false,"excerpt":"El gobierno de la provincia convoc\u00f3 a los gremios docentes nucleados en el Frente de Unidad Docente Bonaerense (FUDB) a paritarias. La reuni\u00f3n para discutir los salarios ser\u00e1 esta tarde a las 15.30 y se da luego de que los gremios reclamaran la \"urgente\" convocatoria para abrir la paritaria 2021.\u2026","rel":"","context":"En \u00abProvincia\u00bb","block_context":{"text":"Provincia","link":"https:\/\/www.24baires.com\/?cat=40"},"img":{"alt_text":"","src":"https:\/\/i0.wp.com\/www.24baires.com\/wp-content\/uploads\/2019\/11\/docentes-bonaerenses.jpg?resize=350%2C200","width":350,"height":200,"srcset":"https:\/\/i0.wp.com\/www.24baires.com\/wp-content\/uploads\/2019\/11\/docentes-bonaerenses.jpg?resize=350%2C200 1x, https:\/\/i0.wp.com\/www.24baires.com\/wp-content\/uploads\/2019\/11\/docentes-bonaerenses.jpg?resize=525%2C300 1.5x"},"classes":[]}],"jetpack_sharing_enabled":true,"jetpack_likes_enabled":true,"_links":{"self":[{"href":"https:\/\/www.24baires.com\/index.php?rest_route=\/wp\/v2\/posts\/122211","targetHints":{"allow":["GET"]}}],"collection":[{"href":"https:\/\/www.24baires.com\/index.php?rest_route=\/wp\/v2\/posts"}],"about":[{"href":"https:\/\/www.24baires.com\/index.php?rest_route=\/wp\/v2\/types\/post"}],"author":[{"embeddable":true,"href":"https:\/\/www.24baires.com\/index.php?rest_route=\/wp\/v2\/users\/8"}],"replies":[{"embeddable":true,"href":"https:\/\/www.24baires.com\/index.php?rest_route=%2Fwp%2Fv2%2Fcomments&post=122211"}],"version-history":[{"count":1,"href":"https:\/\/www.24baires.com\/index.php?rest_route=\/wp\/v2\/posts\/122211\/revisions"}],"predecessor-version":[{"id":122212,"href":"https:\/\/www.24baires.com\/index.php?rest_route=\/wp\/v2\/posts\/122211\/revisions\/122212"}],"wp:attachment":[{"href":"https:\/\/www.24baires.com\/index.php?rest_route=%2Fwp%2Fv2%2Fmedia&parent=122211"}],"wp:term":[{"taxonomy":"category","embeddable":true,"href":"https:\/\/www.24baires.com\/index.php?rest_route=%2Fwp%2Fv2%2Fcategories&post=122211"},{"taxonomy":"post_tag","embeddable":true,"href":"https:\/\/www.24baires.com\/index.php?rest_route=%2Fwp%2Fv2%2Ftags&post=122211"}],"curies":[{"name":"wp","href":"https:\/\/api.w.org\/{rel}","templated":true}]}}