{"id":122205,"date":"2025-04-21T07:09:13","date_gmt":"2025-04-21T10:09:13","guid":{"rendered":"https:\/\/www.24baires.com\/?p=122205"},"modified":"2025-04-21T07:09:13","modified_gmt":"2025-04-21T10:09:13","slug":"fallecio-el-papa-francisco","status":"publish","type":"post","link":"https:\/\/www.24baires.com\/?p=122205","title":{"rendered":"Falleci\u00f3 el Papa Francisco"},"content":{"rendered":"<p><img data-recalc-dims=\"1\" loading=\"lazy\" decoding=\"async\" class=\"aligncenter wp-image-122206\" src=\"https:\/\/i0.wp.com\/www.24baires.com\/wp-content\/uploads\/2025\/04\/papa-francisco.webp?resize=720%2C405\" alt=\"\" width=\"720\" height=\"405\" srcset=\"https:\/\/i0.wp.com\/www.24baires.com\/wp-content\/uploads\/2025\/04\/papa-francisco.webp?w=800&amp;ssl=1 800w, https:\/\/i0.wp.com\/www.24baires.com\/wp-content\/uploads\/2025\/04\/papa-francisco.webp?resize=300%2C169&amp;ssl=1 300w, https:\/\/i0.wp.com\/www.24baires.com\/wp-content\/uploads\/2025\/04\/papa-francisco.webp?resize=768%2C432&amp;ssl=1 768w\" sizes=\"auto, (max-width: 720px) 100vw, 720px\" \/>El Vaticano comunic\u00f3 el deceso del Sumo Pont\u00edfice.<!--more--><\/p>\n<p>El papa Francisco muri\u00f3 este lunes a los 88 a\u00f1os, seg\u00fan confirm\u00f3 el Vaticano en un comunicado difundido a trav\u00e9s de su canal oficial en Telegram. El deceso se produjo apenas un d\u00eda despu\u00e9s de que el pont\u00edfice hiciera una aparici\u00f3n p\u00fablica desde el balc\u00f3n de la bas\u00edlica de San Pedro, durante la celebraci\u00f3n de Pascua, en lo que se convirti\u00f3 en su \u00faltimo mensaje al mundo.<\/p>\n<p>As\u00ed fue la \u00faltima aparici\u00f3n p\u00fablica del papa Francisco en la misa de Pascuas<br \/>\n\u201cQuerid\u00edsimos hermanos y hermanas, con profundo dolor debo anunciar la muerte de nuestro Santo Padre Francisco\u201d, declar\u00f3 el cardenal Kevin Farrell, quien ley\u00f3 el comunicado oficial del Vaticano. \u201cEsta ma\u00f1ana, a las 7:35 (05:35 GMT), el obispo de Roma, Francisco, regres\u00f3 a la casa del Padre. Toda su vida estuvo dedicada al servicio del Se\u00f1or y de Su Iglesia\u201d.<\/p>\n<p>El papa hab\u00eda salido recientemente de una prolongada hospitalizaci\u00f3n tras padecer una neumon\u00eda grave que lo mantuvo ingresado durante 38 d\u00edas, hasta su alta m\u00e9dica el pasado 23 de marzo. Seg\u00fan fuentes vaticanas, hab\u00eda estado en estado delicado y hab\u00eda enfrentado dos episodios cr\u00edticos de salud durante el a\u00f1o.<\/p>\n<p>El papa Francisco recibi\u00f3 al vicepresidente de EEUU JD Vance en su residencia de Santa Marta<br \/>\nA pesar de su convalecencia, el domingo particip\u00f3 brevemente en la misa de Pascua y dirigi\u00f3 la tradicional bendici\u00f3n \u201cUrbi et Orbi\u201d desde el balc\u00f3n de la bas\u00edlica, donde dese\u00f3 a los fieles un \u201cfeliz domingo de Pascua\u201d y llam\u00f3 a la \u201clibertad de pensamiento y a la tolerancia\u201d en su mensaje al mundo.<\/p>\n","protected":false},"excerpt":{"rendered":"<p>El Vaticano comunic\u00f3 el deceso del Sumo Pont\u00edfice.<\/p>\n","protected":false},"author":8,"featured_media":0,"comment_status":"closed","ping_status":"closed","sticky":false,"template":"","format":"standard","meta":{"_jetpack_newsletter_access":"","_jetpack_dont_email_post_to_subs":false,"_jetpack_newsletter_tier_id":0,"_jetpack_memberships_contains_paywalled_content":false,"_jetpack_memberships_contains_paid_content":false,"footnotes":""},"categories":[1],"tags":[],"class_list":["post-122205","post","type-post","status-publish","format-standard","hentry","category-sociedad"],"jetpack_featured_media_url":"","jetpack_shortlink":"https:\/\/wp.me\/p2JWE0-vN3","jetpack-related-posts":[{"id":18581,"url":"https:\/\/www.24baires.com\/?p=18581","url_meta":{"origin":122205,"position":0},"title":"El Papa Francisco I recibir\u00e1 el lunes a la Presidenta","author":"AF","date":"16\/03\/2013","format":false,"excerpt":"La Oficina de Prensa del Vaticano inform\u00f3 que recibir\u00e1 este lunes a las 8.50 -hora argentina- a la Presidenta. El sumo pont\u00edfice se present\u00f3 hoy ante 6.000 periodistas y asegur\u00f3 que le gustar\u00eda una \"Iglesia pobre y para los pobres\". En la programaci\u00f3n de la actividad oficial del Santo Padre\u2026","rel":"","context":"En \u00abSociedad\u00bb","block_context":{"text":"Sociedad","link":"https:\/\/www.24baires.com\/?cat=1"},"img":{"alt_text":"","src":"","width":0,"height":0},"classes":[]},{"id":19799,"url":"https:\/\/www.24baires.com\/?p=19799","url_meta":{"origin":122205,"position":1},"title":"Francisco en su saludo pascual habl\u00f3 de tr\u00e1fico de drogas, trata, esclavitud y medio ambiente","author":"Grupo Sierra","date":"31\/03\/2013","format":false,"excerpt":"Durante el tradicional saludo Urbi et Orbi, el papa Francisco hizo un llamado a la paz, en un mundo \"a\u00fan tan dividido por la codicia de quienes buscan f\u00e1ciles ganancias, herido por el ego\u00edsmo que amenaza la vida humana y la familia\". El papa Francisco presidi\u00f3 hoy su primera misa\u2026","rel":"","context":"En \u00abSociedad\u00bb","block_context":{"text":"Sociedad","link":"https:\/\/www.24baires.com\/?cat=1"},"img":{"alt_text":"papa pascual","src":"https:\/\/i0.wp.com\/www.24baires.com\/wp-content\/uploads\/2013\/03\/papa-pascual.jpg?resize=350%2C200","width":350,"height":200,"srcset":"https:\/\/i0.wp.com\/www.24baires.com\/wp-content\/uploads\/2013\/03\/papa-pascual.jpg?resize=350%2C200 1x, https:\/\/i0.wp.com\/www.24baires.com\/wp-content\/uploads\/2013\/03\/papa-pascual.jpg?resize=525%2C300 1.5x"},"classes":[]},{"id":78234,"url":"https:\/\/www.24baires.com\/?p=78234","url_meta":{"origin":122205,"position":2},"title":"El Papa Francisco recibir\u00e1 a Macri en el Vaticano el 27 de febrero","author":"AF","date":"28\/01\/2016","format":false,"excerpt":"Francisco recibir\u00e1 al Presidente en visita oficial al Vaticano, confirm\u00f3 el Gobierno. El presidente Mauricio Macri ser\u00e1 recibido el 27 febrero por el papa Francisco en el Vaticano, seg\u00fan confirmaron esta ma\u00f1ana fuentes oficiales en la Casa Rosada. La audiencia entre el jefe de Estado y el pont\u00edfice argentino se\u2026","rel":"","context":"En \u00abPol\u00edtica\u00bb","block_context":{"text":"Pol\u00edtica","link":"https:\/\/www.24baires.com\/?cat=51"},"img":{"alt_text":"papa macri awada","src":"https:\/\/i0.wp.com\/www.24baires.com\/wp-content\/uploads\/2016\/01\/papa-macri-awada.jpg?resize=350%2C200","width":350,"height":200,"srcset":"https:\/\/i0.wp.com\/www.24baires.com\/wp-content\/uploads\/2016\/01\/papa-macri-awada.jpg?resize=350%2C200 1x, https:\/\/i0.wp.com\/www.24baires.com\/wp-content\/uploads\/2016\/01\/papa-macri-awada.jpg?resize=525%2C300 1.5x"},"classes":[]},{"id":22819,"url":"https:\/\/www.24baires.com\/?p=22819","url_meta":{"origin":122205,"position":3},"title":"Durante una misa, el Papa conden\u00f3 los abusos cometidos contra menores","author":"AF","date":"06\/05\/2013","format":false,"excerpt":"Lo hizo sin indicar si se refer\u00eda a los casos de pedofilia que han desacreditado a la Iglesia Cat\u00f3lica, durante una misa celebrada este domingo en la plaza San Pedro del Vaticano. El papa Francisco denunci\u00f3 este domingo los \"abusos\" cometidos contra ni\u00f1os, sin indicar si se refer\u00eda a los\u2026","rel":"","context":"En \u00abSociedad\u00bb","block_context":{"text":"Sociedad","link":"https:\/\/www.24baires.com\/?cat=1"},"img":{"alt_text":"papa pascual","src":"https:\/\/i0.wp.com\/www.24baires.com\/wp-content\/uploads\/2013\/03\/papa-pascual.jpg?resize=350%2C200","width":350,"height":200,"srcset":"https:\/\/i0.wp.com\/www.24baires.com\/wp-content\/uploads\/2013\/03\/papa-pascual.jpg?resize=350%2C200 1x, https:\/\/i0.wp.com\/www.24baires.com\/wp-content\/uploads\/2013\/03\/papa-pascual.jpg?resize=525%2C300 1.5x"},"classes":[]},{"id":20079,"url":"https:\/\/www.24baires.com\/?p=20079","url_meta":{"origin":122205,"position":4},"title":"El Papa le confirm\u00f3 a un sacerdote amigo que visitar\u00e1 Argentina en diciembre","author":"AF","date":"03\/04\/2013","format":false,"excerpt":"El papa Francisco llam\u00f3 en las \u00faltimas horas a un amigo suyo, sacerdote de Posadas, para saludarlo por su cumplea\u00f1os y, a la vez, le confirm\u00f3 que vendr\u00e1 a la Argentina en diciembre. La llamada del Sumo Pont\u00edfice la recibi\u00f3 el pasado domingo de Pascua el cura Jorge Chichizola, ahijado\u2026","rel":"","context":"En \u00abSociedad\u00bb","block_context":{"text":"Sociedad","link":"https:\/\/www.24baires.com\/?cat=1"},"img":{"alt_text":"chichizola","src":"https:\/\/i0.wp.com\/www.24baires.com\/wp-content\/uploads\/2013\/04\/chichizola-300x225.jpg?resize=350%2C200","width":350,"height":200},"classes":[]},{"id":19171,"url":"https:\/\/www.24baires.com\/?p=19171","url_meta":{"origin":122205,"position":5},"title":"El Papa Francisco finalmente se reuni\u00f3 con su antecesor Benedicto XVI","author":"Grupo Sierra","date":"23\/03\/2013","format":false,"excerpt":"El papa mantuvo hoy un encuentro con su predecesor en la silla de Pedro, el papa em\u00e9rito Benedicto XVI, produci\u00e9ndose un hecho de car\u00e1cter in\u00e9dito en la historia de la Iglesia Cat\u00f3lica. Se fundieron en un abrazo \"bell\u00edsimo\" y rezaron juntos \"como hermanos\" inform\u00f3 Federico Lombardi, vocero papal, al resumir\u2026","rel":"","context":"En \u00abSociedad\u00bb","block_context":{"text":"Sociedad","link":"https:\/\/www.24baires.com\/?cat=1"},"img":{"alt_text":"papas","src":"https:\/\/i0.wp.com\/www.24baires.com\/wp-content\/uploads\/2013\/03\/papas.jpg?resize=350%2C200","width":350,"height":200,"srcset":"https:\/\/i0.wp.com\/www.24baires.com\/wp-content\/uploads\/2013\/03\/papas.jpg?resize=350%2C200 1x, https:\/\/i0.wp.com\/www.24baires.com\/wp-content\/uploads\/2013\/03\/papas.jpg?resize=525%2C300 1.5x"},"classes":[]}],"jetpack_sharing_enabled":true,"jetpack_likes_enabled":true,"_links":{"self":[{"href":"https:\/\/www.24baires.com\/index.php?rest_route=\/wp\/v2\/posts\/122205","targetHints":{"allow":["GET"]}}],"collection":[{"href":"https:\/\/www.24baires.com\/index.php?rest_route=\/wp\/v2\/posts"}],"about":[{"href":"https:\/\/www.24baires.com\/index.php?rest_route=\/wp\/v2\/types\/post"}],"author":[{"embeddable":true,"href":"https:\/\/www.24baires.com\/index.php?rest_route=\/wp\/v2\/users\/8"}],"replies":[{"embeddable":true,"href":"https:\/\/www.24baires.com\/index.php?rest_route=%2Fwp%2Fv2%2Fcomments&post=122205"}],"version-history":[{"count":1,"href":"https:\/\/www.24baires.com\/index.php?rest_route=\/wp\/v2\/posts\/122205\/revisions"}],"predecessor-version":[{"id":122207,"href":"https:\/\/www.24baires.com\/index.php?rest_route=\/wp\/v2\/posts\/122205\/revisions\/122207"}],"wp:attachment":[{"href":"https:\/\/www.24baires.com\/index.php?rest_route=%2Fwp%2Fv2%2Fmedia&parent=122205"}],"wp:term":[{"taxonomy":"category","embeddable":true,"href":"https:\/\/www.24baires.com\/index.php?rest_route=%2Fwp%2Fv2%2Fcategories&post=122205"},{"taxonomy":"post_tag","embeddable":true,"href":"https:\/\/www.24baires.com\/index.php?rest_route=%2Fwp%2Fv2%2Ftags&post=122205"}],"curies":[{"name":"wp","href":"https:\/\/api.w.org\/{rel}","templated":true}]}}