{"id":122200,"date":"2025-04-15T18:40:32","date_gmt":"2025-04-15T21:40:32","guid":{"rendered":"https:\/\/www.24baires.com\/?p=122200"},"modified":"2025-04-15T20:31:58","modified_gmt":"2025-04-15T23:31:58","slug":"finalmente-el-senado-aprobo-la-suspencion-de-las-paso-en-la-provincia","status":"publish","type":"post","link":"https:\/\/www.24baires.com\/?p=122200","title":{"rendered":"Finalmente, el Senado aprob\u00f3 la suspensi\u00f3n de las PASO en la Provincia"},"content":{"rendered":"<p><img data-recalc-dims=\"1\" loading=\"lazy\" decoding=\"async\" class=\"aligncenter wp-image-122201\" src=\"https:\/\/i0.wp.com\/www.24baires.com\/wp-content\/uploads\/2025\/04\/senado-pba.jpg?resize=720%2C480\" alt=\"\" width=\"720\" height=\"480\" srcset=\"https:\/\/i0.wp.com\/www.24baires.com\/wp-content\/uploads\/2025\/04\/senado-pba.jpg?w=887&amp;ssl=1 887w, https:\/\/i0.wp.com\/www.24baires.com\/wp-content\/uploads\/2025\/04\/senado-pba.jpg?resize=300%2C200&amp;ssl=1 300w, https:\/\/i0.wp.com\/www.24baires.com\/wp-content\/uploads\/2025\/04\/senado-pba.jpg?resize=768%2C512&amp;ssl=1 768w\" sizes=\"auto, (max-width: 720px) 100vw, 720px\" \/>Con el desdoblamiento de las elecciones confirmado, el Senado Bonaerense realiz\u00f3 la sesi\u00f3n especial y le dio media sanci\u00f3n al proyecto del Ejecutivo para suspender las PASO provinciales. Todos los bloques acompa\u00f1aron la iniciativa, el senador de UP Federico Fagioli (responde a Grabois) fue el \u00fanico que se abstuvo. Los plazos de la discordia no fueron aprobados. La semana que viene Diputados lo convertir\u00e1 en Ley.<!--more--><\/p>\n<p>Estaba prevista para las 15, pero la sesi\u00f3n comenz\u00f3 15:20. El Senado finalmente sesion\u00f3 y le dio media sanci\u00f3n al proyecto de Ley del Poder Ejecutivo para suspender por este a\u00f1o las Elecciones Primarias Abiertas Obligatorias y Simult\u00e1neas en la provincia de Buenos Aires. Antes de la sesi\u00f3n se dio una discusi\u00f3n en labor parlamentaria por los tiempos de cierre de alianzas y listas, pero finalmente hubo acuerdo y final feliz.<\/p>\n<p>Algunos bloques opositores, y parte del peronismo, se opusieron fervientemente a los plazos que quer\u00eda Axel Kicillof que eran de 80 y 70 d\u00edas antes de la elecci\u00f3n para presentaci\u00f3n de alianzas y listas, estos plazos ser\u00e1n los vigentes en la Ley N\u00b05109, es decir 60 y 30 d\u00edas antes de la elecci\u00f3n respectivamente.<\/p>\n<p>Horas antes de la sesi\u00f3n especial lleg\u00f3 una comunicaci\u00f3n de la Junta Electoral dejando en claro que se deber\u00eda avanzar en cambiar los plazos, tal el pedido de Kicillof, dado que consideraba exiguos los tiempos los fijados por la Ley Electoral. Los Senadores no dieron el voto positivo a dicho art\u00edculo.<\/p>\n","protected":false},"excerpt":{"rendered":"<p>Con el desdoblamiento de las elecciones confirmado, el Senado Bonaerense realiz\u00f3 la sesi\u00f3n especial y le dio media sanci\u00f3n al proyecto del Ejecutivo para suspender las PASO provinciales. Todos los bloques acompa\u00f1aron la iniciativa, el senador de UP Federico Fagioli (responde a Grabois) fue el \u00fanico que se abstuvo. Los plazos de la discordia no fueron aprobados. La semana que [&#8230;]<\/p>\n","protected":false},"author":8,"featured_media":0,"comment_status":"closed","ping_status":"closed","sticky":false,"template":"","format":"standard","meta":{"_jetpack_newsletter_access":"","_jetpack_dont_email_post_to_subs":false,"_jetpack_newsletter_tier_id":0,"_jetpack_memberships_contains_paywalled_content":false,"_jetpack_memberships_contains_paid_content":false,"footnotes":""},"categories":[40],"tags":[],"class_list":["post-122200","post","type-post","status-publish","format-standard","hentry","category-provincia"],"jetpack_featured_media_url":"","jetpack_shortlink":"https:\/\/wp.me\/p2JWE0-vMY","jetpack-related-posts":[{"id":122727,"url":"https:\/\/www.24baires.com\/?p=122727","url_meta":{"origin":122200,"position":0},"title":"La Legislatura bonaerense convirti\u00f3 en Ley el endeudamiento","author":"GB","date":"04\/12\/2025","format":false,"excerpt":"A la 1:30 de la madrugada, sesion\u00f3 la C\u00e1mara Baja y le dio media sanci\u00f3n a la Ley de Financiamiento consiguiendo los dos tercios de los votos. El Senado lo convirti\u00f3 en Ley cerca de las 4 de la madrugada. Passaglia mont\u00f3 un esc\u00e1ndalo. Katopodis y Cascallares siguieron la sesi\u00f3n\u2026","rel":"","context":"En \u00abProvincia\u00bb","block_context":{"text":"Provincia","link":"https:\/\/www.24baires.com\/?cat=40"},"img":{"alt_text":"","src":"https:\/\/i0.wp.com\/www.24baires.com\/wp-content\/uploads\/2025\/04\/senado-pba.jpg?resize=350%2C200","width":350,"height":200,"srcset":"https:\/\/i0.wp.com\/www.24baires.com\/wp-content\/uploads\/2025\/04\/senado-pba.jpg?resize=350%2C200 1x, https:\/\/i0.wp.com\/www.24baires.com\/wp-content\/uploads\/2025\/04\/senado-pba.jpg?resize=525%2C300 1.5x, https:\/\/i0.wp.com\/www.24baires.com\/wp-content\/uploads\/2025\/04\/senado-pba.jpg?resize=700%2C400 2x"},"classes":[]},{"id":122214,"url":"https:\/\/www.24baires.com\/?p=122214","url_meta":{"origin":122200,"position":1},"title":"Confirmado: no habr\u00e1 elecciones primarias en la Provincia durante 2025","author":"GB","date":"29\/04\/2025","format":false,"excerpt":"Con mas de dos tercios de los votos, la C\u00e1mara de Diputados le dio la media sanci\u00f3n que le falta al proyecto de la suspensi\u00f3n por el a\u00f1o 2025 PASO. Ma\u00f1ana sesionara la comisi\u00f3n de Reforma Pol\u00edtica para definir los plazos del cronograma electoral. La interna oficialista presente en los\u2026","rel":"","context":"En \u00abProvincia\u00bb","block_context":{"text":"Provincia","link":"https:\/\/www.24baires.com\/?cat=40"},"img":{"alt_text":"","src":"https:\/\/i0.wp.com\/www.24baires.com\/wp-content\/uploads\/2020\/09\/diputados-bonaerense.jpg?resize=350%2C200","width":350,"height":200,"srcset":"https:\/\/i0.wp.com\/www.24baires.com\/wp-content\/uploads\/2020\/09\/diputados-bonaerense.jpg?resize=350%2C200 1x, https:\/\/i0.wp.com\/www.24baires.com\/wp-content\/uploads\/2020\/09\/diputados-bonaerense.jpg?resize=525%2C300 1.5x, https:\/\/i0.wp.com\/www.24baires.com\/wp-content\/uploads\/2020\/09\/diputados-bonaerense.jpg?resize=700%2C400 2x"},"classes":[]},{"id":117601,"url":"https:\/\/www.24baires.com\/?p=117601","url_meta":{"origin":122200,"position":2},"title":"Diputados aprob\u00f3 la postergaci\u00f3n de las elecciones","author":"GB","date":"20\/05\/2021","format":false,"excerpt":"Diputados dio media sanci\u00f3n al proyecto que posterga las elecciones PASO y generales en el marco de la pandemia. La C\u00e1mara de Diputados de la Naci\u00f3n aprob\u00f3 por amplia mayor\u00eda el proyecto de ley que posterga las elecciones PASO y generales en el marco de la pandemia de coronavirus. Ahora,\u2026","rel":"","context":"En \u00abPol\u00edtica\u00bb","block_context":{"text":"Pol\u00edtica","link":"https:\/\/www.24baires.com\/?cat=51"},"img":{"alt_text":"","src":"https:\/\/i0.wp.com\/www.24baires.com\/wp-content\/uploads\/2020\/05\/diputados-virtual.jpg?resize=350%2C200","width":350,"height":200,"srcset":"https:\/\/i0.wp.com\/www.24baires.com\/wp-content\/uploads\/2020\/05\/diputados-virtual.jpg?resize=350%2C200 1x, https:\/\/i0.wp.com\/www.24baires.com\/wp-content\/uploads\/2020\/05\/diputados-virtual.jpg?resize=525%2C300 1.5x"},"classes":[]},{"id":122707,"url":"https:\/\/www.24baires.com\/?p=122707","url_meta":{"origin":122200,"position":3},"title":"Kicillof logr\u00f3 convertir en Ley el Presupuesto y la Impositiva, pero no junt\u00f3 los votos para el endeudamiento","author":"GB","date":"27\/11\/2025","format":false,"excerpt":"Luego de una marat\u00f3nica jornada de negociaciones, tanto Diputados como Senadores aprobaron el Presupuesto 2026 y la Ley Impositiva. El endeudamiento se tratar\u00e1 el viernes si el oficialismo consigue los dos tercios necesarios para aprobarlo. Finalmente, y con 9 horas de atraso, sesion\u00f3 Diputados, pero solo aprob\u00f3 el Presupuesto 2026\u2026","rel":"","context":"En \u00abProvincia\u00bb","block_context":{"text":"Provincia","link":"https:\/\/www.24baires.com\/?cat=40"},"img":{"alt_text":"","src":"https:\/\/i0.wp.com\/www.24baires.com\/wp-content\/uploads\/2019\/12\/diputados-bonaerenses.jpg?resize=350%2C200","width":350,"height":200,"srcset":"https:\/\/i0.wp.com\/www.24baires.com\/wp-content\/uploads\/2019\/12\/diputados-bonaerenses.jpg?resize=350%2C200 1x, https:\/\/i0.wp.com\/www.24baires.com\/wp-content\/uploads\/2019\/12\/diputados-bonaerenses.jpg?resize=525%2C300 1.5x, https:\/\/i0.wp.com\/www.24baires.com\/wp-content\/uploads\/2019\/12\/diputados-bonaerenses.jpg?resize=700%2C400 2x"},"classes":[]},{"id":116717,"url":"https:\/\/www.24baires.com\/?p=116717","url_meta":{"origin":122200,"position":4},"title":"Diputados aprob\u00f3 el Presupuesto 2021 y lo convirti\u00f3 en ley","author":"AF","date":"17\/11\/2020","format":false,"excerpt":"El plan de gastos y recursos del Estado para el pr\u00f3ximo a\u00f1o fue sancionado por 139 votos, pero hubo 83 abstenciones. La C\u00e1mara de Diputados convirti\u00f3 en ley el proyecto de Presupuesto 2021 durante la sesi\u00f3n de este martes con 139 votos a favor, 20 en contra y 83 abstenciones.\u2026","rel":"","context":"En \u00abSociedad\u00bb","block_context":{"text":"Sociedad","link":"https:\/\/www.24baires.com\/?cat=1"},"img":{"alt_text":"","src":"https:\/\/i0.wp.com\/www.24baires.com\/wp-content\/uploads\/2020\/08\/congreso.jpg?resize=350%2C200","width":350,"height":200,"srcset":"https:\/\/i0.wp.com\/www.24baires.com\/wp-content\/uploads\/2020\/08\/congreso.jpg?resize=350%2C200 1x, https:\/\/i0.wp.com\/www.24baires.com\/wp-content\/uploads\/2020\/08\/congreso.jpg?resize=525%2C300 1.5x"},"classes":[]},{"id":120510,"url":"https:\/\/www.24baires.com\/?p=120510","url_meta":{"origin":122200,"position":5},"title":"El Congreso cre\u00f3 tres universidades nacionales en la Provincia del Buenos Aires","author":"GB","date":"29\/09\/2023","format":false,"excerpt":"La C\u00e1mara de Senadores de la Naci\u00f3n le dio sanci\u00f3n definitiva a la creaci\u00f3n de tres universidades en la provincia de Buenos Aires. Tras casi un a\u00f1o de tr\u00e1mite legislativo, el Congreso de la Naci\u00f3n aprob\u00f3 la creaci\u00f3n de tres universidades emplazadas en la provincia de Buenos Aires. El gobernador\u2026","rel":"","context":"En \u00abSociedad\u00bb","block_context":{"text":"Sociedad","link":"https:\/\/www.24baires.com\/?cat=1"},"img":{"alt_text":"","src":"https:\/\/i0.wp.com\/www.24baires.com\/wp-content\/uploads\/2023\/09\/voto-congreso.webp?resize=350%2C200","width":350,"height":200,"srcset":"https:\/\/i0.wp.com\/www.24baires.com\/wp-content\/uploads\/2023\/09\/voto-congreso.webp?resize=350%2C200 1x, https:\/\/i0.wp.com\/www.24baires.com\/wp-content\/uploads\/2023\/09\/voto-congreso.webp?resize=525%2C300 1.5x, https:\/\/i0.wp.com\/www.24baires.com\/wp-content\/uploads\/2023\/09\/voto-congreso.webp?resize=700%2C400 2x"},"classes":[]}],"jetpack_sharing_enabled":true,"jetpack_likes_enabled":true,"_links":{"self":[{"href":"https:\/\/www.24baires.com\/index.php?rest_route=\/wp\/v2\/posts\/122200","targetHints":{"allow":["GET"]}}],"collection":[{"href":"https:\/\/www.24baires.com\/index.php?rest_route=\/wp\/v2\/posts"}],"about":[{"href":"https:\/\/www.24baires.com\/index.php?rest_route=\/wp\/v2\/types\/post"}],"author":[{"embeddable":true,"href":"https:\/\/www.24baires.com\/index.php?rest_route=\/wp\/v2\/users\/8"}],"replies":[{"embeddable":true,"href":"https:\/\/www.24baires.com\/index.php?rest_route=%2Fwp%2Fv2%2Fcomments&post=122200"}],"version-history":[{"count":2,"href":"https:\/\/www.24baires.com\/index.php?rest_route=\/wp\/v2\/posts\/122200\/revisions"}],"predecessor-version":[{"id":122203,"href":"https:\/\/www.24baires.com\/index.php?rest_route=\/wp\/v2\/posts\/122200\/revisions\/122203"}],"wp:attachment":[{"href":"https:\/\/www.24baires.com\/index.php?rest_route=%2Fwp%2Fv2%2Fmedia&parent=122200"}],"wp:term":[{"taxonomy":"category","embeddable":true,"href":"https:\/\/www.24baires.com\/index.php?rest_route=%2Fwp%2Fv2%2Fcategories&post=122200"},{"taxonomy":"post_tag","embeddable":true,"href":"https:\/\/www.24baires.com\/index.php?rest_route=%2Fwp%2Fv2%2Ftags&post=122200"}],"curies":[{"name":"wp","href":"https:\/\/api.w.org\/{rel}","templated":true}]}}