{"id":122195,"date":"2025-04-11T06:29:18","date_gmt":"2025-04-11T09:29:18","guid":{"rendered":"https:\/\/www.24baires.com\/?p=122195"},"modified":"2025-04-11T06:29:18","modified_gmt":"2025-04-11T09:29:18","slug":"interna-de-union-por-la-patria-kicillof-se-reune-con-intendentes-leales","status":"publish","type":"post","link":"https:\/\/www.24baires.com\/?p=122195","title":{"rendered":"Interna de Uni\u00f3n por la Patria: Kicillof se re\u00fane con intendentes leales"},"content":{"rendered":"<p><img data-recalc-dims=\"1\" loading=\"lazy\" decoding=\"async\" class=\"aligncenter wp-image-122196\" src=\"https:\/\/i0.wp.com\/www.24baires.com\/wp-content\/uploads\/2025\/04\/kici-intendentes.png?resize=720%2C378\" alt=\"\" width=\"720\" height=\"378\" srcset=\"https:\/\/i0.wp.com\/www.24baires.com\/wp-content\/uploads\/2025\/04\/kici-intendentes.png?w=1024&amp;ssl=1 1024w, https:\/\/i0.wp.com\/www.24baires.com\/wp-content\/uploads\/2025\/04\/kici-intendentes.png?resize=300%2C158&amp;ssl=1 300w, https:\/\/i0.wp.com\/www.24baires.com\/wp-content\/uploads\/2025\/04\/kici-intendentes.png?resize=768%2C404&amp;ssl=1 768w\" sizes=\"auto, (max-width: 720px) 100vw, 720px\" \/>El Gobernador bonaerense recibir\u00e1 este viernes a los jefes municipales afines, en medio de un clima de tensi\u00f3n extrema tras el desdoblamiento de las elecciones en la Provincia. La ex Presidenta tuvo su c\u00f3nclave con alcaldes propios el mi\u00e9rcoles y no se descarta que sea candidata a la Legislatura.<!--more--><\/p>\n<p>Contin\u00faan acomod\u00e1ndose los bandos luego de la virtual fractura de Uni\u00f3n por la Patria tras la decisi\u00f3n de Axel Kicillof de desdoblar los comicios bonaerenses, contra las intenciones de La C\u00e1mpora y el cristinismo.<\/p>\n<p>En este sentido, de cara al 7 de septiembre, fecha definida por el Gobernador para llevar adelante las elecciones en la Provincia, Kicillof encabezar\u00e1 un encuentro este viernes a las 12.30 en la sede de La Plata, donde estar\u00e1n presentes los intendentes aliados de Movimiento Derecho al Futuro, como Mario Secco (Ensenada), Fabi\u00e1n Cagliardi (Berisso), Jorge Ferraresi (Avellaneda), y Gustavo Barrera (Villa Gesell), entre otras.<\/p>\n<p>De esta manera, el Gobernador buscar\u00e1 hacer una demostraci\u00f3n de fuerza hacia el interior de Uni\u00f3n por la Patria y encolumnar a la tropa, mientras que desde la vereda de enfrenta cada vez resuena m\u00e1s fuerte la candidatura de Cristina Fern\u00e1ndez en la Provincia.<\/p>\n<p>En este marco, la ex Presidenta se reuni\u00f3 con su propio grupo de intendentes bonaerenses ligados a La C\u00e1mpora y al kirchnerismo m\u00e1s duro.<\/p>\n","protected":false},"excerpt":{"rendered":"<p>El Gobernador bonaerense recibir\u00e1 este viernes a los jefes municipales afines, en medio de un clima de tensi\u00f3n extrema tras el desdoblamiento de las elecciones en la Provincia. La ex Presidenta tuvo su c\u00f3nclave con alcaldes propios el mi\u00e9rcoles y no se descarta que sea candidata a la Legislatura.<\/p>\n","protected":false},"author":8,"featured_media":0,"comment_status":"closed","ping_status":"closed","sticky":false,"template":"","format":"standard","meta":{"_jetpack_newsletter_access":"","_jetpack_dont_email_post_to_subs":false,"_jetpack_newsletter_tier_id":0,"_jetpack_memberships_contains_paywalled_content":false,"_jetpack_memberships_contains_paid_content":false,"footnotes":""},"categories":[40],"tags":[],"class_list":["post-122195","post","type-post","status-publish","format-standard","hentry","category-provincia"],"jetpack_featured_media_url":"","jetpack_shortlink":"https:\/\/wp.me\/p2JWE0-vMT","jetpack-related-posts":[{"id":122552,"url":"https:\/\/www.24baires.com\/?p=122552","url_meta":{"origin":122195,"position":0},"title":"Kicillof llam\u00f3 a una cumbre y busca que los intendentes empujen la elecci\u00f3n en octubre","author":"GB","date":"18\/09\/2025","format":false,"excerpt":"Ser\u00e1 este viernes en Ensenada y estar\u00e1n presentes intendentes, legisladores nacionales y provinciales de todas las tribus junto a los candidatos de Fuerza Patria por la provincia de Buenos Aires. Axel Kicillof respondi\u00f3 al pedido de diferentes sectores del peronismo y convoc\u00f3 a un cumbre de Fuerza Patria para ordenar\u2026","rel":"","context":"En \u00abProvincia\u00bb","block_context":{"text":"Provincia","link":"https:\/\/www.24baires.com\/?cat=40"},"img":{"alt_text":"","src":"https:\/\/i0.wp.com\/www.24baires.com\/wp-content\/uploads\/2025\/09\/axel-intendentes.jpg?resize=350%2C200","width":350,"height":200,"srcset":"https:\/\/i0.wp.com\/www.24baires.com\/wp-content\/uploads\/2025\/09\/axel-intendentes.jpg?resize=350%2C200 1x, https:\/\/i0.wp.com\/www.24baires.com\/wp-content\/uploads\/2025\/09\/axel-intendentes.jpg?resize=525%2C300 1.5x, https:\/\/i0.wp.com\/www.24baires.com\/wp-content\/uploads\/2025\/09\/axel-intendentes.jpg?resize=700%2C400 2x"},"classes":[]},{"id":120645,"url":"https:\/\/www.24baires.com\/?p=120645","url_meta":{"origin":122195,"position":1},"title":"Kicillof cierra su ronda con intendentes en Mar del Plata","author":"GB","date":"13\/11\/2023","format":false,"excerpt":"El gobernador Axel Kicillof encabezar\u00e1 la \u00faltima ronda de intendentes antes del balotaje. Activar la militancia y no descansar, el pedido. Axel Kicillof entr\u00f3 desde el 23 de octubre en \"modo de campa\u00f1a permanente\" y, tras una semana llena de encuentros con intendentes peronistas de las diferentes secciones electorales, hoy\u2026","rel":"","context":"En \u00abProvincia\u00bb","block_context":{"text":"Provincia","link":"https:\/\/www.24baires.com\/?cat=40"},"img":{"alt_text":"","src":"https:\/\/i0.wp.com\/www.24baires.com\/wp-content\/uploads\/2023\/11\/kicilof-mdp.webp?resize=350%2C200","width":350,"height":200,"srcset":"https:\/\/i0.wp.com\/www.24baires.com\/wp-content\/uploads\/2023\/11\/kicilof-mdp.webp?resize=350%2C200 1x, https:\/\/i0.wp.com\/www.24baires.com\/wp-content\/uploads\/2023\/11\/kicilof-mdp.webp?resize=525%2C300 1.5x, https:\/\/i0.wp.com\/www.24baires.com\/wp-content\/uploads\/2023\/11\/kicilof-mdp.webp?resize=700%2C400 2x"},"classes":[]},{"id":120562,"url":"https:\/\/www.24baires.com\/?p=120562","url_meta":{"origin":122195,"position":2},"title":"\u201cApostamos en un Estado presente que de respuestas a las necesidades de todos\u00bb","author":"GB","date":"19\/10\/2023","format":false,"excerpt":"Este mi\u00e9rcoles, el gobernador bonaerense, Axel Kicillof, encabez\u00f3 un acto en Campana junto al aspirante a intendente Alejo Sarna, y desde all\u00ed afirm\u00f3 que su propuesta es \"seguir expandiendo derechos\". En el sprint final de la campa\u00f1a, el gobernador de la provincia de Buenos Aires y postulante a la reelecci\u00f3n\u2026","rel":"","context":"En \u00abProvincia\u00bb","block_context":{"text":"Provincia","link":"https:\/\/www.24baires.com\/?cat=40"},"img":{"alt_text":"","src":"https:\/\/i0.wp.com\/www.24baires.com\/wp-content\/uploads\/2023\/10\/kicillof-5.jpg?resize=350%2C200","width":350,"height":200,"srcset":"https:\/\/i0.wp.com\/www.24baires.com\/wp-content\/uploads\/2023\/10\/kicillof-5.jpg?resize=350%2C200 1x, https:\/\/i0.wp.com\/www.24baires.com\/wp-content\/uploads\/2023\/10\/kicillof-5.jpg?resize=525%2C300 1.5x, https:\/\/i0.wp.com\/www.24baires.com\/wp-content\/uploads\/2023\/10\/kicillof-5.jpg?resize=700%2C400 2x"},"classes":[]},{"id":120342,"url":"https:\/\/www.24baires.com\/?p=120342","url_meta":{"origin":122195,"position":3},"title":"Kicillof en la recta final: \u00abEsta semana no podemos descansar ni un minuto\u00bb","author":"GB","date":"07\/08\/2023","format":false,"excerpt":"El gobernador bonaerense, Axel Kicillof, encabez\u00f3 una mateada en la plaza Malvinas de La Plata junto a precandidatos de Uni\u00f3n por la Patria. Como estaba previsto, el gobernador de la provincia de Buenos Aires, Axel Kicillof, encabez\u00f3 una mateada en la plaza Malvinas de La Plata. El mandatario que busca\u2026","rel":"","context":"En \u00abProvincia\u00bb","block_context":{"text":"Provincia","link":"https:\/\/www.24baires.com\/?cat=40"},"img":{"alt_text":"","src":"https:\/\/i0.wp.com\/www.24baires.com\/wp-content\/uploads\/2023\/08\/kici.webp?resize=350%2C200","width":350,"height":200,"srcset":"https:\/\/i0.wp.com\/www.24baires.com\/wp-content\/uploads\/2023\/08\/kici.webp?resize=350%2C200 1x, https:\/\/i0.wp.com\/www.24baires.com\/wp-content\/uploads\/2023\/08\/kici.webp?resize=525%2C300 1.5x, https:\/\/i0.wp.com\/www.24baires.com\/wp-content\/uploads\/2023\/08\/kici.webp?resize=700%2C400 2x"},"classes":[]},{"id":122526,"url":"https:\/\/www.24baires.com\/?p=122526","url_meta":{"origin":122195,"position":4},"title":"Kicillof sali\u00f3 fortalecido tras el triunfo bonaerense: \u201cTuvimos una victoria aplastante\u201d","author":"GB","date":"08\/09\/2025","format":false,"excerpt":"Con una victoria en 6 de 8 secciones y ante un bunker repleto en La Plata, el gobernador celebr\u00f3 el triunfo de Fuerza Patria y dej\u00f3 un mensaje al Presidente: \u201cMilei espero el llamado, ten\u00e9 el coraje de reunirte para trabajar y ponerte de acuerdo El gobernador de la provincia\u2026","rel":"","context":"En \u00abProvincia\u00bb","block_context":{"text":"Provincia","link":"https:\/\/www.24baires.com\/?cat=40"},"img":{"alt_text":"","src":"https:\/\/i0.wp.com\/www.24baires.com\/wp-content\/uploads\/2025\/09\/kici-bunker.jpg?resize=350%2C200","width":350,"height":200,"srcset":"https:\/\/i0.wp.com\/www.24baires.com\/wp-content\/uploads\/2025\/09\/kici-bunker.jpg?resize=350%2C200 1x, https:\/\/i0.wp.com\/www.24baires.com\/wp-content\/uploads\/2025\/09\/kici-bunker.jpg?resize=525%2C300 1.5x, https:\/\/i0.wp.com\/www.24baires.com\/wp-content\/uploads\/2025\/09\/kici-bunker.jpg?resize=700%2C400 2x"},"classes":[]},{"id":122185,"url":"https:\/\/www.24baires.com\/?p=122185","url_meta":{"origin":122195,"position":5},"title":"Kicillof volvi\u00f3 a respaldar el desdoblamiento y dispar\u00f3: \u00abQue nadie vea fantasmas\u00bb","author":"GB","date":"04\/04\/2025","format":false,"excerpt":"Mientras aumenta la tensi\u00f3n en el peronismo, el gobernador bonaerense Axel Kicillof respald\u00f3 el desdoblamiento electoral y cuestion\u00f3 la propuesta impulsada por el kirchnerismo para unificar los comicios. Con la Legislatura pisando la suspensi\u00f3n de las PASO y a solo una hora de la publicaci\u00f3n de una carta abierta de\u2026","rel":"","context":"En \u00abProvincia\u00bb","block_context":{"text":"Provincia","link":"https:\/\/www.24baires.com\/?cat=40"},"img":{"alt_text":"","src":"https:\/\/i0.wp.com\/www.24baires.com\/wp-content\/uploads\/2025\/04\/kiciloff.webp?resize=350%2C200","width":350,"height":200,"srcset":"https:\/\/i0.wp.com\/www.24baires.com\/wp-content\/uploads\/2025\/04\/kiciloff.webp?resize=350%2C200 1x, https:\/\/i0.wp.com\/www.24baires.com\/wp-content\/uploads\/2025\/04\/kiciloff.webp?resize=525%2C300 1.5x, https:\/\/i0.wp.com\/www.24baires.com\/wp-content\/uploads\/2025\/04\/kiciloff.webp?resize=700%2C400 2x"},"classes":[]}],"jetpack_sharing_enabled":true,"jetpack_likes_enabled":true,"_links":{"self":[{"href":"https:\/\/www.24baires.com\/index.php?rest_route=\/wp\/v2\/posts\/122195","targetHints":{"allow":["GET"]}}],"collection":[{"href":"https:\/\/www.24baires.com\/index.php?rest_route=\/wp\/v2\/posts"}],"about":[{"href":"https:\/\/www.24baires.com\/index.php?rest_route=\/wp\/v2\/types\/post"}],"author":[{"embeddable":true,"href":"https:\/\/www.24baires.com\/index.php?rest_route=\/wp\/v2\/users\/8"}],"replies":[{"embeddable":true,"href":"https:\/\/www.24baires.com\/index.php?rest_route=%2Fwp%2Fv2%2Fcomments&post=122195"}],"version-history":[{"count":1,"href":"https:\/\/www.24baires.com\/index.php?rest_route=\/wp\/v2\/posts\/122195\/revisions"}],"predecessor-version":[{"id":122197,"href":"https:\/\/www.24baires.com\/index.php?rest_route=\/wp\/v2\/posts\/122195\/revisions\/122197"}],"wp:attachment":[{"href":"https:\/\/www.24baires.com\/index.php?rest_route=%2Fwp%2Fv2%2Fmedia&parent=122195"}],"wp:term":[{"taxonomy":"category","embeddable":true,"href":"https:\/\/www.24baires.com\/index.php?rest_route=%2Fwp%2Fv2%2Fcategories&post=122195"},{"taxonomy":"post_tag","embeddable":true,"href":"https:\/\/www.24baires.com\/index.php?rest_route=%2Fwp%2Fv2%2Ftags&post=122195"}],"curies":[{"name":"wp","href":"https:\/\/api.w.org\/{rel}","templated":true}]}}