{"id":122191,"date":"2025-04-09T06:25:26","date_gmt":"2025-04-09T09:25:26","guid":{"rendered":"https:\/\/www.24baires.com\/?p=122191"},"modified":"2025-04-09T06:25:26","modified_gmt":"2025-04-09T09:25:26","slug":"barrera-respaldo-a-kicillof-la-mayoria-de-los-intendentes-esperabamos-el-desdoblamiento","status":"publish","type":"post","link":"https:\/\/www.24baires.com\/?p=122191","title":{"rendered":"Barrera respald\u00f3 a Kicillof: \u201cLa mayor\u00eda de los intendentes esper\u00e1bamos el desdoblamiento\u201d"},"content":{"rendered":"<p><img data-recalc-dims=\"1\" loading=\"lazy\" decoding=\"async\" class=\"aligncenter wp-image-122192\" src=\"https:\/\/i0.wp.com\/www.24baires.com\/wp-content\/uploads\/2025\/04\/barrera.jpg?resize=720%2C527\" alt=\"\" width=\"720\" height=\"527\" srcset=\"https:\/\/i0.wp.com\/www.24baires.com\/wp-content\/uploads\/2025\/04\/barrera.jpg?w=887&amp;ssl=1 887w, https:\/\/i0.wp.com\/www.24baires.com\/wp-content\/uploads\/2025\/04\/barrera.jpg?resize=300%2C220&amp;ssl=1 300w, https:\/\/i0.wp.com\/www.24baires.com\/wp-content\/uploads\/2025\/04\/barrera.jpg?resize=768%2C562&amp;ssl=1 768w\" sizes=\"auto, (max-width: 720px) 100vw, 720px\" \/>\u00abNosotros no queremos romper nada\u00bb, asegur\u00f3 el intendente de Villa Gesell respecto a la interna que atraviesa el peronismo.<!--more--><\/p>\n<p>El intendente de Villa Gesell, Gustavo Barrera, respald\u00f3 p\u00fablicamente la decisi\u00f3n del gobernador Axel Kicillof de desdoblar las elecciones provinciales y asegur\u00f3 que la medida era esperada por la mayor\u00eda de los jefes comunales.<\/p>\n<p>\u201cEra un anuncio que Axel ven\u00eda anticipando. Era una decisi\u00f3n que ten\u00eda tomada que anunci\u00f3 ayer y que a m\u00ed me parece bien\u201c, afirm\u00f3 Barrera en di\u00e1logo con INFOCIELO. \u201cLa mayor\u00eda de los intendentes lo est\u00e1bamos esperando, me parece una decisi\u00f3n acertada por lo que significa tener una elecci\u00f3n simult\u00e1nea donde ten\u00e9s que votar dos veces con sistemas diferentes\u201c, explic\u00f3.<\/p>\n<p>El intendente destac\u00f3 las dificultades log\u00edsticas que hubiese implicado realizar comicios concurrentes con boletas y sistemas distintos: \u201cEs inviable ir a votar de manera concurrente porque no dan los tiempos, hay que fiscalizar, conseguir los espacios, las escuelas, hay que tener el doble de urnas\u2026 Es muy complicado armar unas elecciones de esas caracter\u00edsticas\u201d, detall\u00f3.<\/p>\n<p>Consultado por las cr\u00edticas que surgieron desde algunos sectores del peronismo, que acusaron a Kicillof de romper la unidad del espacio, Barrera fue claro: \u201cEso no fue nunca lo que dijo Axel, lo aclar\u00f3 en la conferencia de prensa. Nosotros siempre apostamos a la unidad, a sumar en vez de restar, en ampliar el espacio y en esa postura nos encontramos. Nosotros no queremos romper nada\u201c, sostuvo.<\/p>\n<p>Respecto a la posible candidatura de Cristina Kirchner, Barrera sostuvo que \u201ces una decisi\u00f3n que tiene que tomar ella y se respeta\u201d. Adem\u00e1s, descart\u00f3 que esto implique una ruptura dentro del peronismo: \u201cNo lo leo en plan de ruptura, no creo que ni ellos ni menos nosotros queramos romper\u201d, asegur\u00f3.<\/p>\n<p>El intendente tambi\u00e9n llam\u00f3 a desdramatizar la interna y enfocarse en el adversario principal: \u201cNo tenemos que enojarnos entre los compa\u00f1eros ni perder el eje. Hay que usar la calma, la sensatez y la templanza, porque la elecci\u00f3n que viene es una elecci\u00f3n muy dif\u00edcil para competir, y el objetivo es competir contra el Gobierno de Milei\u201d, plante\u00f3.<\/p>\n","protected":false},"excerpt":{"rendered":"<p>\u00abNosotros no queremos romper nada\u00bb, asegur\u00f3 el intendente de Villa Gesell respecto a la interna que atraviesa el peronismo.<\/p>\n","protected":false},"author":8,"featured_media":0,"comment_status":"closed","ping_status":"closed","sticky":false,"template":"","format":"standard","meta":{"_jetpack_newsletter_access":"","_jetpack_dont_email_post_to_subs":false,"_jetpack_newsletter_tier_id":0,"_jetpack_memberships_contains_paywalled_content":false,"_jetpack_memberships_contains_paid_content":false,"footnotes":""},"categories":[51,40],"tags":[],"class_list":["post-122191","post","type-post","status-publish","format-standard","hentry","category-politica","category-provincia"],"jetpack_featured_media_url":"","jetpack_shortlink":"https:\/\/wp.me\/p2JWE0-vMP","jetpack-related-posts":[{"id":122195,"url":"https:\/\/www.24baires.com\/?p=122195","url_meta":{"origin":122191,"position":0},"title":"Interna de Uni\u00f3n por la Patria: Kicillof se re\u00fane con intendentes leales","author":"GB","date":"11\/04\/2025","format":false,"excerpt":"El Gobernador bonaerense recibir\u00e1 este viernes a los jefes municipales afines, en medio de un clima de tensi\u00f3n extrema tras el desdoblamiento de las elecciones en la Provincia. La ex Presidenta tuvo su c\u00f3nclave con alcaldes propios el mi\u00e9rcoles y no se descarta que sea candidata a la Legislatura. Contin\u00faan\u2026","rel":"","context":"En \u00abProvincia\u00bb","block_context":{"text":"Provincia","link":"https:\/\/www.24baires.com\/?cat=40"},"img":{"alt_text":"","src":"https:\/\/i0.wp.com\/www.24baires.com\/wp-content\/uploads\/2025\/04\/kici-intendentes.png?resize=350%2C200","width":350,"height":200,"srcset":"https:\/\/i0.wp.com\/www.24baires.com\/wp-content\/uploads\/2025\/04\/kici-intendentes.png?resize=350%2C200 1x, https:\/\/i0.wp.com\/www.24baires.com\/wp-content\/uploads\/2025\/04\/kici-intendentes.png?resize=525%2C300 1.5x, https:\/\/i0.wp.com\/www.24baires.com\/wp-content\/uploads\/2025\/04\/kici-intendentes.png?resize=700%2C400 2x"},"classes":[]},{"id":120825,"url":"https:\/\/www.24baires.com\/?p=120825","url_meta":{"origin":122191,"position":1},"title":"Barrera: \u201cEsta temporada se perfila como una de las peores de los \u00faltimos a\u00f1os\u201d","author":"GB","date":"03\/01\/2024","format":false,"excerpt":"El intendente de Villa Gesell, Gustavo Barrera, sostuvo que el distrito est\u00e1 viviendo una temporada \u201ccomplicada\u201d. El intendente de la localidad de Villa Gesell, Gustavo Barrera, afirm\u00f3 en declaraciones radiales que \u201chab\u00eda una perspectiva de la temporada antes de los anuncios del DNU y otra proyecci\u00f3n despu\u00e9s\u201d. \u201cVen\u00edamos bien con\u2026","rel":"","context":"En \u00abMunicipios\u00bb","block_context":{"text":"Municipios","link":"https:\/\/www.24baires.com\/?cat=44"},"img":{"alt_text":"","src":"https:\/\/i0.wp.com\/www.24baires.com\/wp-content\/uploads\/2024\/01\/barrera.png?resize=350%2C200","width":350,"height":200,"srcset":"https:\/\/i0.wp.com\/www.24baires.com\/wp-content\/uploads\/2024\/01\/barrera.png?resize=350%2C200 1x, https:\/\/i0.wp.com\/www.24baires.com\/wp-content\/uploads\/2024\/01\/barrera.png?resize=525%2C300 1.5x, https:\/\/i0.wp.com\/www.24baires.com\/wp-content\/uploads\/2024\/01\/barrera.png?resize=700%2C400 2x"},"classes":[]},{"id":113890,"url":"https:\/\/www.24baires.com\/?p=113890","url_meta":{"origin":122191,"position":2},"title":"Villa Gesell: Barrera decret\u00f3 duelo municipal por el asesinato de Fernando","author":"GB","date":"22\/01\/2020","format":false,"excerpt":"El intendente tom\u00f3 la decisi\u00f3n por el crimen a golpes que perpetraron diez j\u00f3venes rugbiers sobre un joven a la salida de un boliche. El intendente de Villa Gesell, Gustavo Barrera, decret\u00f3 este martes 48 horas de duelo municipal por el asesinato que diez j\u00f3venes oriundos de Z\u00e1rate perpetraron a\u2026","rel":"","context":"En \u00abSociedad\u00bb","block_context":{"text":"Sociedad","link":"https:\/\/www.24baires.com\/?cat=1"},"img":{"alt_text":"","src":"https:\/\/i0.wp.com\/www.24baires.com\/wp-content\/uploads\/2020\/01\/duelo-fernando.jpeg?resize=350%2C200","width":350,"height":200,"srcset":"https:\/\/i0.wp.com\/www.24baires.com\/wp-content\/uploads\/2020\/01\/duelo-fernando.jpeg?resize=350%2C200 1x, https:\/\/i0.wp.com\/www.24baires.com\/wp-content\/uploads\/2020\/01\/duelo-fernando.jpeg?resize=525%2C300 1.5x"},"classes":[]},{"id":122208,"url":"https:\/\/www.24baires.com\/?p=122208","url_meta":{"origin":122191,"position":3},"title":"Villa Gesell declara la emergencia econ\u00f3mica y congela salarios para enfrentar la recesi\u00f3n","author":"GB","date":"22\/04\/2025","format":false,"excerpt":"El intendente Gustavo Barrera decret\u00f3 la emergencia econ\u00f3mica en Villa Gesell, congelando salarios y tomando medidas para afrontar la ca\u00edda de la recaudaci\u00f3n. El intendente de Villa Gesell, Gustavo Barrera, tom\u00f3 una medida dr\u00e1stica ante la situaci\u00f3n econ\u00f3mica que enfrenta la provincia y los municipios: decret\u00f3 la Emergencia Municipal en\u2026","rel":"","context":"En \u00abMunicipios\u00bb","block_context":{"text":"Municipios","link":"https:\/\/www.24baires.com\/?cat=44"},"img":{"alt_text":"","src":"https:\/\/i0.wp.com\/www.24baires.com\/wp-content\/uploads\/2025\/04\/barreda.jpg?resize=350%2C200","width":350,"height":200,"srcset":"https:\/\/i0.wp.com\/www.24baires.com\/wp-content\/uploads\/2025\/04\/barreda.jpg?resize=350%2C200 1x, https:\/\/i0.wp.com\/www.24baires.com\/wp-content\/uploads\/2025\/04\/barreda.jpg?resize=525%2C300 1.5x, https:\/\/i0.wp.com\/www.24baires.com\/wp-content\/uploads\/2025\/04\/barreda.jpg?resize=700%2C400 2x"},"classes":[]},{"id":112856,"url":"https:\/\/www.24baires.com\/?p=112856","url_meta":{"origin":122191,"position":4},"title":"Barrera denunci\u00f3 que discriminaron a Villa Gesell en el reparto de fondos y apunt\u00f3 a Vidal","author":"GB","date":"05\/11\/2019","format":false,"excerpt":"El Intendente peronista hizo le\u00f1a del \u00e1rbol ca\u00eddo y carg\u00f3 munici\u00f3n gruesa contra la Gobernadora saliente, Mar\u00eda Eugenia Vidal. \"Nosotros tenemos municipios cercanos vecinos, como Pinamar, que recibieron $500 millones en obras, mientras que a Villa Gesell no se le ha entregado ni un solo peso\", asegur\u00f3. Luego de ganar\u2026","rel":"","context":"En \u00abMunicipios\u00bb","block_context":{"text":"Municipios","link":"https:\/\/www.24baires.com\/?cat=44"},"img":{"alt_text":"","src":"https:\/\/i0.wp.com\/www.24baires.com\/wp-content\/uploads\/2019\/11\/barrera-300x188.jpg?resize=350%2C200","width":350,"height":200},"classes":[]},{"id":113464,"url":"https:\/\/www.24baires.com\/?p=113464","url_meta":{"origin":122191,"position":5},"title":"Villa Gessell: Barrera conf\u00eda en que Kicillof ayudar\u00e1 a impulsar el turismo","author":"GB","date":"17\/12\/2019","format":false,"excerpt":"El jefe comunal cont\u00f3 que diagramar\u00e1 con Sergio Berni el operativo de seguridad para la \u00e9poca de mayor afluencia de turistas. Con el cambio de paradigma en los gobiernos nacional y provincial, el primer s\u00edntoma del repunte econ\u00f3mico deber\u00eda notarse en la temporada de verano 2019\/2020 que comenz\u00f3 en los\u2026","rel":"","context":"En \u00abMunicipios\u00bb","block_context":{"text":"Municipios","link":"https:\/\/www.24baires.com\/?cat=44"},"img":{"alt_text":"","src":"https:\/\/i0.wp.com\/www.24baires.com\/wp-content\/uploads\/2019\/12\/barrera.jpg?resize=350%2C200","width":350,"height":200,"srcset":"https:\/\/i0.wp.com\/www.24baires.com\/wp-content\/uploads\/2019\/12\/barrera.jpg?resize=350%2C200 1x, https:\/\/i0.wp.com\/www.24baires.com\/wp-content\/uploads\/2019\/12\/barrera.jpg?resize=525%2C300 1.5x"},"classes":[]}],"jetpack_sharing_enabled":true,"jetpack_likes_enabled":true,"_links":{"self":[{"href":"https:\/\/www.24baires.com\/index.php?rest_route=\/wp\/v2\/posts\/122191","targetHints":{"allow":["GET"]}}],"collection":[{"href":"https:\/\/www.24baires.com\/index.php?rest_route=\/wp\/v2\/posts"}],"about":[{"href":"https:\/\/www.24baires.com\/index.php?rest_route=\/wp\/v2\/types\/post"}],"author":[{"embeddable":true,"href":"https:\/\/www.24baires.com\/index.php?rest_route=\/wp\/v2\/users\/8"}],"replies":[{"embeddable":true,"href":"https:\/\/www.24baires.com\/index.php?rest_route=%2Fwp%2Fv2%2Fcomments&post=122191"}],"version-history":[{"count":1,"href":"https:\/\/www.24baires.com\/index.php?rest_route=\/wp\/v2\/posts\/122191\/revisions"}],"predecessor-version":[{"id":122193,"href":"https:\/\/www.24baires.com\/index.php?rest_route=\/wp\/v2\/posts\/122191\/revisions\/122193"}],"wp:attachment":[{"href":"https:\/\/www.24baires.com\/index.php?rest_route=%2Fwp%2Fv2%2Fmedia&parent=122191"}],"wp:term":[{"taxonomy":"category","embeddable":true,"href":"https:\/\/www.24baires.com\/index.php?rest_route=%2Fwp%2Fv2%2Fcategories&post=122191"},{"taxonomy":"post_tag","embeddable":true,"href":"https:\/\/www.24baires.com\/index.php?rest_route=%2Fwp%2Fv2%2Ftags&post=122191"}],"curies":[{"name":"wp","href":"https:\/\/api.w.org\/{rel}","templated":true}]}}