{"id":122185,"date":"2025-04-04T06:29:56","date_gmt":"2025-04-04T09:29:56","guid":{"rendered":"https:\/\/www.24baires.com\/?p=122185"},"modified":"2025-04-04T06:29:56","modified_gmt":"2025-04-04T09:29:56","slug":"kicillof-volvio-a-respaldar-el-desdoblamiento-y-disparo-que-nadie-vea-fantasmas","status":"publish","type":"post","link":"https:\/\/www.24baires.com\/?p=122185","title":{"rendered":"Kicillof volvi\u00f3 a respaldar el desdoblamiento y dispar\u00f3: \u00abQue nadie vea fantasmas\u00bb"},"content":{"rendered":"<p><img data-recalc-dims=\"1\" loading=\"lazy\" decoding=\"async\" class=\"aligncenter wp-image-122186\" src=\"https:\/\/i0.wp.com\/www.24baires.com\/wp-content\/uploads\/2025\/04\/kiciloff.webp?resize=720%2C480\" alt=\"\" width=\"720\" height=\"480\" srcset=\"https:\/\/i0.wp.com\/www.24baires.com\/wp-content\/uploads\/2025\/04\/kiciloff.webp?w=800&amp;ssl=1 800w, https:\/\/i0.wp.com\/www.24baires.com\/wp-content\/uploads\/2025\/04\/kiciloff.webp?resize=300%2C200&amp;ssl=1 300w, https:\/\/i0.wp.com\/www.24baires.com\/wp-content\/uploads\/2025\/04\/kiciloff.webp?resize=768%2C512&amp;ssl=1 768w\" sizes=\"auto, (max-width: 720px) 100vw, 720px\" \/>Mientras aumenta la tensi\u00f3n en el peronismo, el gobernador bonaerense Axel Kicillof respald\u00f3 el desdoblamiento electoral y cuestion\u00f3 la propuesta impulsada por el kirchnerismo para unificar los comicios.<!--more--><\/p>\n<p>Con la Legislatura pisando la suspensi\u00f3n de las PASO y a solo una hora de la publicaci\u00f3n de una carta abierta de dirigentes bonaerenses del cristinismo pidiendo la unificaci\u00f3n de las elecciones, el gobernador Axel Kicillof reiter\u00f3 su apoyo al desdoblamiento de los comicios y advirti\u00f3 que la propuesta de Cristina Kirchner y el camporismo llevar\u00eda a \u201cun caos\u201d por la implementaci\u00f3n de la Boleta \u00danica de Papel (BUP) impuesta por el presidente Javier Milei.<\/p>\n<p>Las declaraciones del mandatario tuvieron lugar en el cierre del ciclo de charlas llamado \u201cDebate de Futuro\u201d, organizado por Barrios de Pie, mientras transcurr\u00eda el cuarto intermedio en la C\u00e1mara de Diputados. El escenario elegido fue el Teatro Argentino de la ciudad de La Plata. Un dato pol\u00edtico y gesto hacia CFK, pues este se encuentra bajo la \u00f3rbita de la dirigente de La C\u00e1mpora, Florencia Saintout, y all\u00ed la ex mandataria juega de local.<\/p>\n<p>Ante un auditorio de m\u00e1s de 1.700 personas y con las inmediaciones del Teatro llenas de militantes de Somos Barrios de Pie, Kolina, y el Movimiento Evita, Kicillof comenz\u00f3 su discurso avisando que iba a decepcionar a auquellos que esperaran definiciones (electorales) y remarc\u00f3 que se ajustar\u00eda a un texto de formaci\u00f3n pol\u00edtica. Por ello, realiz\u00f3 una larga introducci\u00f3n donde analiz\u00f3 la situaci\u00f3n internacional y critic\u00f3 el modelo de la administraci\u00f3n libertaria. M\u00e1s tarde, hizo un repaso sobre su gesti\u00f3n y, en medio de ese desarrollo, tir\u00f3 varios mensajes hacia la interna de Uni\u00f3n por la Patria.<\/p>\n","protected":false},"excerpt":{"rendered":"<p>Mientras aumenta la tensi\u00f3n en el peronismo, el gobernador bonaerense Axel Kicillof respald\u00f3 el desdoblamiento electoral y cuestion\u00f3 la propuesta impulsada por el kirchnerismo para unificar los comicios.<\/p>\n","protected":false},"author":8,"featured_media":0,"comment_status":"closed","ping_status":"closed","sticky":false,"template":"","format":"standard","meta":{"_jetpack_newsletter_access":"","_jetpack_dont_email_post_to_subs":false,"_jetpack_newsletter_tier_id":0,"_jetpack_memberships_contains_paywalled_content":false,"_jetpack_memberships_contains_paid_content":false,"footnotes":""},"categories":[40],"tags":[],"class_list":["post-122185","post","type-post","status-publish","format-standard","hentry","category-provincia"],"jetpack_featured_media_url":"","jetpack_shortlink":"https:\/\/wp.me\/p2JWE0-vMJ","jetpack-related-posts":[{"id":122195,"url":"https:\/\/www.24baires.com\/?p=122195","url_meta":{"origin":122185,"position":0},"title":"Interna de Uni\u00f3n por la Patria: Kicillof se re\u00fane con intendentes leales","author":"GB","date":"11\/04\/2025","format":false,"excerpt":"El Gobernador bonaerense recibir\u00e1 este viernes a los jefes municipales afines, en medio de un clima de tensi\u00f3n extrema tras el desdoblamiento de las elecciones en la Provincia. La ex Presidenta tuvo su c\u00f3nclave con alcaldes propios el mi\u00e9rcoles y no se descarta que sea candidata a la Legislatura. Contin\u00faan\u2026","rel":"","context":"En \u00abProvincia\u00bb","block_context":{"text":"Provincia","link":"https:\/\/www.24baires.com\/?cat=40"},"img":{"alt_text":"","src":"https:\/\/i0.wp.com\/www.24baires.com\/wp-content\/uploads\/2025\/04\/kici-intendentes.png?resize=350%2C200","width":350,"height":200,"srcset":"https:\/\/i0.wp.com\/www.24baires.com\/wp-content\/uploads\/2025\/04\/kici-intendentes.png?resize=350%2C200 1x, https:\/\/i0.wp.com\/www.24baires.com\/wp-content\/uploads\/2025\/04\/kici-intendentes.png?resize=525%2C300 1.5x, https:\/\/i0.wp.com\/www.24baires.com\/wp-content\/uploads\/2025\/04\/kici-intendentes.png?resize=700%2C400 2x"},"classes":[]},{"id":122191,"url":"https:\/\/www.24baires.com\/?p=122191","url_meta":{"origin":122185,"position":1},"title":"Barrera respald\u00f3 a Kicillof: \u201cLa mayor\u00eda de los intendentes esper\u00e1bamos el desdoblamiento\u201d","author":"GB","date":"09\/04\/2025","format":false,"excerpt":"\"Nosotros no queremos romper nada\", asegur\u00f3 el intendente de Villa Gesell respecto a la interna que atraviesa el peronismo. El intendente de Villa Gesell, Gustavo Barrera, respald\u00f3 p\u00fablicamente la decisi\u00f3n del gobernador Axel Kicillof de desdoblar las elecciones provinciales y asegur\u00f3 que la medida era esperada por la mayor\u00eda de\u2026","rel":"","context":"En \u00abPol\u00edtica\u00bb","block_context":{"text":"Pol\u00edtica","link":"https:\/\/www.24baires.com\/?cat=51"},"img":{"alt_text":"","src":"https:\/\/i0.wp.com\/www.24baires.com\/wp-content\/uploads\/2025\/04\/barrera.jpg?resize=350%2C200","width":350,"height":200,"srcset":"https:\/\/i0.wp.com\/www.24baires.com\/wp-content\/uploads\/2025\/04\/barrera.jpg?resize=350%2C200 1x, https:\/\/i0.wp.com\/www.24baires.com\/wp-content\/uploads\/2025\/04\/barrera.jpg?resize=525%2C300 1.5x, https:\/\/i0.wp.com\/www.24baires.com\/wp-content\/uploads\/2025\/04\/barrera.jpg?resize=700%2C400 2x"},"classes":[]},{"id":122515,"url":"https:\/\/www.24baires.com\/?p=122515","url_meta":{"origin":122185,"position":2},"title":"Comenzaron las elecciones en la Provincia de Buenos Aires","author":"GB","date":"07\/09\/2025","format":false,"excerpt":"Comienzan las elecciones en la Provincia de Buenos Aires. M\u00e1s de 14 millones de bonaerenses votan legisladores y concejales en un comicio clave, primera elecci\u00f3n provincial desdoblada de la nacional. Con la apertura de las mesas a las 8 de la ma\u00f1ana, qued\u00f3 en marcha este domingo la elecci\u00f3n legislativa\u2026","rel":"","context":"En \u00abElecciones\u00bb","block_context":{"text":"Elecciones","link":"https:\/\/www.24baires.com\/?cat=316"},"img":{"alt_text":"","src":"https:\/\/i0.wp.com\/www.24baires.com\/wp-content\/uploads\/2025\/09\/elecciones-2025.webp?resize=350%2C200","width":350,"height":200,"srcset":"https:\/\/i0.wp.com\/www.24baires.com\/wp-content\/uploads\/2025\/09\/elecciones-2025.webp?resize=350%2C200 1x, https:\/\/i0.wp.com\/www.24baires.com\/wp-content\/uploads\/2025\/09\/elecciones-2025.webp?resize=525%2C300 1.5x, https:\/\/i0.wp.com\/www.24baires.com\/wp-content\/uploads\/2025\/09\/elecciones-2025.webp?resize=700%2C400 2x"},"classes":[]},{"id":120094,"url":"https:\/\/www.24baires.com\/?p=120094","url_meta":{"origin":122185,"position":3},"title":"Kicillof dijo que \u201chay posibilidades\u201d de desdoblar las elecciones","author":"GB","date":"12\/05\/2023","format":false,"excerpt":"En declaraciones con la prensa, el gobernador bonaerense, Axel Kicillof, dej\u00f3 abierta la posibilidad de desdoblar las elecciones generales. Axel Kicillof reaviv\u00f3 este jueves la discusi\u00f3n en torno a si su Gesti\u00f3n buscar\u00e1 desdoblar las elecciones en provincia de Buenos Aires, realizandoas en una fecha diferente a las de Naci\u00f3n.\u2026","rel":"","context":"En \u00abElecciones\u00bb","block_context":{"text":"Elecciones","link":"https:\/\/www.24baires.com\/?cat=316"},"img":{"alt_text":"","src":"https:\/\/i0.wp.com\/www.24baires.com\/wp-content\/uploads\/2022\/07\/kicillof.jpg?resize=350%2C200","width":350,"height":200,"srcset":"https:\/\/i0.wp.com\/www.24baires.com\/wp-content\/uploads\/2022\/07\/kicillof.jpg?resize=350%2C200 1x, https:\/\/i0.wp.com\/www.24baires.com\/wp-content\/uploads\/2022\/07\/kicillof.jpg?resize=525%2C300 1.5x, https:\/\/i0.wp.com\/www.24baires.com\/wp-content\/uploads\/2022\/07\/kicillof.jpg?resize=700%2C400 2x"},"classes":[]},{"id":122162,"url":"https:\/\/www.24baires.com\/?p=122162","url_meta":{"origin":122185,"position":4},"title":"Kicillof sobre el calendario electoral: \u00abPor supuesto que hay opiniones diversas, no me voy a hacer el tonto con esto\u00bb","author":"GB","date":"27\/03\/2025","format":false,"excerpt":"En la previa al debate en Diputados, el Gobernador habl\u00f3 sobre las distintas posiciones en la oposici\u00f3n y dentro del bloque peronista. Tambi\u00e9n se refiri\u00f3 a la posibilidad del desdoblamiento y la Boleta \u00danica de Papel. Apunt\u00f3 contra Milei y desliz\u00f3 que \"ten\u00eda ganas de empiojar la elecci\u00f3n bonaerense\". El\u2026","rel":"","context":"En \u00abProvincia\u00bb","block_context":{"text":"Provincia","link":"https:\/\/www.24baires.com\/?cat=40"},"img":{"alt_text":"","src":"https:\/\/i0.wp.com\/www.24baires.com\/wp-content\/uploads\/2025\/02\/kici-chascomus.jpg?resize=350%2C200","width":350,"height":200,"srcset":"https:\/\/i0.wp.com\/www.24baires.com\/wp-content\/uploads\/2025\/02\/kici-chascomus.jpg?resize=350%2C200 1x, https:\/\/i0.wp.com\/www.24baires.com\/wp-content\/uploads\/2025\/02\/kici-chascomus.jpg?resize=525%2C300 1.5x, https:\/\/i0.wp.com\/www.24baires.com\/wp-content\/uploads\/2025\/02\/kici-chascomus.jpg?resize=700%2C400 2x"},"classes":[]},{"id":120101,"url":"https:\/\/www.24baires.com\/?p=120101","url_meta":{"origin":122185,"position":5},"title":"\u00abVeremos cu\u00e1les son las mejores fechas para llevar adelante las elecciones\u00bb, adelant\u00f3 Bianco","author":"GB","date":"16\/05\/2023","format":false,"excerpt":"El jefe de Asesores de la provincia de Buenos Aires, Carlos Bianco, revel\u00f3 la estrategia de Axel Kicillof para decidir qu\u00e9 hacer con las elecciones generales. El Frente de Todos de la provincia de Buenos Aires, con Axel Kicillof a la cabeza, se debate entre la posibilidad de hacer sus\u2026","rel":"","context":"En \u00abProvincia\u00bb","block_context":{"text":"Provincia","link":"https:\/\/www.24baires.com\/?cat=40"},"img":{"alt_text":"","src":"https:\/\/i0.wp.com\/www.24baires.com\/wp-content\/uploads\/2023\/05\/axel-kicillof-y-carlos-bianco-2020jpg.jpg?resize=350%2C200","width":350,"height":200,"srcset":"https:\/\/i0.wp.com\/www.24baires.com\/wp-content\/uploads\/2023\/05\/axel-kicillof-y-carlos-bianco-2020jpg.jpg?resize=350%2C200 1x, https:\/\/i0.wp.com\/www.24baires.com\/wp-content\/uploads\/2023\/05\/axel-kicillof-y-carlos-bianco-2020jpg.jpg?resize=525%2C300 1.5x, https:\/\/i0.wp.com\/www.24baires.com\/wp-content\/uploads\/2023\/05\/axel-kicillof-y-carlos-bianco-2020jpg.jpg?resize=700%2C400 2x"},"classes":[]}],"jetpack_sharing_enabled":true,"jetpack_likes_enabled":true,"_links":{"self":[{"href":"https:\/\/www.24baires.com\/index.php?rest_route=\/wp\/v2\/posts\/122185","targetHints":{"allow":["GET"]}}],"collection":[{"href":"https:\/\/www.24baires.com\/index.php?rest_route=\/wp\/v2\/posts"}],"about":[{"href":"https:\/\/www.24baires.com\/index.php?rest_route=\/wp\/v2\/types\/post"}],"author":[{"embeddable":true,"href":"https:\/\/www.24baires.com\/index.php?rest_route=\/wp\/v2\/users\/8"}],"replies":[{"embeddable":true,"href":"https:\/\/www.24baires.com\/index.php?rest_route=%2Fwp%2Fv2%2Fcomments&post=122185"}],"version-history":[{"count":1,"href":"https:\/\/www.24baires.com\/index.php?rest_route=\/wp\/v2\/posts\/122185\/revisions"}],"predecessor-version":[{"id":122187,"href":"https:\/\/www.24baires.com\/index.php?rest_route=\/wp\/v2\/posts\/122185\/revisions\/122187"}],"wp:attachment":[{"href":"https:\/\/www.24baires.com\/index.php?rest_route=%2Fwp%2Fv2%2Fmedia&parent=122185"}],"wp:term":[{"taxonomy":"category","embeddable":true,"href":"https:\/\/www.24baires.com\/index.php?rest_route=%2Fwp%2Fv2%2Fcategories&post=122185"},{"taxonomy":"post_tag","embeddable":true,"href":"https:\/\/www.24baires.com\/index.php?rest_route=%2Fwp%2Fv2%2Ftags&post=122185"}],"curies":[{"name":"wp","href":"https:\/\/api.w.org\/{rel}","templated":true}]}}