{"id":12216,"date":"2013-01-15T10:30:17","date_gmt":"2013-01-15T13:30:17","guid":{"rendered":"http:\/\/www.24baires.com\/?p=12216"},"modified":"2013-01-15T11:00:11","modified_gmt":"2013-01-15T14:00:11","slug":"en-pinamar-los-guardavidas-ya-decidieron-volver-a-parar-el-sabado-proximo","status":"publish","type":"post","link":"https:\/\/www.24baires.com\/?p=12216","title":{"rendered":"En Pinamar los guardavidas ya decidieron volver a parar el s\u00e1bado pr\u00f3ximo"},"content":{"rendered":"<p>La Asociaci\u00f3n de Guardavidas de Pinamar (AGP) volver\u00e1 a realizar un cese total de actividades el s\u00e1bado 19, para reclamar que se resuelva la situaci\u00f3n de los m\u00e1s de \u201c20 balnearios sin guardavidas\u201d, y para pedir que las paritarias se realicen antes de que finalice la temporada.<!--more--><\/p>\n<p>En un comunicado los guardavidas nucleados en AGP expresaron su reclamo para la contrataci\u00f3n de m\u00e1s personal, \u201cya que m\u00e1s de 20 balnearios se encuentran sin ba\u00f1eros\u201d, as\u00ed como tambi\u00e9n denunciaron que \u201cel 80 por ciento de los puestos no cuentan con los elementos de trabajo m\u00ednimos y obligatorios\u201d para los rescates. Y por \u00faltimo pidieron la negociaci\u00f3n de paritarias antes de que termine el receso de verano.<\/p>\n<p>Seg\u00fan explicaron, \u201cla situaci\u00f3n que gener\u00f3 el paro total del d\u00eda 10 de enero contin\u00faa siendo la misma, y persiste desde hace a\u00f1os un grave incumplimiento de las normas que rigen la actividad en el partido de Pinamar, por parte de los balnearios y paradores\u201d.<\/p>\n<p>Con respecto a las paritarias, manifestaron que \u201cpese a las instancias de di\u00e1logo generadas luego del paro del pasado jueves 10, incluso con la mediaci\u00f3n de las autoridades municipales contin\u00faa la caprichosa y arbitraria negativa de negociar las paritarias hoy y postergarlas hasta despu\u00e9s de la temporada\u201d.<\/p>\n<p>En tanto mientras no se resuelva la situaci\u00f3n, comunicaron que \u201chacemos responsables de esta situaci\u00f3n como de lo que pueda ocurrir a los empresarios ocupantes del frente mar\u00edtimo de Pinamar\u201d, y aconsejaron a los ba\u00f1istas no introducirse al mar.<\/p>\n<p>&nbsp;<\/p>\n<p>&nbsp;<\/p>\n<p>&nbsp;<\/p>\n<p>&nbsp;<\/p>\n<p>&nbsp;<\/p>\n<p>&nbsp;<\/p>\n<p>&nbsp;<\/p>\n<p>&nbsp;<\/p>\n<p>&nbsp;<\/p>\n<p>&nbsp;<\/p>\n<p>&nbsp;<\/p>\n<p>&nbsp;<\/p>\n<p>&nbsp;<\/p>\n<p>&nbsp;<\/p>\n<p>&nbsp;<\/p>\n<p>&nbsp;<\/p>\n<p>&nbsp;<\/p>\n","protected":false},"excerpt":{"rendered":"<p>La Asociaci\u00f3n de Guardavidas de Pinamar (AGP) volver\u00e1 a realizar un cese total de actividades el s\u00e1bado 19, para reclamar que se resuelva la situaci\u00f3n de los m\u00e1s de \u201c20 balnearios sin guardavidas\u201d, y para pedir que las paritarias se realicen antes de que finalice la temporada.<\/p>\n","protected":false},"author":4,"featured_media":0,"comment_status":"open","ping_status":"open","sticky":false,"template":"","format":"standard","meta":{"_jetpack_newsletter_access":"","_jetpack_dont_email_post_to_subs":false,"_jetpack_newsletter_tier_id":0,"_jetpack_memberships_contains_paywalled_content":false,"_jetpack_memberships_contains_paid_content":false,"footnotes":""},"categories":[1],"tags":[],"class_list":["post-12216","post","type-post","status-publish","format-standard","hentry","category-sociedad"],"jetpack_featured_media_url":"","jetpack_shortlink":"https:\/\/wp.me\/p2JWE0-3b2","jetpack-related-posts":[{"id":11850,"url":"https:\/\/www.24baires.com\/?p=11850","url_meta":{"origin":12216,"position":0},"title":"Guardavidas de Pinamar advierten que seguir\u00e1n parando de no mejorarse su situaci\u00f3n","author":"AF","date":"11\/01\/2013","format":false,"excerpt":"Las playas de Pinamar estuvieron el \u00faltimo jueves sin guardacostas por un conflicto gremial que podr\u00eda agravarse, haciendo peligrar la temporada en esa localidad balnearia. El secretario adjunto de la Asociaci\u00f3n de Guardavidas de Pinamar (AGP), Fernando Espinach, explic\u00f3 los motivos por los que llevan adelante las protestas, que incluyen\u2026","rel":"","context":"En \u00abSociedad\u00bb","block_context":{"text":"Sociedad","link":"https:\/\/www.24baires.com\/?cat=1"},"img":{"alt_text":"","src":"","width":0,"height":0},"classes":[]},{"id":113974,"url":"https:\/\/www.24baires.com\/?p=113974","url_meta":{"origin":12216,"position":1},"title":"Guardavidas de Pinamar paran este viernes","author":"AF","date":"30\/01\/2020","format":false,"excerpt":"La Asociaci\u00f3n de Guardavidas asegur\u00f3 que cobran el mismo sueldo de diciembre de 2018. Reclaman adem\u00e1s que se cumpla con las dotaciones m\u00ednimas de personal para esta \u00e9poca de fuerte afluencia de turistas. La temporada en la Costa Atl\u00e1ntica es de las mejores en muchos a\u00f1os sin embargo ello no\u2026","rel":"","context":"En \u00abLocales\u00bb","block_context":{"text":"Locales","link":"https:\/\/www.24baires.com\/?cat=38"},"img":{"alt_text":"","src":"https:\/\/i0.wp.com\/www.24baires.com\/wp-content\/uploads\/2016\/01\/guardavidas.jpg?resize=350%2C200","width":350,"height":200,"srcset":"https:\/\/i0.wp.com\/www.24baires.com\/wp-content\/uploads\/2016\/01\/guardavidas.jpg?resize=350%2C200 1x, https:\/\/i0.wp.com\/www.24baires.com\/wp-content\/uploads\/2016\/01\/guardavidas.jpg?resize=525%2C300 1.5x"},"classes":[]},{"id":60658,"url":"https:\/\/www.24baires.com\/?p=60658","url_meta":{"origin":12216,"position":2},"title":"Guardavidas de Pinamar levantaron el paro que iban a realizar el fin de semana","author":"GB","date":"24\/01\/2015","format":false,"excerpt":"Los rescatistas ten\u00edan previsto un cese de actividades para este s\u00e1bado y domingo en reclamo de mejoras salariales. Intervino el Ministerio de Trabajo de la provincia de Buenos Aires. Los trabajadores agrupados en la Aosciaci\u00f3n de Guaradvidas de Pinamar (AGP) decidieron levantar la medida de fuerza que hab\u00edan anunciado este\u2026","rel":"","context":"En \u00abLocales\u00bb","block_context":{"text":"Locales","link":"https:\/\/www.24baires.com\/?cat=38"},"img":{"alt_text":"pinamar","src":"https:\/\/i0.wp.com\/www.24baires.com\/wp-content\/uploads\/2015\/01\/pinamar.jpg?resize=350%2C200","width":350,"height":200,"srcset":"https:\/\/i0.wp.com\/www.24baires.com\/wp-content\/uploads\/2015\/01\/pinamar.jpg?resize=350%2C200 1x, https:\/\/i0.wp.com\/www.24baires.com\/wp-content\/uploads\/2015\/01\/pinamar.jpg?resize=525%2C300 1.5x"},"classes":[]},{"id":12521,"url":"https:\/\/www.24baires.com\/?p=12521","url_meta":{"origin":12216,"position":3},"title":"Guardavidas de Pinamar confirmaron el paro para el pr\u00f3ximo s\u00e1bado 19","author":"AF","date":"17\/01\/2013","format":false,"excerpt":"Este s\u00e1bado 19 de enero, los guardavidad de Pinamar realizar\u00e1n un paro de actividades. El reclamo es por el cumplimiento de las normas laborales que rigen en la actividad y denuncian tambi\u00e9n que la mayor\u00eda de los puestos no cuentan con los elementos de seguridad m\u00ednimos e indispensables. Los guardavidas\u2026","rel":"","context":"En \u00abSociedad\u00bb","block_context":{"text":"Sociedad","link":"https:\/\/www.24baires.com\/?cat=1"},"img":{"alt_text":"guardavidas de paro","src":"https:\/\/i0.wp.com\/www.24baires.com\/wp-content\/uploads\/2013\/01\/guardavidas-de-paro-300x221.jpg?resize=350%2C200","width":350,"height":200},"classes":[]},{"id":106305,"url":"https:\/\/www.24baires.com\/?p=106305","url_meta":{"origin":12216,"position":4},"title":"La Federaci\u00f3n Argentina de Guardavidas presiona para que se destrabe el conflicto","author":"GB","date":"11\/01\/2019","format":false,"excerpt":"Lanzaron un comunicado acompa\u00f1ando a los guardavidas de la ciudad y se declararon en estado de alerta. Tras fracasar una reuni\u00f3n entre el Sindicato de Guardavidas local y las c\u00e1maras empresarias de los balnearios, los trabajadores realizar\u00e1n desde el s\u00e1bado un paro por tiempo indeterminado. Desde la Federaci\u00f3n Argentina de\u2026","rel":"","context":"En \u00abMunicipios\u00bb","block_context":{"text":"Municipios","link":"https:\/\/www.24baires.com\/?cat=44"},"img":{"alt_text":"","src":"https:\/\/i0.wp.com\/www.24baires.com\/wp-content\/uploads\/2016\/01\/guardavidas.jpg?resize=350%2C200","width":350,"height":200,"srcset":"https:\/\/i0.wp.com\/www.24baires.com\/wp-content\/uploads\/2016\/01\/guardavidas.jpg?resize=350%2C200 1x, https:\/\/i0.wp.com\/www.24baires.com\/wp-content\/uploads\/2016\/01\/guardavidas.jpg?resize=525%2C300 1.5x"},"classes":[]},{"id":38366,"url":"https:\/\/www.24baires.com\/?p=38366","url_meta":{"origin":12216,"position":5},"title":"Domingo sin guardavidas en Pinamar","author":"GB","date":"12\/01\/2014","format":false,"excerpt":"Los trabajadores denuncian \"grave incumplimiento\" de las normas laborales. Advierten que faltan elementos de trabajo. Destacan que la falta de estos objetos genera gran peligro para toda la comunidad. Ponen en manifiesto que en 20 balnearios del distrito \"no hay guardavidas\". La Asociaci\u00f3n de Guardavidas de Pinamar anunci\u00f3 que este\u2026","rel":"","context":"En \u00abLocales\u00bb","block_context":{"text":"Locales","link":"https:\/\/www.24baires.com\/?cat=38"},"img":{"alt_text":"","src":"","width":0,"height":0},"classes":[]}],"jetpack_sharing_enabled":true,"jetpack_likes_enabled":true,"_links":{"self":[{"href":"https:\/\/www.24baires.com\/index.php?rest_route=\/wp\/v2\/posts\/12216","targetHints":{"allow":["GET"]}}],"collection":[{"href":"https:\/\/www.24baires.com\/index.php?rest_route=\/wp\/v2\/posts"}],"about":[{"href":"https:\/\/www.24baires.com\/index.php?rest_route=\/wp\/v2\/types\/post"}],"author":[{"embeddable":true,"href":"https:\/\/www.24baires.com\/index.php?rest_route=\/wp\/v2\/users\/4"}],"replies":[{"embeddable":true,"href":"https:\/\/www.24baires.com\/index.php?rest_route=%2Fwp%2Fv2%2Fcomments&post=12216"}],"version-history":[{"count":1,"href":"https:\/\/www.24baires.com\/index.php?rest_route=\/wp\/v2\/posts\/12216\/revisions"}],"predecessor-version":[{"id":12217,"href":"https:\/\/www.24baires.com\/index.php?rest_route=\/wp\/v2\/posts\/12216\/revisions\/12217"}],"wp:attachment":[{"href":"https:\/\/www.24baires.com\/index.php?rest_route=%2Fwp%2Fv2%2Fmedia&parent=12216"}],"wp:term":[{"taxonomy":"category","embeddable":true,"href":"https:\/\/www.24baires.com\/index.php?rest_route=%2Fwp%2Fv2%2Fcategories&post=12216"},{"taxonomy":"post_tag","embeddable":true,"href":"https:\/\/www.24baires.com\/index.php?rest_route=%2Fwp%2Fv2%2Ftags&post=12216"}],"curies":[{"name":"wp","href":"https:\/\/api.w.org\/{rel}","templated":true}]}}