{"id":122153,"date":"2025-03-20T06:27:21","date_gmt":"2025-03-20T09:27:21","guid":{"rendered":"https:\/\/www.24baires.com\/?p=122153"},"modified":"2025-03-20T06:27:21","modified_gmt":"2025-03-20T09:27:21","slug":"diputados-de-pba-se-preparan-para-debatir-la-suspension-de-las-paso","status":"publish","type":"post","link":"https:\/\/www.24baires.com\/?p=122153","title":{"rendered":"Diputados de PBA se preparan para debatir la suspensi\u00f3n de las PASO"},"content":{"rendered":"<p><img data-recalc-dims=\"1\" loading=\"lazy\" decoding=\"async\" class=\"aligncenter wp-image-119639\" src=\"https:\/\/i0.wp.com\/www.24baires.com\/wp-content\/uploads\/2022\/12\/camara-diputados-bonaerensejpg.jpg?resize=720%2C479\" alt=\"\" width=\"720\" height=\"479\" srcset=\"https:\/\/i0.wp.com\/www.24baires.com\/wp-content\/uploads\/2022\/12\/camara-diputados-bonaerensejpg.jpg?w=887&amp;ssl=1 887w, https:\/\/i0.wp.com\/www.24baires.com\/wp-content\/uploads\/2022\/12\/camara-diputados-bonaerensejpg.jpg?resize=300%2C200&amp;ssl=1 300w, https:\/\/i0.wp.com\/www.24baires.com\/wp-content\/uploads\/2022\/12\/camara-diputados-bonaerensejpg.jpg?resize=768%2C511&amp;ssl=1 768w\" sizes=\"auto, (max-width: 720px) 100vw, 720px\" \/>Tras la presi\u00f3n de Axel Kicillof y en medio de una interna peronista que podr\u00eda dificultar el qu\u00f3rum, la Legislatura tratar\u00e1 algunos de los seis proyectos de ley y buscar\u00e1 definir c\u00f3mo se votar\u00e1 este a\u00f1o en la provincia.<!--more--><\/p>\n<p>En medio de la interna del peronismo, la C\u00e1mara de Diputados bonaerense tratar\u00e1 este jueves la posible suspensi\u00f3n de las Primarias, Abiertas, Simult\u00e1neas y Obligatorias (PASO), en una sesi\u00f3n especial convocada a pedido del bloque de La Libertad Avanza donde se tratar\u00e1n los seis proyectos presentados.<\/p>\n<p>El \u00faltimo espacio en hacerlo fue el bloque de la Coalici\u00f3n C\u00edvica (CC), que encabeza Maricel Etchecoin, cuya iniciativa busca dejar sin efecto las PASO y destinar los fondos a la reconstrucci\u00f3n de Bah\u00eda Blanca. \u201cDesde su implementaci\u00f3n, las PASO han tenido como objetivo principal la democratizaci\u00f3n interna de los partidos pol\u00edticos y la participaci\u00f3n ciudadana en la selecci\u00f3n de candidatos. Sin embargo, en los \u00faltimos a\u00f1os su utilizaci\u00f3n ha sido ampliamente cuestionada debido a la falta de competencia\u201d, sostiene el proyecto de la \u00ablilita\u00bb bonaerense.<\/p>\n<p>Entre los fundamentos, el bloque argument\u00f3 que las primarias representan \u201cun gasto millonario sin garantizar una mejora en la representaci\u00f3n pol\u00edtica\u201d, ya que en la mayor\u00eda de los casos las alianzas presentan listas \u00fanicas. Adem\u00e1s, la CC se\u00f1al\u00f3 que la eliminaci\u00f3n de las PASO en 2025 \u201cresponde a un contexto de emergencia\u201d y abre la posibilidad de repensar el sistema electoral.<\/p>\n<p>Cabe recordar que el presidente del bloque libertario, Agust\u00edn Romo, impuls\u00f3 la sesi\u00f3n con el objetivo de lograr qu\u00f3rum con el apoyo de la oposici\u00f3n, aunque algunos sectores consideran que el debate podr\u00eda fracasar por falta de consenso; principalmente porque no est\u00e1 confirmado que bajen al recinto los sectores del peronismo enfrentados con el gobernador Axel Kicillof.<\/p>\n<p>Es que el mandatario hab\u00eda reclamado p\u00fablicamente la suspensi\u00f3n de las PASO durante la apertura de sesiones el pasado 5 de marzo, un pedido que luego ratific\u00f3 su ministro de Gobierno, Carlos Bianco, al exigirle definiciones a la Legislatura.<\/p>\n<p>Por ende, los 11 diputados que responden a Kicillof posibilemente estrenen la marca del gobernador, el Movimiento Derecho al Futuro. Lo ins\u00f3lito ser\u00eda que, por primera vez, Uni\u00f3n por la Patria (UP) en su conjunto no votar\u00eda de forma unificada. Es que el bloque de UP tiene 37 miembros, pero est\u00e1 fragmentado el MDF; el grupo de intendentes que responde a M\u00e1ximo Kirchner y el cristinismo, con 15; el Frente Renovador, con 10; y una legisladora de Patria Grande.<\/p>\n","protected":false},"excerpt":{"rendered":"<p>Tras la presi\u00f3n de Axel Kicillof y en medio de una interna peronista que podr\u00eda dificultar el qu\u00f3rum, la Legislatura tratar\u00e1 algunos de los seis proyectos de ley y buscar\u00e1 definir c\u00f3mo se votar\u00e1 este a\u00f1o en la provincia.<\/p>\n","protected":false},"author":8,"featured_media":0,"comment_status":"closed","ping_status":"closed","sticky":false,"template":"","format":"standard","meta":{"_jetpack_newsletter_access":"","_jetpack_dont_email_post_to_subs":false,"_jetpack_newsletter_tier_id":0,"_jetpack_memberships_contains_paywalled_content":false,"_jetpack_memberships_contains_paid_content":false,"footnotes":""},"categories":[40],"tags":[],"class_list":["post-122153","post","type-post","status-publish","format-standard","hentry","category-provincia"],"jetpack_featured_media_url":"","jetpack_shortlink":"https:\/\/wp.me\/p2JWE0-vMd","jetpack-related-posts":[{"id":122200,"url":"https:\/\/www.24baires.com\/?p=122200","url_meta":{"origin":122153,"position":0},"title":"Finalmente, el Senado aprob\u00f3 la suspensi\u00f3n de las PASO en la Provincia","author":"GB","date":"15\/04\/2025","format":false,"excerpt":"Con el desdoblamiento de las elecciones confirmado, el Senado Bonaerense realiz\u00f3 la sesi\u00f3n especial y le dio media sanci\u00f3n al proyecto del Ejecutivo para suspender las PASO provinciales. Todos los bloques acompa\u00f1aron la iniciativa, el senador de UP Federico Fagioli (responde a Grabois) fue el \u00fanico que se abstuvo. Los\u2026","rel":"","context":"En \u00abProvincia\u00bb","block_context":{"text":"Provincia","link":"https:\/\/www.24baires.com\/?cat=40"},"img":{"alt_text":"","src":"https:\/\/i0.wp.com\/www.24baires.com\/wp-content\/uploads\/2025\/04\/senado-pba.jpg?resize=350%2C200","width":350,"height":200,"srcset":"https:\/\/i0.wp.com\/www.24baires.com\/wp-content\/uploads\/2025\/04\/senado-pba.jpg?resize=350%2C200 1x, https:\/\/i0.wp.com\/www.24baires.com\/wp-content\/uploads\/2025\/04\/senado-pba.jpg?resize=525%2C300 1.5x, https:\/\/i0.wp.com\/www.24baires.com\/wp-content\/uploads\/2025\/04\/senado-pba.jpg?resize=700%2C400 2x"},"classes":[]},{"id":103519,"url":"https:\/\/www.24baires.com\/?p=103519","url_meta":{"origin":122153,"position":1},"title":"Cambiemos en diputados comienza a negociar modificaciones a los recortes de fondos al turf","author":"Grupo Sierra","date":"25\/07\/2018","format":false,"excerpt":"Con aval del Ejecutivo, el oficialismo bonaerense en la c\u00e1mara de Diputados accedi\u00f3 a revisar el proyecto de ley que pretende recortar los aportes estatales al turf, luego de que la oposici\u00f3n peronista se abroquelara en rechazo a la propuesta y bloqueara el n\u00famero necesario para su aprobaci\u00f3n. Fuentes de\u2026","rel":"","context":"En \u00abProvincia\u00bb","block_context":{"text":"Provincia","link":"https:\/\/www.24baires.com\/?cat=40"},"img":{"alt_text":"","src":"https:\/\/i0.wp.com\/www.dib.com.ar\/gestion\/images\/blogmanagement\/noticias\/thumb\/5b57d76a689391532483434.jpg?resize=350%2C200","width":350,"height":200,"srcset":"https:\/\/i0.wp.com\/www.dib.com.ar\/gestion\/images\/blogmanagement\/noticias\/thumb\/5b57d76a689391532483434.jpg?resize=350%2C200 1x, https:\/\/i0.wp.com\/www.dib.com.ar\/gestion\/images\/blogmanagement\/noticias\/thumb\/5b57d76a689391532483434.jpg?resize=525%2C300 1.5x"},"classes":[]},{"id":122707,"url":"https:\/\/www.24baires.com\/?p=122707","url_meta":{"origin":122153,"position":2},"title":"Kicillof logr\u00f3 convertir en Ley el Presupuesto y la Impositiva, pero no junt\u00f3 los votos para el endeudamiento","author":"GB","date":"27\/11\/2025","format":false,"excerpt":"Luego de una marat\u00f3nica jornada de negociaciones, tanto Diputados como Senadores aprobaron el Presupuesto 2026 y la Ley Impositiva. El endeudamiento se tratar\u00e1 el viernes si el oficialismo consigue los dos tercios necesarios para aprobarlo. Finalmente, y con 9 horas de atraso, sesion\u00f3 Diputados, pero solo aprob\u00f3 el Presupuesto 2026\u2026","rel":"","context":"En \u00abProvincia\u00bb","block_context":{"text":"Provincia","link":"https:\/\/www.24baires.com\/?cat=40"},"img":{"alt_text":"","src":"https:\/\/i0.wp.com\/www.24baires.com\/wp-content\/uploads\/2019\/12\/diputados-bonaerenses.jpg?resize=350%2C200","width":350,"height":200,"srcset":"https:\/\/i0.wp.com\/www.24baires.com\/wp-content\/uploads\/2019\/12\/diputados-bonaerenses.jpg?resize=350%2C200 1x, https:\/\/i0.wp.com\/www.24baires.com\/wp-content\/uploads\/2019\/12\/diputados-bonaerenses.jpg?resize=525%2C300 1.5x, https:\/\/i0.wp.com\/www.24baires.com\/wp-content\/uploads\/2019\/12\/diputados-bonaerenses.jpg?resize=700%2C400 2x"},"classes":[]},{"id":102093,"url":"https:\/\/www.24baires.com\/?p=102093","url_meta":{"origin":122153,"position":3},"title":"Ingres\u00f3 al Senado el proyecto contra el tarifazo y denuncian a Cambiemos","author":"AF","date":"11\/05\/2018","format":false,"excerpt":"\"Va a ser intenci\u00f3n del oficialismo demorarlo, pero no va a haber dificultades para tener dictamen en dos o tres semanas\u201d, dijo el senador Marcelo Fuentes. La iniciativa obtuvo este mi\u00e9rcoles media sanci\u00f3n en Diputados. Luego de que la C\u00e1mara de Diputados diera media sanci\u00f3n el \u00faltimo mi\u00e9rcoles al proyecto\u2026","rel":"","context":"En \u00abPol\u00edtica\u00bb","block_context":{"text":"Pol\u00edtica","link":"https:\/\/www.24baires.com\/?cat=51"},"img":{"alt_text":"","src":"https:\/\/i0.wp.com\/www.24baires.com\/wp-content\/uploads\/2016\/08\/contra-tarifazo.jpg?resize=350%2C200","width":350,"height":200,"srcset":"https:\/\/i0.wp.com\/www.24baires.com\/wp-content\/uploads\/2016\/08\/contra-tarifazo.jpg?resize=350%2C200 1x, https:\/\/i0.wp.com\/www.24baires.com\/wp-content\/uploads\/2016\/08\/contra-tarifazo.jpg?resize=525%2C300 1.5x"},"classes":[]},{"id":122214,"url":"https:\/\/www.24baires.com\/?p=122214","url_meta":{"origin":122153,"position":4},"title":"Confirmado: no habr\u00e1 elecciones primarias en la Provincia durante 2025","author":"GB","date":"29\/04\/2025","format":false,"excerpt":"Con mas de dos tercios de los votos, la C\u00e1mara de Diputados le dio la media sanci\u00f3n que le falta al proyecto de la suspensi\u00f3n por el a\u00f1o 2025 PASO. Ma\u00f1ana sesionara la comisi\u00f3n de Reforma Pol\u00edtica para definir los plazos del cronograma electoral. La interna oficialista presente en los\u2026","rel":"","context":"En \u00abProvincia\u00bb","block_context":{"text":"Provincia","link":"https:\/\/www.24baires.com\/?cat=40"},"img":{"alt_text":"","src":"https:\/\/i0.wp.com\/www.24baires.com\/wp-content\/uploads\/2020\/09\/diputados-bonaerense.jpg?resize=350%2C200","width":350,"height":200,"srcset":"https:\/\/i0.wp.com\/www.24baires.com\/wp-content\/uploads\/2020\/09\/diputados-bonaerense.jpg?resize=350%2C200 1x, https:\/\/i0.wp.com\/www.24baires.com\/wp-content\/uploads\/2020\/09\/diputados-bonaerense.jpg?resize=525%2C300 1.5x, https:\/\/i0.wp.com\/www.24baires.com\/wp-content\/uploads\/2020\/09\/diputados-bonaerense.jpg?resize=700%2C400 2x"},"classes":[]},{"id":82882,"url":"https:\/\/www.24baires.com\/?p=82882","url_meta":{"origin":122153,"position":5},"title":"Diputados aprob\u00f3 el proyecto de ley de Emergencia Ocupacional","author":"AF","date":"19\/05\/2016","format":false,"excerpt":"La C\u00e1mara de Diputados aprob\u00f3 en general el proyecto de Ley de Emergencia Ocupacional, que prev\u00e9 la suspensi\u00f3n de despidos por 180 d\u00edas y la doble indemnizaci\u00f3n, en una votaci\u00f3n que arroj\u00f3 145 positivos, 3 negativos y 90 abstenciones. Esta posici\u00f3n del interbloque Cambiemos se dio en sinton\u00eda con el\u2026","rel":"","context":"En \u00abPol\u00edtica\u00bb","block_context":{"text":"Pol\u00edtica","link":"https:\/\/www.24baires.com\/?cat=51"},"img":{"alt_text":"diputados","src":"https:\/\/i0.wp.com\/www.24baires.com\/wp-content\/uploads\/2016\/03\/diputados.jpg?resize=350%2C200","width":350,"height":200,"srcset":"https:\/\/i0.wp.com\/www.24baires.com\/wp-content\/uploads\/2016\/03\/diputados.jpg?resize=350%2C200 1x, https:\/\/i0.wp.com\/www.24baires.com\/wp-content\/uploads\/2016\/03\/diputados.jpg?resize=525%2C300 1.5x"},"classes":[]}],"jetpack_sharing_enabled":true,"jetpack_likes_enabled":true,"_links":{"self":[{"href":"https:\/\/www.24baires.com\/index.php?rest_route=\/wp\/v2\/posts\/122153","targetHints":{"allow":["GET"]}}],"collection":[{"href":"https:\/\/www.24baires.com\/index.php?rest_route=\/wp\/v2\/posts"}],"about":[{"href":"https:\/\/www.24baires.com\/index.php?rest_route=\/wp\/v2\/types\/post"}],"author":[{"embeddable":true,"href":"https:\/\/www.24baires.com\/index.php?rest_route=\/wp\/v2\/users\/8"}],"replies":[{"embeddable":true,"href":"https:\/\/www.24baires.com\/index.php?rest_route=%2Fwp%2Fv2%2Fcomments&post=122153"}],"version-history":[{"count":1,"href":"https:\/\/www.24baires.com\/index.php?rest_route=\/wp\/v2\/posts\/122153\/revisions"}],"predecessor-version":[{"id":122154,"href":"https:\/\/www.24baires.com\/index.php?rest_route=\/wp\/v2\/posts\/122153\/revisions\/122154"}],"wp:attachment":[{"href":"https:\/\/www.24baires.com\/index.php?rest_route=%2Fwp%2Fv2%2Fmedia&parent=122153"}],"wp:term":[{"taxonomy":"category","embeddable":true,"href":"https:\/\/www.24baires.com\/index.php?rest_route=%2Fwp%2Fv2%2Fcategories&post=122153"},{"taxonomy":"post_tag","embeddable":true,"href":"https:\/\/www.24baires.com\/index.php?rest_route=%2Fwp%2Fv2%2Ftags&post=122153"}],"curies":[{"name":"wp","href":"https:\/\/api.w.org\/{rel}","templated":true}]}}