{"id":122150,"date":"2025-03-19T06:40:47","date_gmt":"2025-03-19T09:40:47","guid":{"rendered":"https:\/\/www.24baires.com\/?p=122150"},"modified":"2025-03-19T06:40:47","modified_gmt":"2025-03-19T09:40:47","slug":"gran-despliegue-policial-ante-una-nueva-macha-de-jubilados","status":"publish","type":"post","link":"https:\/\/www.24baires.com\/?p=122150","title":{"rendered":"Gran despliegue policial ante una nueva macha de jubilados"},"content":{"rendered":"<p><img data-recalc-dims=\"1\" loading=\"lazy\" decoding=\"async\" class=\"aligncenter wp-image-122151\" src=\"https:\/\/i0.wp.com\/www.24baires.com\/wp-content\/uploads\/2025\/03\/jubilados-represion.jpg?resize=720%2C480\" alt=\"\" width=\"720\" height=\"480\" srcset=\"https:\/\/i0.wp.com\/www.24baires.com\/wp-content\/uploads\/2025\/03\/jubilados-represion.jpg?w=1280&amp;ssl=1 1280w, https:\/\/i0.wp.com\/www.24baires.com\/wp-content\/uploads\/2025\/03\/jubilados-represion.jpg?resize=300%2C200&amp;ssl=1 300w, https:\/\/i0.wp.com\/www.24baires.com\/wp-content\/uploads\/2025\/03\/jubilados-represion.jpg?resize=1024%2C682&amp;ssl=1 1024w, https:\/\/i0.wp.com\/www.24baires.com\/wp-content\/uploads\/2025\/03\/jubilados-represion.jpg?resize=768%2C512&amp;ssl=1 768w\" sizes=\"auto, (max-width: 720px) 100vw, 720px\" \/>El Gobierno porte\u00f1o montar\u00e1 un fuerte operativo policial con 900 efectivos, cortes de tr\u00e1nsito y vallado total alrededor del Congreso.<!--more--><\/p>\n<p>El Gobierno de la Ciudad de Buenos Aires desplegar\u00e1 este mi\u00e9rcoles 19 de marzo un operativo de seguridad con 900 efectivos de la Polic\u00eda porte\u00f1a, en el marco de una nueva movilizaci\u00f3n frente al Congreso convocada por organizaciones de jubilados, movimientos sociales y agrupaciones sindicales. La medida se enmarca en una estrategia oficial que vuelve a priorizar la presencia policial por sobre el di\u00e1logo con los sectores movilizados.<\/p>\n<p>Detalles del operativo<br \/>\nDesde las 9 de la ma\u00f1ana, se interrumpir\u00e1 completamente el tr\u00e1nsito en un per\u00edmetro comprendido por las calles Paran\u00e1, S\u00e1enz Pe\u00f1a, Bartolom\u00e9 Mitre, Ayacucho, Sarand\u00ed y Adolfo Alsina. Adem\u00e1s, el Congreso permanecer\u00e1 totalmente vallado, sin circulaci\u00f3n habilitada ni para veh\u00edculos ni para peatones, lo que configura una escena ya habitual en cada jornada de protesta.<\/p>\n<p>A este despliegue se suman 600 agentes de tr\u00e1nsito, y el retiro nocturno de 350 contenedores de residuos en un radio m\u00e1s amplio, entre Sarmiento y Combate de los Pozos, y de Moreno hasta la Avenida 9 de Julio, una acci\u00f3n que seg\u00fan el Gobierno porte\u00f1o tendr\u00e1 un costo estimado de 66 millones de pesos. El retiro de los contenedores suele justificarse como medida preventiva, aunque se lo ha cuestionado por entenderlo como parte de una l\u00f3gica de blindaje y disuasi\u00f3n ante la protesta social.<\/p>\n<p>Desde el Ministerio de Seguridad de la Naci\u00f3n, conducido por Patricia Bullrich, no se brindaron precisiones sobre la cantidad de efectivos federales que podr\u00edan ser parte del operativo, aunque se prev\u00e9 la presencia de Gendarmer\u00eda y otras fuerzas. Tampoco se aclar\u00f3 cu\u00e1l ser\u00e1 el criterio de intervenci\u00f3n ante una movilizaci\u00f3n que ser\u00e1 monitoreada con recursos y dispositivos propios de situaciones de alto riesgo.<\/p>\n","protected":false},"excerpt":{"rendered":"<p>El Gobierno porte\u00f1o montar\u00e1 un fuerte operativo policial con 900 efectivos, cortes de tr\u00e1nsito y vallado total alrededor del Congreso.<\/p>\n","protected":false},"author":8,"featured_media":0,"comment_status":"closed","ping_status":"closed","sticky":false,"template":"","format":"standard","meta":{"_jetpack_newsletter_access":"","_jetpack_dont_email_post_to_subs":false,"_jetpack_newsletter_tier_id":0,"_jetpack_memberships_contains_paywalled_content":false,"_jetpack_memberships_contains_paid_content":false,"footnotes":""},"categories":[1],"tags":[],"class_list":["post-122150","post","type-post","status-publish","format-standard","hentry","category-sociedad"],"jetpack_featured_media_url":"","jetpack_shortlink":"https:\/\/wp.me\/p2JWE0-vMa","jetpack-related-posts":[{"id":102669,"url":"https:\/\/www.24baires.com\/?p=102669","url_meta":{"origin":122150,"position":0},"title":"El Gobierno partir\u00e1 en dos la Plaza del Congreso por las marchas del aborto","author":"AF","date":"11\/06\/2018","format":false,"excerpt":"Ser\u00e1 este mi\u00e9rcoles, cuando Diputados trate el proyecto de ley. Habr\u00e1 sectores con un vallado para evitar el contacto entre agrupaciones a favor y en contra del proyecto de despenalizaci\u00f3n del aborto. La Plaza del Congreso se dividir\u00e1 el pr\u00f3ximo mi\u00e9rcoles en dos sectores con un vallado para evitar el\u2026","rel":"","context":"En \u00abSociedad\u00bb","block_context":{"text":"Sociedad","link":"https:\/\/www.24baires.com\/?cat=1"},"img":{"alt_text":"","src":"https:\/\/i0.wp.com\/www.24baires.com\/wp-content\/uploads\/2018\/02\/aborto-congreso.jpg?resize=350%2C200","width":350,"height":200,"srcset":"https:\/\/i0.wp.com\/www.24baires.com\/wp-content\/uploads\/2018\/02\/aborto-congreso.jpg?resize=350%2C200 1x, https:\/\/i0.wp.com\/www.24baires.com\/wp-content\/uploads\/2018\/02\/aborto-congreso.jpg?resize=525%2C300 1.5x"},"classes":[]},{"id":122320,"url":"https:\/\/www.24baires.com\/?p=122320","url_meta":{"origin":122150,"position":1},"title":"Jubilados, m\u00e9dicos del Garrahan, piqueteros y feministas marchan al Congreso","author":"GB","date":"04\/06\/2025","format":false,"excerpt":"A la tradicional movilizaci\u00f3n de los mi\u00e9rcoles del sector pasivo se sumar\u00e1n otros espacios, entre ellos profesionales de la salud y el Colectivo Ni Una Menos, que cumple 10 a\u00f1os de existencia. Adem\u00e1s, movimientos sociales y sindicales tambi\u00e9n participar\u00e1n de la jornada. El Gobierno prepara un amplio operativo de seguridad.\u2026","rel":"","context":"En \u00abPol\u00edtica\u00bb","block_context":{"text":"Pol\u00edtica","link":"https:\/\/www.24baires.com\/?cat=51"},"img":{"alt_text":"","src":"https:\/\/i0.wp.com\/www.24baires.com\/wp-content\/uploads\/2025\/06\/protesta_congreso.jpg?resize=350%2C200","width":350,"height":200,"srcset":"https:\/\/i0.wp.com\/www.24baires.com\/wp-content\/uploads\/2025\/06\/protesta_congreso.jpg?resize=350%2C200 1x, https:\/\/i0.wp.com\/www.24baires.com\/wp-content\/uploads\/2025\/06\/protesta_congreso.jpg?resize=525%2C300 1.5x, https:\/\/i0.wp.com\/www.24baires.com\/wp-content\/uploads\/2025\/06\/protesta_congreso.jpg?resize=700%2C400 2x"},"classes":[]},{"id":99472,"url":"https:\/\/www.24baires.com\/?p=99472","url_meta":{"origin":122150,"position":2},"title":"La polic\u00eda requis\u00f3 a docentes que se acercan a manifestarse al Congreso","author":"GB","date":"18\/12\/2017","format":false,"excerpt":"Gremios docentes y Partidos de izquierda denunciaron que la Polic\u00eda Bonaerense est\u00e1 deteniendo micros que transportan a manifestantes desde La Plata hacia el centro porte\u00f1o, para revisar bolsos y mochilas. \"Hay un claro intento de evitar que lleguemos miles y miles a la plaza Congreso para repudiar este ajuste y\u2026","rel":"","context":"En \u00abSociedad\u00bb","block_context":{"text":"Sociedad","link":"https:\/\/www.24baires.com\/?cat=1"},"img":{"alt_text":"","src":"https:\/\/i0.wp.com\/www.24baires.com\/wp-content\/uploads\/2017\/12\/requisa-docentes.jpg?resize=350%2C200","width":350,"height":200,"srcset":"https:\/\/i0.wp.com\/www.24baires.com\/wp-content\/uploads\/2017\/12\/requisa-docentes.jpg?resize=350%2C200 1x, https:\/\/i0.wp.com\/www.24baires.com\/wp-content\/uploads\/2017\/12\/requisa-docentes.jpg?resize=525%2C300 1.5x"},"classes":[]},{"id":119274,"url":"https:\/\/www.24baires.com\/?p=119274","url_meta":{"origin":122150,"position":3},"title":"Repudian el accionar policial y adviertien que JxC \u00abpone en riesgo la democracia\u00bb","author":"AF","date":"29\/08\/2022","format":false,"excerpt":"Funcionarios y dirigentes del oficialismo criticaron el vallado y el cierre de accesos que dispuso la Polic\u00eda de la Ciudad en torno de la casa de Cristina Fern\u00e1ndez de Kirchner en Recoleta. Funcionarios, dirigentes y referentes del Frente de Todos (FdT) renovaron este lunes sus cr\u00edticas al accionar de la\u2026","rel":"","context":"En \u00abPol\u00edtica\u00bb","block_context":{"text":"Pol\u00edtica","link":"https:\/\/www.24baires.com\/?cat=51"},"img":{"alt_text":"","src":"https:\/\/i0.wp.com\/www.24baires.com\/wp-content\/uploads\/2022\/08\/casa-cfk.jpg?resize=350%2C200","width":350,"height":200,"srcset":"https:\/\/i0.wp.com\/www.24baires.com\/wp-content\/uploads\/2022\/08\/casa-cfk.jpg?resize=350%2C200 1x, https:\/\/i0.wp.com\/www.24baires.com\/wp-content\/uploads\/2022\/08\/casa-cfk.jpg?resize=525%2C300 1.5x, https:\/\/i0.wp.com\/www.24baires.com\/wp-content\/uploads\/2022\/08\/casa-cfk.jpg?resize=700%2C400 2x"},"classes":[]},{"id":99386,"url":"https:\/\/www.24baires.com\/?p=99386","url_meta":{"origin":122150,"position":4},"title":"Comenzaron las protestas contra la reforma previsional","author":"GB","date":"14\/12\/2017","format":false,"excerpt":"El primero de los cortes comenz\u00f3 en la esquina de Callao y Corriente. Desde la 11, se espera una importante movilizaci\u00f3n hacia el Congreso, en contra de la reforma jubilatoria que impulsa el Gobierno. Un fuerte operativo de seguridad se despleg\u00f3 desde esta madrugada en los alrededores del Congreso de\u2026","rel":"","context":"En \u00abPol\u00edtica\u00bb","block_context":{"text":"Pol\u00edtica","link":"https:\/\/www.24baires.com\/?cat=51"},"img":{"alt_text":"","src":"https:\/\/i0.wp.com\/www.24baires.com\/wp-content\/uploads\/2017\/12\/reforma-provicional.jpg?resize=350%2C200","width":350,"height":200,"srcset":"https:\/\/i0.wp.com\/www.24baires.com\/wp-content\/uploads\/2017\/12\/reforma-provicional.jpg?resize=350%2C200 1x, https:\/\/i0.wp.com\/www.24baires.com\/wp-content\/uploads\/2017\/12\/reforma-provicional.jpg?resize=525%2C300 1.5x"},"classes":[]},{"id":105106,"url":"https:\/\/www.24baires.com\/?p=105106","url_meta":{"origin":122150,"position":5},"title":"Liberaron a los 26 detenidos tras la represi\u00f3n","author":"GB","date":"25\/10\/2018","format":false,"excerpt":"Tras un d\u00eda caliente, los detenidos por la Polic\u00eda de la Ciudad fueron liberados por la madrugada pero ir\u00e1n a indagatoria. En la madrugada de este jueves liberaron a los 27 manifestantes que hab\u00edan sido detenidos en las inmediaciones del Congreso, en el marco de la protesta contra el proyecto\u2026","rel":"","context":"En \u00abPoliciales\u00bb","block_context":{"text":"Policiales","link":"https:\/\/www.24baires.com\/?cat=49"},"img":{"alt_text":"","src":"https:\/\/i0.wp.com\/www.24baires.com\/wp-content\/uploads\/2018\/10\/detenidos-congreso.jpg?resize=350%2C200","width":350,"height":200,"srcset":"https:\/\/i0.wp.com\/www.24baires.com\/wp-content\/uploads\/2018\/10\/detenidos-congreso.jpg?resize=350%2C200 1x, https:\/\/i0.wp.com\/www.24baires.com\/wp-content\/uploads\/2018\/10\/detenidos-congreso.jpg?resize=525%2C300 1.5x"},"classes":[]}],"jetpack_sharing_enabled":true,"jetpack_likes_enabled":true,"_links":{"self":[{"href":"https:\/\/www.24baires.com\/index.php?rest_route=\/wp\/v2\/posts\/122150","targetHints":{"allow":["GET"]}}],"collection":[{"href":"https:\/\/www.24baires.com\/index.php?rest_route=\/wp\/v2\/posts"}],"about":[{"href":"https:\/\/www.24baires.com\/index.php?rest_route=\/wp\/v2\/types\/post"}],"author":[{"embeddable":true,"href":"https:\/\/www.24baires.com\/index.php?rest_route=\/wp\/v2\/users\/8"}],"replies":[{"embeddable":true,"href":"https:\/\/www.24baires.com\/index.php?rest_route=%2Fwp%2Fv2%2Fcomments&post=122150"}],"version-history":[{"count":1,"href":"https:\/\/www.24baires.com\/index.php?rest_route=\/wp\/v2\/posts\/122150\/revisions"}],"predecessor-version":[{"id":122152,"href":"https:\/\/www.24baires.com\/index.php?rest_route=\/wp\/v2\/posts\/122150\/revisions\/122152"}],"wp:attachment":[{"href":"https:\/\/www.24baires.com\/index.php?rest_route=%2Fwp%2Fv2%2Fmedia&parent=122150"}],"wp:term":[{"taxonomy":"category","embeddable":true,"href":"https:\/\/www.24baires.com\/index.php?rest_route=%2Fwp%2Fv2%2Fcategories&post=122150"},{"taxonomy":"post_tag","embeddable":true,"href":"https:\/\/www.24baires.com\/index.php?rest_route=%2Fwp%2Fv2%2Ftags&post=122150"}],"curies":[{"name":"wp","href":"https:\/\/api.w.org\/{rel}","templated":true}]}}