{"id":122147,"date":"2025-03-17T06:33:20","date_gmt":"2025-03-17T09:33:20","guid":{"rendered":"https:\/\/www.24baires.com\/?p=122147"},"modified":"2025-03-17T06:33:20","modified_gmt":"2025-03-17T09:33:20","slug":"la-provincia-ya-fijo-la-fecha-para-las-paso-bonaerenses","status":"publish","type":"post","link":"https:\/\/www.24baires.com\/?p=122147","title":{"rendered":"La Provincia ya fij\u00f3 la fecha para las PASO bonaerenses"},"content":{"rendered":"<p><img data-recalc-dims=\"1\" loading=\"lazy\" decoding=\"async\" class=\"aligncenter wp-image-122148\" src=\"https:\/\/i0.wp.com\/www.24baires.com\/wp-content\/uploads\/2025\/03\/kici-perfil.webp?resize=720%2C481\" alt=\"\" width=\"720\" height=\"481\" srcset=\"https:\/\/i0.wp.com\/www.24baires.com\/wp-content\/uploads\/2025\/03\/kici-perfil.webp?w=800&amp;ssl=1 800w, https:\/\/i0.wp.com\/www.24baires.com\/wp-content\/uploads\/2025\/03\/kici-perfil.webp?resize=300%2C200&amp;ssl=1 300w, https:\/\/i0.wp.com\/www.24baires.com\/wp-content\/uploads\/2025\/03\/kici-perfil.webp?resize=768%2C513&amp;ssl=1 768w\" sizes=\"auto, (max-width: 720px) 100vw, 720px\" \/>Mientras tanto, el Gobernador espera que la Legislatura defina si suspender\u00e1 las primarias provinciales, tras la pol\u00e9mica decisi\u00f3n del Gobierno Nacional de suspenderlas a nivel nacional.<!--more--><\/p>\n<p>El Gobernador de la Provincia de Buenos Aires, Axel Kicillof, firm\u00f3 el Decreto 367\/2025, que convoca a las Elecciones Primarias, Abiertas, Simult\u00e1neas y Obligatorias (PASO) para el 13 de julio de 2025. El decreto fue firmado en el marco de las atribuciones que le confiere la Constituci\u00f3n bonaerense, y establece formalmente la fecha para los comicios primarios en la provincia, aunque la decisi\u00f3n sobre la suspensi\u00f3n de las PASO en el \u00e1mbito provincial sigue pendiente en la Legislatura.<\/p>\n<p>El contexto pol\u00edtico que rodea a esta convocatoria es complejo, ya que el Gobierno Nacional promovi\u00f3 la suspensi\u00f3n de las PASO a nivel nacional para el presente a\u00f1o, lo que gener\u00f3 un clima de incertidumbre. De hecho, varios proyectos de ley han sido presentados en la Legislatura Provincial para suspender las PASO en las categor\u00edas provinciales y municipales, con el objetivo de armonizar el sistema electoral de la provincia con el r\u00e9gimen que regir\u00e1 para la elecci\u00f3n de diputados nacionales.<\/p>\n<p>En la apertura de sesiones de la Legislatura Provincial, el Gobernador Kicillof expres\u00f3 su postura sobre la situaci\u00f3n: \u00abEntiendo que, dado el contexto, los argumentos en favor de suspender las PASO son m\u00e1s que razonables. En cualquier caso, la decisi\u00f3n le corresponde a esta Legislatura, y ser\u00e9 respetuoso de ello. Lo que les pido es celeridad\u00bb, subrayando que la decisi\u00f3n final recae sobre los legisladores, pero insistiendo en la necesidad de una pronta resoluci\u00f3n.<\/p>\n<p>A pesar de la falta de acuerdo en la Legislatura, Kicillof debi\u00f3 cumplir con la normativa vigente que establece la realizaci\u00f3n de las PASO en la provincia. De este modo, el Decreto 367\/2025 establece oficialmente la fecha de las primarias para el 13 de julio de 2025, mientras que el Poder Ejecutivo Provincial mantiene su posici\u00f3n respecto a la suspensi\u00f3n del r\u00e9gimen de las PASO para el pr\u00f3ximo a\u00f1o.<\/p>\n<p>El Gobernador tambi\u00e9n reiter\u00f3 que, hasta tanto la Legislatura defina su postura sobre la suspensi\u00f3n, se seguir\u00e1n adelante con los plazos y disposiciones necesarias para la correcta organizaci\u00f3n de los comicios generales previstos para 2025. En este sentido, Kicillof reitera la necesidad de adecuar el sistema electoral de la provincia para el buen desarrollo del proceso electoral.<\/p>\n","protected":false},"excerpt":{"rendered":"<p>Mientras tanto, el Gobernador espera que la Legislatura defina si suspender\u00e1 las primarias provinciales, tras la pol\u00e9mica decisi\u00f3n del Gobierno Nacional de suspenderlas a nivel nacional.<\/p>\n","protected":false},"author":8,"featured_media":0,"comment_status":"closed","ping_status":"closed","sticky":false,"template":"","format":"standard","meta":{"_jetpack_newsletter_access":"","_jetpack_dont_email_post_to_subs":false,"_jetpack_newsletter_tier_id":0,"_jetpack_memberships_contains_paywalled_content":false,"_jetpack_memberships_contains_paid_content":false,"footnotes":""},"categories":[40],"tags":[],"class_list":["post-122147","post","type-post","status-publish","format-standard","hentry","category-provincia"],"jetpack_featured_media_url":"","jetpack_shortlink":"https:\/\/wp.me\/p2JWE0-vM7","jetpack-related-posts":[{"id":122153,"url":"https:\/\/www.24baires.com\/?p=122153","url_meta":{"origin":122147,"position":0},"title":"Diputados de PBA se preparan para debatir la suspensi\u00f3n de las PASO","author":"GB","date":"20\/03\/2025","format":false,"excerpt":"Tras la presi\u00f3n de Axel Kicillof y en medio de una interna peronista que podr\u00eda dificultar el qu\u00f3rum, la Legislatura tratar\u00e1 algunos de los seis proyectos de ley y buscar\u00e1 definir c\u00f3mo se votar\u00e1 este a\u00f1o en la provincia. En medio de la interna del peronismo, la C\u00e1mara de Diputados\u2026","rel":"","context":"En \u00abProvincia\u00bb","block_context":{"text":"Provincia","link":"https:\/\/www.24baires.com\/?cat=40"},"img":{"alt_text":"","src":"https:\/\/i0.wp.com\/www.24baires.com\/wp-content\/uploads\/2022\/12\/camara-diputados-bonaerensejpg.jpg?resize=350%2C200","width":350,"height":200,"srcset":"https:\/\/i0.wp.com\/www.24baires.com\/wp-content\/uploads\/2022\/12\/camara-diputados-bonaerensejpg.jpg?resize=350%2C200 1x, https:\/\/i0.wp.com\/www.24baires.com\/wp-content\/uploads\/2022\/12\/camara-diputados-bonaerensejpg.jpg?resize=525%2C300 1.5x, https:\/\/i0.wp.com\/www.24baires.com\/wp-content\/uploads\/2022\/12\/camara-diputados-bonaerensejpg.jpg?resize=700%2C400 2x"},"classes":[]},{"id":117594,"url":"https:\/\/www.24baires.com\/?p=117594","url_meta":{"origin":122147,"position":1},"title":"El Senado aprob\u00f3 el pedido de Provincia para empezar a negociar por vacunas","author":"GB","date":"19\/05\/2021","format":false,"excerpt":"Tras la sesi\u00f3n del d\u00eda de la fecha, la solicitud del Gobernador obtuvo la aprobaci\u00f3n de la c\u00e1mara alta y se convirti\u00f3 en ley. El Senado de la provincia de Buenos Aires aprob\u00f3 por unanimidad esta tarde la solicitud del gobernador Axel Kicillof para que el ejecutivo bonaerense est\u00e9 facultado\u2026","rel":"","context":"En \u00abProvincia\u00bb","block_context":{"text":"Provincia","link":"https:\/\/www.24baires.com\/?cat=40"},"img":{"alt_text":"","src":"https:\/\/i0.wp.com\/www.24baires.com\/wp-content\/uploads\/2021\/05\/la-vacuna-sinopharm-podria-producirse-argentina-300x225.jpg?resize=350%2C200","width":350,"height":200},"classes":[]},{"id":120795,"url":"https:\/\/www.24baires.com\/?p=120795","url_meta":{"origin":122147,"position":2},"title":"La Provincia va a la Justicia para pedir la suspensi\u00f3n del mega DNU de Milei","author":"AF","date":"26\/12\/2023","format":false,"excerpt":"El defensor del Pueblo bonaerense, Guido Lorenzino, impugn\u00f3 judicialmente el decreto 70\/2023 ante los tribunales federales platenses. El planteo recay\u00f3 en el juzgado de Alberto Recondo. La Provincia de Buenos Aires (PBA) present\u00f3 su propio pedido para que se declare la inconstitucionalidad del Decreto de Necesidad y Urgencia (DNU) 70\/23,\u2026","rel":"","context":"En \u00abPol\u00edtica\u00bb","block_context":{"text":"Pol\u00edtica","link":"https:\/\/www.24baires.com\/?cat=51"},"img":{"alt_text":"","src":"https:\/\/i0.wp.com\/www.24baires.com\/wp-content\/uploads\/2023\/12\/javier_mieleijpg.webp?resize=350%2C200","width":350,"height":200,"srcset":"https:\/\/i0.wp.com\/www.24baires.com\/wp-content\/uploads\/2023\/12\/javier_mieleijpg.webp?resize=350%2C200 1x, https:\/\/i0.wp.com\/www.24baires.com\/wp-content\/uploads\/2023\/12\/javier_mieleijpg.webp?resize=525%2C300 1.5x, https:\/\/i0.wp.com\/www.24baires.com\/wp-content\/uploads\/2023\/12\/javier_mieleijpg.webp?resize=700%2C400 2x"},"classes":[]},{"id":110899,"url":"https:\/\/www.24baires.com\/?p=110899","url_meta":{"origin":122147,"position":3},"title":"Vidal firm\u00f3 la candidatura y buscar\u00e1 la reelecci\u00f3n en Provincia","author":"GB","date":"22\/06\/2019","format":false,"excerpt":"La gobernadora bonaerense buscar\u00e1 un nuevo mandato en las elecciones provinciales. Repetir\u00e1 la f\u00f3rmula junto al actual vicegobernador. La gobernadora bonaerense, Mar\u00eda Eugenia Vidal, firm\u00f3 este s\u00e1bado a la ma\u00f1ana la aceptaci\u00f3n de la candidatura por Juntos para el Cambio en la f\u00f3rmula en la que volver\u00e1 a ser acompa\u00f1ada\u2026","rel":"","context":"En \u00abElecciones\u00bb","block_context":{"text":"Elecciones","link":"https:\/\/www.24baires.com\/?cat=316"},"img":{"alt_text":"","src":"https:\/\/i0.wp.com\/www.24baires.com\/wp-content\/uploads\/2019\/06\/vidal.jpg?resize=350%2C200","width":350,"height":200,"srcset":"https:\/\/i0.wp.com\/www.24baires.com\/wp-content\/uploads\/2019\/06\/vidal.jpg?resize=350%2C200 1x, https:\/\/i0.wp.com\/www.24baires.com\/wp-content\/uploads\/2019\/06\/vidal.jpg?resize=525%2C300 1.5x"},"classes":[]},{"id":121067,"url":"https:\/\/www.24baires.com\/?p=121067","url_meta":{"origin":122147,"position":4},"title":"Por los recortes de Javier Milei, 60 escuelas bonaerenses se quedan sin jornada completa","author":"GB","date":"04\/03\/2024","format":false,"excerpt":"Lo decidi\u00f3 el ministerio de Educaci\u00f3n bonaerense tras la quita de fondos nacionales por parte de Javier Milei. Sesenta escuelas no pasar\u00e1n al modo de Jornada Completa. La quita de fondos a las provincias por parte de Javier Milei impactan de lleno en la educaci\u00f3n de las familias bonaerenses. Debido\u2026","rel":"","context":"En \u00abProvincia\u00bb","block_context":{"text":"Provincia","link":"https:\/\/www.24baires.com\/?cat=40"},"img":{"alt_text":"","src":"https:\/\/i0.wp.com\/www.24baires.com\/wp-content\/uploads\/2024\/03\/escuela-bonaerense.webp?resize=350%2C200","width":350,"height":200,"srcset":"https:\/\/i0.wp.com\/www.24baires.com\/wp-content\/uploads\/2024\/03\/escuela-bonaerense.webp?resize=350%2C200 1x, https:\/\/i0.wp.com\/www.24baires.com\/wp-content\/uploads\/2024\/03\/escuela-bonaerense.webp?resize=525%2C300 1.5x, https:\/\/i0.wp.com\/www.24baires.com\/wp-content\/uploads\/2024\/03\/escuela-bonaerense.webp?resize=700%2C400 2x"},"classes":[]},{"id":121059,"url":"https:\/\/www.24baires.com\/?p=121059","url_meta":{"origin":122147,"position":5},"title":"La Provincia se hizo cargo de la continuidad del Plan FinEs","author":"GB","date":"02\/03\/2024","format":false,"excerpt":"El gobernador Axel Kicillof, en colaboraci\u00f3n con los intendentes, garantizar\u00e1 en los municipios bonaerenses el programa educativo destinado a adultos. Con el aval del gobernador Axel Kicillof, el programa esencial para la educaci\u00f3n de adultos, Plan FinEs se volvi\u00f3 provincial, por lo que pese a la reconfiguraci\u00f3n a nivel nacional\u2026","rel":"","context":"En \u00abProvincia\u00bb","block_context":{"text":"Provincia","link":"https:\/\/www.24baires.com\/?cat=40"},"img":{"alt_text":"","src":"https:\/\/i0.wp.com\/www.24baires.com\/wp-content\/uploads\/2024\/03\/plan-fines-dos.jpg.webp?resize=350%2C200","width":350,"height":200,"srcset":"https:\/\/i0.wp.com\/www.24baires.com\/wp-content\/uploads\/2024\/03\/plan-fines-dos.jpg.webp?resize=350%2C200 1x, https:\/\/i0.wp.com\/www.24baires.com\/wp-content\/uploads\/2024\/03\/plan-fines-dos.jpg.webp?resize=525%2C300 1.5x, https:\/\/i0.wp.com\/www.24baires.com\/wp-content\/uploads\/2024\/03\/plan-fines-dos.jpg.webp?resize=700%2C400 2x"},"classes":[]}],"jetpack_sharing_enabled":true,"jetpack_likes_enabled":true,"_links":{"self":[{"href":"https:\/\/www.24baires.com\/index.php?rest_route=\/wp\/v2\/posts\/122147","targetHints":{"allow":["GET"]}}],"collection":[{"href":"https:\/\/www.24baires.com\/index.php?rest_route=\/wp\/v2\/posts"}],"about":[{"href":"https:\/\/www.24baires.com\/index.php?rest_route=\/wp\/v2\/types\/post"}],"author":[{"embeddable":true,"href":"https:\/\/www.24baires.com\/index.php?rest_route=\/wp\/v2\/users\/8"}],"replies":[{"embeddable":true,"href":"https:\/\/www.24baires.com\/index.php?rest_route=%2Fwp%2Fv2%2Fcomments&post=122147"}],"version-history":[{"count":1,"href":"https:\/\/www.24baires.com\/index.php?rest_route=\/wp\/v2\/posts\/122147\/revisions"}],"predecessor-version":[{"id":122149,"href":"https:\/\/www.24baires.com\/index.php?rest_route=\/wp\/v2\/posts\/122147\/revisions\/122149"}],"wp:attachment":[{"href":"https:\/\/www.24baires.com\/index.php?rest_route=%2Fwp%2Fv2%2Fmedia&parent=122147"}],"wp:term":[{"taxonomy":"category","embeddable":true,"href":"https:\/\/www.24baires.com\/index.php?rest_route=%2Fwp%2Fv2%2Fcategories&post=122147"},{"taxonomy":"post_tag","embeddable":true,"href":"https:\/\/www.24baires.com\/index.php?rest_route=%2Fwp%2Fv2%2Ftags&post=122147"}],"curies":[{"name":"wp","href":"https:\/\/api.w.org\/{rel}","templated":true}]}}