{"id":122120,"date":"2025-03-11T19:45:06","date_gmt":"2025-03-11T22:45:06","guid":{"rendered":"https:\/\/www.24baires.com\/?p=122120"},"modified":"2025-03-11T19:45:06","modified_gmt":"2025-03-11T22:45:06","slug":"kicillof-anuncio-un-plan-de-273-mil-millones-para-reparar-los-danos-en-bahia-blanca","status":"publish","type":"post","link":"https:\/\/www.24baires.com\/?p=122120","title":{"rendered":"Kicillof anunci\u00f3 un plan de $273 mil millones para reparar los da\u00f1os en Bah\u00eda Blanca"},"content":{"rendered":"<p><img data-recalc-dims=\"1\" loading=\"lazy\" decoding=\"async\" class=\"aligncenter wp-image-122121\" src=\"https:\/\/i0.wp.com\/www.24baires.com\/wp-content\/uploads\/2025\/03\/kici-bahia.jpg?resize=720%2C480\" alt=\"\" width=\"720\" height=\"480\" srcset=\"https:\/\/i0.wp.com\/www.24baires.com\/wp-content\/uploads\/2025\/03\/kici-bahia.jpg?w=1536&amp;ssl=1 1536w, https:\/\/i0.wp.com\/www.24baires.com\/wp-content\/uploads\/2025\/03\/kici-bahia.jpg?resize=300%2C200&amp;ssl=1 300w, https:\/\/i0.wp.com\/www.24baires.com\/wp-content\/uploads\/2025\/03\/kici-bahia.jpg?resize=1024%2C683&amp;ssl=1 1024w, https:\/\/i0.wp.com\/www.24baires.com\/wp-content\/uploads\/2025\/03\/kici-bahia.jpg?resize=768%2C513&amp;ssl=1 768w\" sizes=\"auto, (max-width: 720px) 100vw, 720px\" \/>La Provincia otorgar\u00e1 subsidios, cr\u00e9ditos a tasa subsidiada, materiales de construcci\u00f3n y cobertura de boletos de colectivo por 30 d\u00edas; entre otras medidas anunciadas.<!--more--><\/p>\n<p>El gobernador de la provincia de Buenos Aires, Axel Kicillof, anunci\u00f3 este martes una serie de medidas para paliar la situaci\u00f3n de emergencia que afronta Bah\u00eda Blanca y presenta un plan de acci\u00f3n para la reconstrucci\u00f3n de la localidad. La suma total de la ayuda econ\u00f3mica destinada a la ciudad asciende a 273 millones de pesos, cifra que incluye recursos para la recuperaci\u00f3n inmediata y proyectos a largo plazo de infraestructura y asistencia social.<\/p>\n<p>La conferencia dio inicio despu\u00e9s de las 18:00 en el Palacio Municipal de la ciudad del sur bonaerense. El mandatario provincial estuvo acompa\u00f1ado por el intendente local, Federico Susbielles.<\/p>\n<p>Las acciones incluyen ayuda financiera, compra de insumos y l\u00edneas de cr\u00e9dito para refacci\u00f3n de viviendas y equipos a trav\u00e9s del Banco Provincia, entre otras.<\/p>\n<p>Previamente, se llev\u00f3 a cabo una reuni\u00f3n del Comit\u00e9 de Crisis en la que particip\u00f3 Federico Susbielles, los ministros nacionales de Seguridad, Patricia Bullrich, y de Defensa, Luis Petri y el titular de la cartera bonaerense de Desarrollo de la Comunidad , Andr\u00e9s Larroque.<\/p>\n<p>El gobernador Axel Kicillof destac\u00f3 que la emergencia a\u00fan no termin\u00f3 y que las acciones del Estado contin\u00faan con intensidad en el territorio. \u201cTodav\u00eda no es tiempo de balances\u201d, dijo, y remarc\u00f3 que \u201chay zonas anegadas, familias evacuadas y personas desaparecidas\u201d, adem\u00e1s de la incertidumbre sobre la cantidad final de v\u00edctimas fatales. \u201cLo que tenemos que tener en cuenta es que se vivi\u00f3 una cat\u00e1strofe sin precedentes\u201d, remarc\u00f3.<\/p>\n<p>Kicillof evit\u00f3 confrontar pero apunt\u00f3 contra los discursos que minimizan el rol del cambio clim\u00e1tico en el desastre: \u201cEsto no es ni un castigo b\u00edblico ni una pel\u00edcula de terror, sino que es producto del cambio clim\u00e1tico\u201d. Y a\u00f1adi\u00f3: \u201cEventos como este hay que preverlos lo m\u00e1s posible y estar preparados, porque Bah\u00eda nos muestra que hay que prepararse para hechos absolutamente excepcionales\u201d.<\/p>\n","protected":false},"excerpt":{"rendered":"<p>La Provincia otorgar\u00e1 subsidios, cr\u00e9ditos a tasa subsidiada, materiales de construcci\u00f3n y cobertura de boletos de colectivo por 30 d\u00edas; entre otras medidas anunciadas.<\/p>\n","protected":false},"author":8,"featured_media":0,"comment_status":"closed","ping_status":"closed","sticky":false,"template":"","format":"standard","meta":{"_jetpack_newsletter_access":"","_jetpack_dont_email_post_to_subs":false,"_jetpack_newsletter_tier_id":0,"_jetpack_memberships_contains_paywalled_content":false,"_jetpack_memberships_contains_paid_content":false,"footnotes":""},"categories":[40],"tags":[],"class_list":["post-122120","post","type-post","status-publish","format-standard","hentry","category-provincia"],"jetpack_featured_media_url":"","jetpack_shortlink":"https:\/\/wp.me\/p2JWE0-vLG","jetpack-related-posts":[{"id":116577,"url":"https:\/\/www.24baires.com\/?p=116577","url_meta":{"origin":122120,"position":0},"title":"Kicillof anunci\u00f3 inversi\u00f3n para el puerto de Bah\u00eda Blanca","author":"GB","date":"30\/10\/2020","format":false,"excerpt":"El gobernador encabez\u00f3 la inauguraci\u00f3n del nuevo centro de log\u00edstica de la Cooperativa Obrera y anunci\u00f3 mejoras en la terminal portuaria El gobernador de la provincia, Axel Kicillof, visit\u00f3 este jueves la ciudad de Bah\u00eda Blanca, donde junto al ministro de Producci\u00f3n, Ciencia e Innovaci\u00f3n Tecnol\u00f3gica, Augusto Costa, encabez\u00f3 la\u2026","rel":"","context":"En \u00abMunicipios\u00bb","block_context":{"text":"Municipios","link":"https:\/\/www.24baires.com\/?cat=44"},"img":{"alt_text":"","src":"https:\/\/i0.wp.com\/www.24baires.com\/wp-content\/uploads\/2020\/10\/20201029185439_bb-para-web.jpg?resize=350%2C200","width":350,"height":200,"srcset":"https:\/\/i0.wp.com\/www.24baires.com\/wp-content\/uploads\/2020\/10\/20201029185439_bb-para-web.jpg?resize=350%2C200 1x, https:\/\/i0.wp.com\/www.24baires.com\/wp-content\/uploads\/2020\/10\/20201029185439_bb-para-web.jpg?resize=525%2C300 1.5x"},"classes":[]},{"id":120656,"url":"https:\/\/www.24baires.com\/?p=120656","url_meta":{"origin":122120,"position":1},"title":"Axel Kicillof anunci\u00f3 una mega inversi\u00f3n para el puerto de Bah\u00eda Blanca","author":"GB","date":"15\/11\/2023","format":false,"excerpt":"El gobernador bonaerense, Axel Kicillof, encabez\u00f3 un acto para anunciar inversiones mil millonarias en el puerto de Bah\u00eda Blanca. Junto con autoridades de YPF y el intendente electo de Bah\u00eda Blanca, Federico Susbielles, el gobernador de la provincia de Buenos Aires, Axel Kicillof, anuncia un acuerdo con una empresa china.\u2026","rel":"","context":"En \u00abProvincia\u00bb","block_context":{"text":"Provincia","link":"https:\/\/www.24baires.com\/?cat=40"},"img":{"alt_text":"","src":"https:\/\/i0.wp.com\/www.24baires.com\/wp-content\/uploads\/2023\/11\/kicillof-obras.webp?resize=350%2C200","width":350,"height":200,"srcset":"https:\/\/i0.wp.com\/www.24baires.com\/wp-content\/uploads\/2023\/11\/kicillof-obras.webp?resize=350%2C200 1x, https:\/\/i0.wp.com\/www.24baires.com\/wp-content\/uploads\/2023\/11\/kicillof-obras.webp?resize=525%2C300 1.5x, https:\/\/i0.wp.com\/www.24baires.com\/wp-content\/uploads\/2023\/11\/kicillof-obras.webp?resize=700%2C400 2x"},"classes":[]},{"id":100424,"url":"https:\/\/www.24baires.com\/?p=100424","url_meta":{"origin":122120,"position":2},"title":"Bah\u00eda Blanca: Vidal anuncia una inversi\u00f3n de 11 mil millones de pesos para obras viales","author":"GB","date":"08\/02\/2018","format":false,"excerpt":"La gobernadora de la provincia de Buenos Aires encabezar\u00e1 un acto para presentar un proyecto que pretende mejorar la seguridad vial, conectividad y transporte. La gobernadora de la provincia de Buenos Aires, Mar\u00eda Eugenia Vidal, anunciar\u00e1 en Bah\u00eda Blanca un plan de obras viales para 2018 con una inversi\u00f3n de\u2026","rel":"","context":"En \u00abMunicipios\u00bb","block_context":{"text":"Municipios","link":"https:\/\/www.24baires.com\/?cat=44"},"img":{"alt_text":"","src":"https:\/\/i0.wp.com\/www.24baires.com\/wp-content\/uploads\/2018\/01\/vidal-anuncios.jpg?resize=350%2C200","width":350,"height":200,"srcset":"https:\/\/i0.wp.com\/www.24baires.com\/wp-content\/uploads\/2018\/01\/vidal-anuncios.jpg?resize=350%2C200 1x, https:\/\/i0.wp.com\/www.24baires.com\/wp-content\/uploads\/2018\/01\/vidal-anuncios.jpg?resize=525%2C300 1.5x"},"classes":[]},{"id":121488,"url":"https:\/\/www.24baires.com\/?p=121488","url_meta":{"origin":122120,"position":3},"title":"Bianco confirm\u00f3 que el RIGI bonaerense: \u00abEst\u00e1 avanzado\u00bb","author":"GB","date":"30\/07\/2024","format":false,"excerpt":"El ministro Carlos Bianco defendi\u00f3 la elecci\u00f3n de Bah\u00eda Blanca para la planta de Gas Natural Licuado (GNL) y anunci\u00f3 una invitaci\u00f3n a los bloques opositores para visitar la ciudad y conocer de cerca el proyecto. Los ministros bonaerenses del Gabinete del gobernador Axel Kicillof participaron nuevamente de la conferencia\u2026","rel":"","context":"En \u00abPol\u00edtica\u00bb","block_context":{"text":"Pol\u00edtica","link":"https:\/\/www.24baires.com\/?cat=51"},"img":{"alt_text":"","src":"https:\/\/i0.wp.com\/www.24baires.com\/wp-content\/uploads\/2020\/06\/bianco-1.jpg?resize=350%2C200","width":350,"height":200,"srcset":"https:\/\/i0.wp.com\/www.24baires.com\/wp-content\/uploads\/2020\/06\/bianco-1.jpg?resize=350%2C200 1x, https:\/\/i0.wp.com\/www.24baires.com\/wp-content\/uploads\/2020\/06\/bianco-1.jpg?resize=525%2C300 1.5x, https:\/\/i0.wp.com\/www.24baires.com\/wp-content\/uploads\/2020\/06\/bianco-1.jpg?resize=700%2C400 2x"},"classes":[]},{"id":121495,"url":"https:\/\/www.24baires.com\/?p=121495","url_meta":{"origin":122120,"position":4},"title":"Finalmente la planta de GNL se instalar\u00e1 en R\u00edo Negro: Kicillof brindar\u00e1 una coferencia de prensa","author":"GB","date":"31\/07\/2024","format":false,"excerpt":"Tras varias semanas de disputa, la provincia de R\u00edo Negro finalmente fue elegida por YPF para construir la Planta de GNL. As\u00ed, Bah\u00eda Blanca qued\u00f3 descartada. El directorio de YPF eligi\u00f3 a R\u00edo Negro para realizar la inversi\u00f3n m\u00e1s grande de la historia del pa\u00eds, confirmaron fuentes de la petrolera\u2026","rel":"","context":"En \u00abProvincia\u00bb","block_context":{"text":"Provincia","link":"https:\/\/www.24baires.com\/?cat=40"},"img":{"alt_text":"","src":"https:\/\/i0.wp.com\/www.24baires.com\/wp-content\/uploads\/2022\/07\/kicillof.jpg?resize=350%2C200","width":350,"height":200,"srcset":"https:\/\/i0.wp.com\/www.24baires.com\/wp-content\/uploads\/2022\/07\/kicillof.jpg?resize=350%2C200 1x, https:\/\/i0.wp.com\/www.24baires.com\/wp-content\/uploads\/2022\/07\/kicillof.jpg?resize=525%2C300 1.5x, https:\/\/i0.wp.com\/www.24baires.com\/wp-content\/uploads\/2022\/07\/kicillof.jpg?resize=700%2C400 2x"},"classes":[]},{"id":117510,"url":"https:\/\/www.24baires.com\/?p=117510","url_meta":{"origin":122120,"position":5},"title":"Provincia suspendi\u00f3 las clases en Bah\u00eda Blanca","author":"GB","date":"03\/05\/2021","format":false,"excerpt":"La medida entrar\u00e1 en vigencia el lunes. Gran malestar de la comunidad educativa y familias de Bah\u00eda Blanca La Provincia confirm\u00f3 la suspensi\u00f3n de clases en Bah\u00eda Blanca a partir de este lunes, por ahora por tiempo indefinido. Si bien la novedad no gener\u00f3 sorpresa, ya que Naci\u00f3n hab\u00eda ubicado\u2026","rel":"","context":"En \u00abLocales\u00bb","block_context":{"text":"Locales","link":"https:\/\/www.24baires.com\/?cat=38"},"img":{"alt_text":"","src":"https:\/\/i0.wp.com\/www.24baires.com\/wp-content\/uploads\/2014\/03\/aula-vac%C3%ADa.jpg?resize=350%2C200","width":350,"height":200,"srcset":"https:\/\/i0.wp.com\/www.24baires.com\/wp-content\/uploads\/2014\/03\/aula-vac%C3%ADa.jpg?resize=350%2C200 1x, https:\/\/i0.wp.com\/www.24baires.com\/wp-content\/uploads\/2014\/03\/aula-vac%C3%ADa.jpg?resize=525%2C300 1.5x"},"classes":[]}],"jetpack_sharing_enabled":true,"jetpack_likes_enabled":true,"_links":{"self":[{"href":"https:\/\/www.24baires.com\/index.php?rest_route=\/wp\/v2\/posts\/122120","targetHints":{"allow":["GET"]}}],"collection":[{"href":"https:\/\/www.24baires.com\/index.php?rest_route=\/wp\/v2\/posts"}],"about":[{"href":"https:\/\/www.24baires.com\/index.php?rest_route=\/wp\/v2\/types\/post"}],"author":[{"embeddable":true,"href":"https:\/\/www.24baires.com\/index.php?rest_route=\/wp\/v2\/users\/8"}],"replies":[{"embeddable":true,"href":"https:\/\/www.24baires.com\/index.php?rest_route=%2Fwp%2Fv2%2Fcomments&post=122120"}],"version-history":[{"count":1,"href":"https:\/\/www.24baires.com\/index.php?rest_route=\/wp\/v2\/posts\/122120\/revisions"}],"predecessor-version":[{"id":122122,"href":"https:\/\/www.24baires.com\/index.php?rest_route=\/wp\/v2\/posts\/122120\/revisions\/122122"}],"wp:attachment":[{"href":"https:\/\/www.24baires.com\/index.php?rest_route=%2Fwp%2Fv2%2Fmedia&parent=122120"}],"wp:term":[{"taxonomy":"category","embeddable":true,"href":"https:\/\/www.24baires.com\/index.php?rest_route=%2Fwp%2Fv2%2Fcategories&post=122120"},{"taxonomy":"post_tag","embeddable":true,"href":"https:\/\/www.24baires.com\/index.php?rest_route=%2Fwp%2Fv2%2Ftags&post=122120"}],"curies":[{"name":"wp","href":"https:\/\/api.w.org\/{rel}","templated":true}]}}