{"id":122064,"date":"2025-02-20T08:27:14","date_gmt":"2025-02-20T11:27:14","guid":{"rendered":"https:\/\/www.24baires.com\/?p=122064"},"modified":"2025-02-20T08:27:14","modified_gmt":"2025-02-20T11:27:14","slug":"desde-chascomus-kicillof-defendio-su-gestion-no-paralizamos-ni-una-obra","status":"publish","type":"post","link":"https:\/\/www.24baires.com\/?p=122064","title":{"rendered":"Desde Chascom\u00fas Kicillof defendi\u00f3 su gesti\u00f3n: \u201cNo paralizamos ni una obra\u201d"},"content":{"rendered":"<p><img data-recalc-dims=\"1\" loading=\"lazy\" decoding=\"async\" class=\"aligncenter wp-image-122065\" src=\"https:\/\/i0.wp.com\/www.24baires.com\/wp-content\/uploads\/2025\/02\/kici-chascomus.jpg?resize=720%2C480\" alt=\"\" width=\"720\" height=\"480\" srcset=\"https:\/\/i0.wp.com\/www.24baires.com\/wp-content\/uploads\/2025\/02\/kici-chascomus.jpg?w=1536&amp;ssl=1 1536w, https:\/\/i0.wp.com\/www.24baires.com\/wp-content\/uploads\/2025\/02\/kici-chascomus.jpg?resize=300%2C200&amp;ssl=1 300w, https:\/\/i0.wp.com\/www.24baires.com\/wp-content\/uploads\/2025\/02\/kici-chascomus.jpg?resize=1024%2C683&amp;ssl=1 1024w, https:\/\/i0.wp.com\/www.24baires.com\/wp-content\/uploads\/2025\/02\/kici-chascomus.jpg?resize=768%2C512&amp;ssl=1 768w\" sizes=\"auto, (max-width: 720px) 100vw, 720px\" \/>El Gobernador inaugur\u00f3 la Casa de la Provincia en Chascom\u00fas y defendi\u00f3 un modelo econ\u00f3mico alejado de la especulaci\u00f3n financiera.<!--more--><\/p>\n<p>El gobernador de la provincia de Buenos Aires, Axel Kicillof, encabez\u00f3 este mi\u00e9rcoles la inauguraci\u00f3n de la nueva Casa de la Provincia en el municipio de Chascom\u00fas, en un acto que tambi\u00e9n incluy\u00f3 la entrega de 528 t\u00edtulos de propiedad gratuitos a familias de la localidad. Acompa\u00f1ado por la jefa de Asesores, Cristina \u00c1lvarez Rodr\u00edguez; la ministra de H\u00e1bitat y Desarrollo Urbano, Silvina Batakis; y otros ministros, Kicillof destac\u00f3 la importancia de la presencia del Estado en cada rinc\u00f3n de la provincia.<\/p>\n<p>Durante su discurso, el Gobernador remarc\u00f3: \u201cEsta Casa de la Provincia que estamos inaugurando confirma nuestra convicci\u00f3n y nuestra voluntad: trabajamos por un Estado presente, eficiente y cerca de la comunidad\u201d. Adem\u00e1s, remarc\u00f3 que su gesti\u00f3n sigue avanzando en obras y proyectos a pesar de los desaf\u00edos econ\u00f3micos, destacando que en Buenos Aires no se ha paralizado ninguna obra, contrario a lo que se podr\u00eda esperar en tiempos de crisis. \u201cNo estamos dispuestos a cortar los sue\u00f1os de los bonaerenses\u201d, afirm\u00f3.<\/p>\n","protected":false},"excerpt":{"rendered":"<p>El Gobernador inaugur\u00f3 la Casa de la Provincia en Chascom\u00fas y defendi\u00f3 un modelo econ\u00f3mico alejado de la especulaci\u00f3n financiera.<\/p>\n","protected":false},"author":8,"featured_media":0,"comment_status":"closed","ping_status":"closed","sticky":false,"template":"","format":"standard","meta":{"_jetpack_newsletter_access":"","_jetpack_dont_email_post_to_subs":false,"_jetpack_newsletter_tier_id":0,"_jetpack_memberships_contains_paywalled_content":false,"_jetpack_memberships_contains_paid_content":false,"footnotes":""},"categories":[40],"tags":[],"class_list":["post-122064","post","type-post","status-publish","format-standard","hentry","category-provincia"],"jetpack_featured_media_url":"","jetpack_shortlink":"https:\/\/wp.me\/p2JWE0-vKM","jetpack-related-posts":[{"id":121867,"url":"https:\/\/www.24baires.com\/?p=121867","url_meta":{"origin":122064,"position":0},"title":"Kicillof celebrar\u00e1 la amistad entre la Argentina y Brasil desde Chascom\u00fas","author":"GB","date":"03\/12\/2024","format":false,"excerpt":"El Gobernador reforzar\u00e1 el buen v\u00ednculo que mantiene con el pa\u00eds del norte en la fecha conmemorativa del abrazo entre Ra\u00fal Alfons\u00edn y Jos\u00e9 Sarney y el v\u00ednculo que posibilit\u00f3 la consolidaci\u00f3n del Mercosur. El Gobernador bonaerense Axel Kicillof estar\u00e1 en Chascom\u00fas este martes 3 de diciembre para celebrar el\u2026","rel":"","context":"En \u00abProvincia\u00bb","block_context":{"text":"Provincia","link":"https:\/\/www.24baires.com\/?cat=40"},"img":{"alt_text":"","src":"https:\/\/i0.wp.com\/www.24baires.com\/wp-content\/uploads\/2024\/12\/kici-bandera-brasil.webp?resize=350%2C200","width":350,"height":200,"srcset":"https:\/\/i0.wp.com\/www.24baires.com\/wp-content\/uploads\/2024\/12\/kici-bandera-brasil.webp?resize=350%2C200 1x, https:\/\/i0.wp.com\/www.24baires.com\/wp-content\/uploads\/2024\/12\/kici-bandera-brasil.webp?resize=525%2C300 1.5x, https:\/\/i0.wp.com\/www.24baires.com\/wp-content\/uploads\/2024\/12\/kici-bandera-brasil.webp?resize=700%2C400 2x"},"classes":[]},{"id":116287,"url":"https:\/\/www.24baires.com\/?p=116287","url_meta":{"origin":122064,"position":1},"title":"Kicillof prev\u00e9 \u00abla mejor temporada tur\u00edstica posible\u00bb a pesar de la pandemia","author":"AF","date":"21\/09\/2020","format":false,"excerpt":"El gobernador encabez\u00f3 este lunes el anuncio del Fondo Especial para la Reactivaci\u00f3n Cultural y Tur\u00edstica, donde cont\u00f3 que est\u00e1 trabajando con todos los intendentes para poner en marcha la temporada. Durante el anuncio de un Fondo Especial de 300 millones de pesos para la Reactivaci\u00f3n Cultural y Tur\u00edstica en\u2026","rel":"","context":"En \u00abProvincia\u00bb","block_context":{"text":"Provincia","link":"https:\/\/www.24baires.com\/?cat=40"},"img":{"alt_text":"","src":"https:\/\/i0.wp.com\/www.24baires.com\/wp-content\/uploads\/2020\/07\/gollan-kicillof.jpg?resize=350%2C200","width":350,"height":200,"srcset":"https:\/\/i0.wp.com\/www.24baires.com\/wp-content\/uploads\/2020\/07\/gollan-kicillof.jpg?resize=350%2C200 1x, https:\/\/i0.wp.com\/www.24baires.com\/wp-content\/uploads\/2020\/07\/gollan-kicillof.jpg?resize=525%2C300 1.5x"},"classes":[]},{"id":115784,"url":"https:\/\/www.24baires.com\/?p=115784","url_meta":{"origin":122064,"position":2},"title":"Provincia busca reactivar la econom\u00eda a trav\u00e9s de la obra p\u00fablica","author":"AF","date":"29\/07\/2020","format":false,"excerpt":"El gobernador bonaerense anunci\u00f3 trabajos viales, de agua y saneamiento en m\u00e1s de 40 municipios,que se realizar\u00e1n en conjunto con el Gobierno Nacional. El gobernador de la provincia de Buenos Aires, Axel Kicillof, junto al ministro de Obras P\u00fablicas de la Naci\u00f3n, Gabriel Katopodis, y su par provincial, Agust\u00edn Simone,\u2026","rel":"","context":"En \u00abProvincia\u00bb","block_context":{"text":"Provincia","link":"https:\/\/www.24baires.com\/?cat=40"},"img":{"alt_text":"","src":"https:\/\/i0.wp.com\/www.24baires.com\/wp-content\/uploads\/2020\/07\/kicillof-zoom.jpeg?resize=350%2C200","width":350,"height":200,"srcset":"https:\/\/i0.wp.com\/www.24baires.com\/wp-content\/uploads\/2020\/07\/kicillof-zoom.jpeg?resize=350%2C200 1x, https:\/\/i0.wp.com\/www.24baires.com\/wp-content\/uploads\/2020\/07\/kicillof-zoom.jpeg?resize=525%2C300 1.5x"},"classes":[]},{"id":122416,"url":"https:\/\/www.24baires.com\/?p=122416","url_meta":{"origin":122064,"position":3},"title":"Kicillof inaugur\u00f3 la primera planta de energ\u00eda renovable de la provincia","author":"GB","date":"17\/07\/2025","format":false,"excerpt":"La gesti\u00f3n del gobernador vuelve a demostrar que, con un Estado presente, se pueden impulsar pol\u00edticas que cambian el rumbo energ\u00e9tico, generan empleo y apuestan al desarrollo sostenible de la provincia. La provincia de Buenos Aires marc\u00f3 un hito con la inauguraci\u00f3n de la primera planta de energ\u00eda renovable ubicada\u2026","rel":"","context":"En \u00abProvincia\u00bb","block_context":{"text":"Provincia","link":"https:\/\/www.24baires.com\/?cat=40"},"img":{"alt_text":"","src":"https:\/\/i0.wp.com\/www.24baires.com\/wp-content\/uploads\/2025\/07\/kici-inaugura.webp?resize=350%2C200","width":350,"height":200,"srcset":"https:\/\/i0.wp.com\/www.24baires.com\/wp-content\/uploads\/2025\/07\/kici-inaugura.webp?resize=350%2C200 1x, https:\/\/i0.wp.com\/www.24baires.com\/wp-content\/uploads\/2025\/07\/kici-inaugura.webp?resize=525%2C300 1.5x, https:\/\/i0.wp.com\/www.24baires.com\/wp-content\/uploads\/2025\/07\/kici-inaugura.webp?resize=700%2C400 2x"},"classes":[]},{"id":121785,"url":"https:\/\/www.24baires.com\/?p=121785","url_meta":{"origin":122064,"position":4},"title":"Kicillof dio inicio a los Juegos Bonaerenses: \u00abno es un gasto, es una inversi\u00f3n\u00bb","author":"GB","date":"29\/10\/2024","format":false,"excerpt":"El gobernador Kicillof inaugur\u00f3 los Juegos Bonaerenses en Mar del Plata, destacando un r\u00e9cord de participaci\u00f3n y una nueva infraestructura educativa en la ciudad. El gobernador de la Provincia de Buenos Aires, Axel Kicillof, encabez\u00f3 este lunes en Mar del Plata la apertura de la 33\u00aa edici\u00f3n de los Juegos\u2026","rel":"","context":"En \u00abProvincia\u00bb","block_context":{"text":"Provincia","link":"https:\/\/www.24baires.com\/?cat=40"},"img":{"alt_text":"","src":"https:\/\/i0.wp.com\/www.24baires.com\/wp-content\/uploads\/2024\/10\/kici-bonaerenses.webp?resize=350%2C200","width":350,"height":200,"srcset":"https:\/\/i0.wp.com\/www.24baires.com\/wp-content\/uploads\/2024\/10\/kici-bonaerenses.webp?resize=350%2C200 1x, https:\/\/i0.wp.com\/www.24baires.com\/wp-content\/uploads\/2024\/10\/kici-bonaerenses.webp?resize=525%2C300 1.5x, https:\/\/i0.wp.com\/www.24baires.com\/wp-content\/uploads\/2024\/10\/kici-bonaerenses.webp?resize=700%2C400 2x"},"classes":[]},{"id":121551,"url":"https:\/\/www.24baires.com\/?p=121551","url_meta":{"origin":122064,"position":5},"title":"Kicillof: \u00abNosotros no podemos salir a dar conferencias, estamos con los intendentes\u00bb","author":"GB","date":"16\/08\/2024","format":false,"excerpt":"El gobernador Axel Kicilof reuni\u00f3 a casi un centenar de alcaldes de todos los colores pol\u00edticos y sell\u00f3 el pago de otra cuota del fondo de fortalecimiento. Una foto de la unidad frente a Milei y una deuda con la Provincia de \"1 mill\u00f3n 800 mil millones de pesos\". El\u2026","rel":"","context":"En \u00abProvincia\u00bb","block_context":{"text":"Provincia","link":"https:\/\/www.24baires.com\/?cat=40"},"img":{"alt_text":"","src":"https:\/\/i0.wp.com\/www.24baires.com\/wp-content\/uploads\/2023\/10\/kicillof.webp?resize=350%2C200","width":350,"height":200,"srcset":"https:\/\/i0.wp.com\/www.24baires.com\/wp-content\/uploads\/2023\/10\/kicillof.webp?resize=350%2C200 1x, https:\/\/i0.wp.com\/www.24baires.com\/wp-content\/uploads\/2023\/10\/kicillof.webp?resize=525%2C300 1.5x, https:\/\/i0.wp.com\/www.24baires.com\/wp-content\/uploads\/2023\/10\/kicillof.webp?resize=700%2C400 2x"},"classes":[]}],"jetpack_sharing_enabled":true,"jetpack_likes_enabled":true,"_links":{"self":[{"href":"https:\/\/www.24baires.com\/index.php?rest_route=\/wp\/v2\/posts\/122064","targetHints":{"allow":["GET"]}}],"collection":[{"href":"https:\/\/www.24baires.com\/index.php?rest_route=\/wp\/v2\/posts"}],"about":[{"href":"https:\/\/www.24baires.com\/index.php?rest_route=\/wp\/v2\/types\/post"}],"author":[{"embeddable":true,"href":"https:\/\/www.24baires.com\/index.php?rest_route=\/wp\/v2\/users\/8"}],"replies":[{"embeddable":true,"href":"https:\/\/www.24baires.com\/index.php?rest_route=%2Fwp%2Fv2%2Fcomments&post=122064"}],"version-history":[{"count":1,"href":"https:\/\/www.24baires.com\/index.php?rest_route=\/wp\/v2\/posts\/122064\/revisions"}],"predecessor-version":[{"id":122066,"href":"https:\/\/www.24baires.com\/index.php?rest_route=\/wp\/v2\/posts\/122064\/revisions\/122066"}],"wp:attachment":[{"href":"https:\/\/www.24baires.com\/index.php?rest_route=%2Fwp%2Fv2%2Fmedia&parent=122064"}],"wp:term":[{"taxonomy":"category","embeddable":true,"href":"https:\/\/www.24baires.com\/index.php?rest_route=%2Fwp%2Fv2%2Fcategories&post=122064"},{"taxonomy":"post_tag","embeddable":true,"href":"https:\/\/www.24baires.com\/index.php?rest_route=%2Fwp%2Fv2%2Ftags&post=122064"}],"curies":[{"name":"wp","href":"https:\/\/api.w.org\/{rel}","templated":true}]}}