{"id":122022,"date":"2025-02-03T08:28:56","date_gmt":"2025-02-03T11:28:56","guid":{"rendered":"https:\/\/www.24baires.com\/?p=122022"},"modified":"2025-02-03T08:28:56","modified_gmt":"2025-02-03T11:28:56","slug":"temporada-libertaria-25-menos-consumo-y-caida-del-63-en-turismo","status":"publish","type":"post","link":"https:\/\/www.24baires.com\/?p=122022","title":{"rendered":"Temporada libertaria: 25% menos consumo y ca\u00edda del 6,3% en turismo"},"content":{"rendered":"<p><img data-recalc-dims=\"1\" loading=\"lazy\" decoding=\"async\" class=\"aligncenter wp-image-17044\" src=\"https:\/\/i0.wp.com\/www.24baires.com\/wp-content\/uploads\/2013\/02\/mar-del-plata-playa.jpg?resize=720%2C480\" alt=\"\" width=\"720\" height=\"480\" srcset=\"https:\/\/i0.wp.com\/www.24baires.com\/wp-content\/uploads\/2013\/02\/mar-del-plata-playa.jpg?w=510&amp;ssl=1 510w, https:\/\/i0.wp.com\/www.24baires.com\/wp-content\/uploads\/2013\/02\/mar-del-plata-playa.jpg?resize=300%2C200&amp;ssl=1 300w\" sizes=\"auto, (max-width: 720px) 100vw, 720px\" \/>Desde el Producci\u00f3n, Ciencia e Innovaci\u00f3n Tecnol\u00f3gica revelaron las cifras del retroceso que enfrenta la actividad tur\u00edstica en los partidos de la costa.<!--more--><\/p>\n<p>El ministro de Producci\u00f3n, Ciencia e Innovaci\u00f3n Tecnol\u00f3gica bonaerense, Augusto Costa, asegur\u00f3 que el turismo en la provincia cay\u00f3 un 6,3% entre el 1 de diciembre y el 31 de enero, en comparaci\u00f3n con el mismo per\u00edodo del a\u00f1o anterior. \u00abLos n\u00fameros de la temporada son preocupantes\u00bb, alert\u00f3.<\/p>\n<p>Las cifras que describen el panorama se\u00f1alaron una baja del 25% del consumo, lo que afecta directamente a los productores y comerciantes que generan sus ganacias mediante la actividad tur\u00edstica, especialmente aquellos de los partidos de la Costa Atl\u00e1ntica. \u00abEl consumo cay\u00f3 dr\u00e1sticamente en los \u00faltimos dos meses\u201d, advirti\u00f3 el ministro.<\/p>\n<p>El gasto promedio que se registr\u00f3 mediante Cuenta DNI en comercios y negocios del sector cay\u00f3 un 28%, mientras que el monto promedio de cada transacci\u00f3n se redujo un 12%. El uso de tarjetas de cr\u00e9dito y d\u00e9bito tambi\u00e9n demostr\u00f3 una contraccion, con un 14% menos.<\/p>\n<p>\u00abEn t\u00e9rminos generales, la actividad econ\u00f3mica vinculada al sector se redujo un 25% en comparaci\u00f3n con el verano pasado, afectando especialmente a los municipios que dependen del turismo como principal fuente de ingresos\u00bb En este contexto, afirm\u00f3 que \u00abla actividad tur\u00edstica en la provincia de Buenos Aires muestra un retroceso\u00bb.<\/p>\n<p>\u00abLas estad\u00edas fueron m\u00e1s cortas y la promoci\u00f3n de viajes al exterior impulsada por el gobierno nacional tuvo un impacto negativo en el turismo interno\u00bb, explic\u00f3.<\/p>\n<p>Los n\u00fameros de recesi\u00f3n fueron adjudicados desde el gabinete bonaerense a una crisis econ\u00f3mica del sector medio y bajo por las pol\u00edticas libertarias del Gobierno nacional. La presentaci\u00f3n del balance tur\u00edstico se enmarc\u00f3 en la segunda Conferencia de Verano, donde el mandatario provincial, Axel Kicillof, dirigi\u00f3 sus cr\u00edticas a Javier Milei por el desaliento a la producci\u00f3n nacional y la p\u00e9rdida de poder adquisitivo de los salarios.<\/p>\n","protected":false},"excerpt":{"rendered":"<p>Desde el Producci\u00f3n, Ciencia e Innovaci\u00f3n Tecnol\u00f3gica revelaron las cifras del retroceso que enfrenta la actividad tur\u00edstica en los partidos de la costa.<\/p>\n","protected":false},"author":8,"featured_media":0,"comment_status":"closed","ping_status":"closed","sticky":false,"template":"","format":"standard","meta":{"_jetpack_newsletter_access":"","_jetpack_dont_email_post_to_subs":false,"_jetpack_newsletter_tier_id":0,"_jetpack_memberships_contains_paywalled_content":false,"_jetpack_memberships_contains_paid_content":false,"footnotes":""},"categories":[1],"tags":[],"class_list":["post-122022","post","type-post","status-publish","format-standard","hentry","category-sociedad"],"jetpack_featured_media_url":"","jetpack_shortlink":"https:\/\/wp.me\/p2JWE0-vK6","jetpack-related-posts":[{"id":122840,"url":"https:\/\/www.24baires.com\/?p=122840","url_meta":{"origin":122022,"position":0},"title":"Menos turistas, estad\u00edas m\u00e1s cortas y fuerte ca\u00edda del consumo en la temporada de verano","author":"GB","date":"29\/01\/2026","format":false,"excerpt":"Seg\u00fan datos presentados por el ministro Augusto Costa, la temporada registra menos visitantes, estad\u00edas m\u00e1s cortas y una ca\u00edda del 25% en el consumo tur\u00edstico. La temporada de verano en la provincia de Buenos Aires muestra se\u00f1ales claras de retroceso en comparaci\u00f3n con a\u00f1os anteriores, con menos visitantes, estad\u00edas m\u00e1s\u2026","rel":"","context":"En \u00abTurismo\u00bb","block_context":{"text":"Turismo","link":"https:\/\/www.24baires.com\/?cat=69"},"img":{"alt_text":"","src":"https:\/\/i0.wp.com\/www.24baires.com\/wp-content\/uploads\/2026\/01\/laguna-puan-turismopuanjpg-5.jpg?resize=350%2C200","width":350,"height":200,"srcset":"https:\/\/i0.wp.com\/www.24baires.com\/wp-content\/uploads\/2026\/01\/laguna-puan-turismopuanjpg-5.jpg?resize=350%2C200 1x, https:\/\/i0.wp.com\/www.24baires.com\/wp-content\/uploads\/2026\/01\/laguna-puan-turismopuanjpg-5.jpg?resize=525%2C300 1.5x, https:\/\/i0.wp.com\/www.24baires.com\/wp-content\/uploads\/2026\/01\/laguna-puan-turismopuanjpg-5.jpg?resize=700%2C400 2x"},"classes":[]},{"id":122689,"url":"https:\/\/www.24baires.com\/?p=122689","url_meta":{"origin":122022,"position":1},"title":"Provincia lanza promociones y cr\u00e9ditos para reactivar el turismo","author":"GB","date":"06\/11\/2025","format":false,"excerpt":"El gobierno bonaerense present\u00f3 un paquete de beneficios con cr\u00e9ditos, descuentos y promociones para incentivar el turismo y el consumo en la Costa Atl\u00e1ntica. Con el objetivo de incentivar el consumo y sostener la actividad tur\u00edstica en un contexto econ\u00f3mico adverso, el ministro de Producci\u00f3n, Ciencia e Innovaci\u00f3n Tecnol\u00f3gica bonaerense,\u2026","rel":"","context":"En \u00abProvincia\u00bb","block_context":{"text":"Provincia","link":"https:\/\/www.24baires.com\/?cat=40"},"img":{"alt_text":"","src":"https:\/\/i0.wp.com\/www.24baires.com\/wp-content\/uploads\/2025\/11\/turismo-mar-del-plata-invierno-rambla-lobo-marinojpg-1.jpg?resize=350%2C200","width":350,"height":200,"srcset":"https:\/\/i0.wp.com\/www.24baires.com\/wp-content\/uploads\/2025\/11\/turismo-mar-del-plata-invierno-rambla-lobo-marinojpg-1.jpg?resize=350%2C200 1x, https:\/\/i0.wp.com\/www.24baires.com\/wp-content\/uploads\/2025\/11\/turismo-mar-del-plata-invierno-rambla-lobo-marinojpg-1.jpg?resize=525%2C300 1.5x, https:\/\/i0.wp.com\/www.24baires.com\/wp-content\/uploads\/2025\/11\/turismo-mar-del-plata-invierno-rambla-lobo-marinojpg-1.jpg?resize=700%2C400 2x"},"classes":[]},{"id":119701,"url":"https:\/\/www.24baires.com\/?p=119701","url_meta":{"origin":122022,"position":2},"title":"Miramar: Kicillof present\u00f3 la tercera edici\u00f3n del programa Viajes de Fin de Curso","author":"GB","date":"05\/01\/2023","format":false,"excerpt":"Fue durante una Conferencia de Verano donde Axel Kicillof estuvo junto al intendente Sebasti\u00e1n Ianantuony, el ministro Augusto Costa y la presidenta del Instituto Cultural, Florencia Saintout, donde adem\u00e1s resaltaron las pol\u00edticas implementadas en esta temporada de verano. El gobernador de la provincia de Buenos Aires, Axel Kicillof, encabez\u00f3 un\u2026","rel":"","context":"En \u00abProvincia\u00bb","block_context":{"text":"Provincia","link":"https:\/\/www.24baires.com\/?cat=40"},"img":{"alt_text":"","src":"https:\/\/i0.wp.com\/www.24baires.com\/wp-content\/uploads\/2023\/01\/recreo-1-e1672920752890.jpg?resize=350%2C200","width":350,"height":200,"srcset":"https:\/\/i0.wp.com\/www.24baires.com\/wp-content\/uploads\/2023\/01\/recreo-1-e1672920752890.jpg?resize=350%2C200 1x, https:\/\/i0.wp.com\/www.24baires.com\/wp-content\/uploads\/2023\/01\/recreo-1-e1672920752890.jpg?resize=525%2C300 1.5x, https:\/\/i0.wp.com\/www.24baires.com\/wp-content\/uploads\/2023\/01\/recreo-1-e1672920752890.jpg?resize=700%2C400 2x"},"classes":[]},{"id":121464,"url":"https:\/\/www.24baires.com\/?p=121464","url_meta":{"origin":122022,"position":3},"title":"Provincia anunci\u00f3 medidas para reforzar al sector tur\u00edstico","author":"GB","date":"08\/07\/2024","format":false,"excerpt":"Tras la poca actividad que percibi\u00f3 el sector durante el \u00faltimo semestre, el ministro de Producci\u00f3n detall\u00f3 cu\u00e1les ser\u00e1n los ejes para impulsar el flujo tur\u00edstico de cara a las vacaciones de invierno. Desde el Banco Provincia anunciaron varios beneficios en Cuenta DNI para julio. En medio de una marcada\u2026","rel":"","context":"En \u00abProvincia\u00bb","block_context":{"text":"Provincia","link":"https:\/\/www.24baires.com\/?cat=40"},"img":{"alt_text":"","src":"https:\/\/i0.wp.com\/www.24baires.com\/wp-content\/uploads\/2024\/07\/turismo-pba.webp?resize=350%2C200","width":350,"height":200,"srcset":"https:\/\/i0.wp.com\/www.24baires.com\/wp-content\/uploads\/2024\/07\/turismo-pba.webp?resize=350%2C200 1x, https:\/\/i0.wp.com\/www.24baires.com\/wp-content\/uploads\/2024\/07\/turismo-pba.webp?resize=525%2C300 1.5x, https:\/\/i0.wp.com\/www.24baires.com\/wp-content\/uploads\/2024\/07\/turismo-pba.webp?resize=700%2C400 2x"},"classes":[]},{"id":119559,"url":"https:\/\/www.24baires.com\/?p=119559","url_meta":{"origin":122022,"position":4},"title":"El fin de semana largo registr\u00f3 un 80% de ocupaci\u00f3n hotelera en la Provincia","author":"GB","date":"18\/11\/2022","format":false,"excerpt":"El aumento de la temperatura comienza a movilizar el turismo costero de la Provincia por lo que, este fin de semana largo, las reservas para hospedajes dispararon. Con el comienzo del calor veraniego en la Provincia de Buenos Aires, este fin de semana se registr\u00f3 un nivel de reservas de\u2026","rel":"","context":"En \u00abProvincia\u00bb","block_context":{"text":"Provincia","link":"https:\/\/www.24baires.com\/?cat=40"},"img":{"alt_text":"","src":"https:\/\/i0.wp.com\/www.24baires.com\/wp-content\/uploads\/2020\/05\/mar-del-plata.jpg?resize=350%2C200","width":350,"height":200,"srcset":"https:\/\/i0.wp.com\/www.24baires.com\/wp-content\/uploads\/2020\/05\/mar-del-plata.jpg?resize=350%2C200 1x, https:\/\/i0.wp.com\/www.24baires.com\/wp-content\/uploads\/2020\/05\/mar-del-plata.jpg?resize=525%2C300 1.5x, https:\/\/i0.wp.com\/www.24baires.com\/wp-content\/uploads\/2020\/05\/mar-del-plata.jpg?resize=700%2C400 2x"},"classes":[]},{"id":118059,"url":"https:\/\/www.24baires.com\/?p=118059","url_meta":{"origin":122022,"position":5},"title":"El gobierno bonaerense lanza cr\u00e9ditos para cooperativas","author":"GB","date":"28\/09\/2021","format":false,"excerpt":"El ministro de producci\u00f3n de la Provincia de Buenos Aires Augusto Costa presenta pol\u00edticas de reactivaci\u00f3n, en este caso cr\u00e9ditos para cooperativas. En el marco de poder profundizar y reactivar la producci\u00f3n de la provincia de Buenos Aires, el Gobierno de Axel Kicillof lanza hoy un nuevo programa de cr\u00e9ditos\u2026","rel":"","context":"En \u00abProvincia\u00bb","block_context":{"text":"Provincia","link":"https:\/\/www.24baires.com\/?cat=40"},"img":{"alt_text":"","src":"https:\/\/i0.wp.com\/www.24baires.com\/wp-content\/uploads\/2021\/09\/ministro-de-produccion.jpg?resize=350%2C200","width":350,"height":200,"srcset":"https:\/\/i0.wp.com\/www.24baires.com\/wp-content\/uploads\/2021\/09\/ministro-de-produccion.jpg?resize=350%2C200 1x, https:\/\/i0.wp.com\/www.24baires.com\/wp-content\/uploads\/2021\/09\/ministro-de-produccion.jpg?resize=525%2C300 1.5x"},"classes":[]}],"jetpack_sharing_enabled":true,"jetpack_likes_enabled":true,"_links":{"self":[{"href":"https:\/\/www.24baires.com\/index.php?rest_route=\/wp\/v2\/posts\/122022","targetHints":{"allow":["GET"]}}],"collection":[{"href":"https:\/\/www.24baires.com\/index.php?rest_route=\/wp\/v2\/posts"}],"about":[{"href":"https:\/\/www.24baires.com\/index.php?rest_route=\/wp\/v2\/types\/post"}],"author":[{"embeddable":true,"href":"https:\/\/www.24baires.com\/index.php?rest_route=\/wp\/v2\/users\/8"}],"replies":[{"embeddable":true,"href":"https:\/\/www.24baires.com\/index.php?rest_route=%2Fwp%2Fv2%2Fcomments&post=122022"}],"version-history":[{"count":1,"href":"https:\/\/www.24baires.com\/index.php?rest_route=\/wp\/v2\/posts\/122022\/revisions"}],"predecessor-version":[{"id":122023,"href":"https:\/\/www.24baires.com\/index.php?rest_route=\/wp\/v2\/posts\/122022\/revisions\/122023"}],"wp:attachment":[{"href":"https:\/\/www.24baires.com\/index.php?rest_route=%2Fwp%2Fv2%2Fmedia&parent=122022"}],"wp:term":[{"taxonomy":"category","embeddable":true,"href":"https:\/\/www.24baires.com\/index.php?rest_route=%2Fwp%2Fv2%2Fcategories&post=122022"},{"taxonomy":"post_tag","embeddable":true,"href":"https:\/\/www.24baires.com\/index.php?rest_route=%2Fwp%2Fv2%2Ftags&post=122022"}],"curies":[{"name":"wp","href":"https:\/\/api.w.org\/{rel}","templated":true}]}}