{"id":121998,"date":"2025-01-24T08:59:58","date_gmt":"2025-01-24T11:59:58","guid":{"rendered":"https:\/\/www.24baires.com\/?p=121998"},"modified":"2025-01-24T08:59:58","modified_gmt":"2025-01-24T11:59:58","slug":"la-provincia-alcanzo-los-niveles-de-mortalidad-infantil-mas-bajos-de-su-historia","status":"publish","type":"post","link":"https:\/\/www.24baires.com\/?p=121998","title":{"rendered":"La Provincia alcanz\u00f3 los niveles de mortalidad infantil m\u00e1s bajos de su historia"},"content":{"rendered":"<p><img data-recalc-dims=\"1\" loading=\"lazy\" decoding=\"async\" class=\"aligncenter wp-image-121999\" src=\"https:\/\/i0.wp.com\/www.24baires.com\/wp-content\/uploads\/2025\/01\/exelll.jpg?resize=720%2C480\" alt=\"\" width=\"720\" height=\"480\" srcset=\"https:\/\/i0.wp.com\/www.24baires.com\/wp-content\/uploads\/2025\/01\/exelll.jpg?w=887&amp;ssl=1 887w, https:\/\/i0.wp.com\/www.24baires.com\/wp-content\/uploads\/2025\/01\/exelll.jpg?resize=300%2C200&amp;ssl=1 300w, https:\/\/i0.wp.com\/www.24baires.com\/wp-content\/uploads\/2025\/01\/exelll.jpg?resize=768%2C512&amp;ssl=1 768w\" sizes=\"auto, (max-width: 720px) 100vw, 720px\" \/>El r\u00e9cord fue anunciado por el ministro de Salud de la provincia de Buenos Aires, Nicol\u00e1s Kreplak<!--more--><\/p>\n<p>El sistema de salud de la provincia de Buenos Aires est\u00e1 de festejo tras alcanzar un r\u00e9cord. Seg\u00fan cont\u00f3 el ministro de Salud bonaerense, Nicol\u00e1s Kreplak, los niveles de mortalidad infantil actuales son los \u201cm\u00e1s bajos de la historia\u201d. Qu\u00e9 significa esto.<\/p>\n<p>La mortalidad infantil es un dato que mide la cantidad de ni\u00f1os y ni\u00f1as menores de un a\u00f1o que fallecen. \u201cEs un indicador sanitario integral que incluye factores de desarrollo social como la vivienda, el acceso a la salud y la alimentaci\u00f3n\u201d, explic\u00f3 Kreplak.<\/p>\n<p>Cuando comenz\u00f3 el gobierno de Axel Kicillof, all\u00e1 por el 2019, los \u00edndices marcaban 9,1 fallecidos por cada 1000 nacidos. Tras una \u201ctendencia decreciente\u201d sostenida, en 2023 baj\u00f3 a 7,6 en 2023.<\/p>\n<p>Seg\u00fan explic\u00f3 el funcionario, una de las claves para bajar este indicador fue \u201cla implementaci\u00f3n del Plan Quinquenal Bonaerense\u201c. Esto incluy\u00f3 mejoras en las redes de derivaci\u00f3n perinatal y pedi\u00e1trica, la vuelta del programa Qunita y aumento de las terapias intensivas neonatales y pedi\u00e1tricas.<\/p>\n<p>A nivel nacional, este r\u00e9cord se alcanz\u00f3 en 2021. Hacia febrero de 2023, la por entonces ministra de Salud, Carla Vizzotti, anunci\u00f3 en el Consejo Federal de Salud que \u201cArgentina volvi\u00f3 a la tendencia de reducci\u00f3n de un punto porcentual y alcanz\u00f3 el m\u00ednimo hist\u00f3rico en este indicador\u201d.<\/p>\n<p>Las cifras oficiales de aquel entonces contabilizaron 4.238 defunciones en total lo que represent\u00f3 una baja del 6% con respecto a 2020. De esta manera, la tasa de mortalidad infantil (cantidad de fallecimientos cada mil nacidos) bajo a 8 y cay\u00f3 un punto respecto al 9,2 registrado en 2019.<\/p>\n","protected":false},"excerpt":{"rendered":"<p>El r\u00e9cord fue anunciado por el ministro de Salud de la provincia de Buenos Aires, Nicol\u00e1s Kreplak<\/p>\n","protected":false},"author":8,"featured_media":0,"comment_status":"closed","ping_status":"closed","sticky":false,"template":"","format":"standard","meta":{"_jetpack_newsletter_access":"","_jetpack_dont_email_post_to_subs":false,"_jetpack_newsletter_tier_id":0,"_jetpack_memberships_contains_paywalled_content":false,"_jetpack_memberships_contains_paid_content":false,"footnotes":""},"categories":[40],"tags":[],"class_list":["post-121998","post","type-post","status-publish","format-standard","hentry","category-provincia"],"jetpack_featured_media_url":"","jetpack_shortlink":"https:\/\/wp.me\/p2JWE0-vJI","jetpack-related-posts":[{"id":97866,"url":"https:\/\/www.24baires.com\/?p=97866","url_meta":{"origin":121998,"position":0},"title":"Se increment\u00f3 la tasa de mortalidad infantil tras varios a\u00f1os de baja sostenida","author":"AF","date":"04\/10\/2017","format":false,"excerpt":"La tasa de mortalidad infantil en la provincia de Buenos Aires creci\u00f3 cuatro cent\u00e9simas en 2016. Y si bien el incremento es leve, toma especial relevancia si se tiene en cuenta que el indicador ven\u00eda de una baja ininterrumpida desde 2010, seg\u00fan cifras estad\u00edsticas publicadas por el Ministerio de Salud\u2026","rel":"","context":"En \u00abLocales\u00bb","block_context":{"text":"Locales","link":"https:\/\/www.24baires.com\/?cat=38"},"img":{"alt_text":"","src":"https:\/\/i0.wp.com\/www.24baires.com\/wp-content\/uploads\/2014\/04\/beb%C3%A9-nacido-mano.jpg?resize=350%2C200","width":350,"height":200,"srcset":"https:\/\/i0.wp.com\/www.24baires.com\/wp-content\/uploads\/2014\/04\/beb%C3%A9-nacido-mano.jpg?resize=350%2C200 1x, https:\/\/i0.wp.com\/www.24baires.com\/wp-content\/uploads\/2014\/04\/beb%C3%A9-nacido-mano.jpg?resize=525%2C300 1.5x"},"classes":[]},{"id":120909,"url":"https:\/\/www.24baires.com\/?p=120909","url_meta":{"origin":121998,"position":1},"title":"La Provincia sali\u00f3 a defender el aborto legal","author":"GB","date":"26\/01\/2024","format":false,"excerpt":"Tanto el ministro de Salud bonaerense, Nicolas Kreplak, como su par de Mujeres defendieron la ley de aborto legal. La escena pol\u00edtica nacional est\u00e1 convulsionada por los debates de la ley \u00f3mnibus y el mega DNU, la administraci\u00f3n libertaria tir\u00f3 otra bomba. A trav\u00e9s del procurador del Tesoro de la\u2026","rel":"","context":"En \u00abProvincia\u00bb","block_context":{"text":"Provincia","link":"https:\/\/www.24baires.com\/?cat=40"},"img":{"alt_text":"","src":"https:\/\/i0.wp.com\/www.24baires.com\/wp-content\/uploads\/2024\/01\/salud-provincia.webp?resize=350%2C200","width":350,"height":200,"srcset":"https:\/\/i0.wp.com\/www.24baires.com\/wp-content\/uploads\/2024\/01\/salud-provincia.webp?resize=350%2C200 1x, https:\/\/i0.wp.com\/www.24baires.com\/wp-content\/uploads\/2024\/01\/salud-provincia.webp?resize=525%2C300 1.5x, https:\/\/i0.wp.com\/www.24baires.com\/wp-content\/uploads\/2024\/01\/salud-provincia.webp?resize=700%2C400 2x"},"classes":[]},{"id":116417,"url":"https:\/\/www.24baires.com\/?p=116417","url_meta":{"origin":121998,"position":2},"title":"Kreplak asegura que bajan los casos en el AMBA, pero sigue siendo un \u00abfoco irradiador\u00bb","author":"AF","date":"07\/10\/2020","format":false,"excerpt":"El viceministro de Salud bonaerense sostuvo que \"cualquier decisi\u00f3n que se vaya a tomar\" en relaci\u00f3n al regreso a las aulas debe ser \"con este paraguas y con esta responsabilidad\". El viceministro de Salud bonaerense, Nicol\u00e1s Kreplak, asegur\u00f3 que el n\u00famero de casos de coronavirus en el \u00c1rea Metropolitana de\u2026","rel":"","context":"En \u00abProvincia\u00bb","block_context":{"text":"Provincia","link":"https:\/\/www.24baires.com\/?cat=40"},"img":{"alt_text":"","src":"https:\/\/i0.wp.com\/www.24baires.com\/wp-content\/uploads\/2013\/07\/barbijos.jpg?resize=350%2C200","width":350,"height":200,"srcset":"https:\/\/i0.wp.com\/www.24baires.com\/wp-content\/uploads\/2013\/07\/barbijos.jpg?resize=350%2C200 1x, https:\/\/i0.wp.com\/www.24baires.com\/wp-content\/uploads\/2013\/07\/barbijos.jpg?resize=525%2C300 1.5x"},"classes":[]},{"id":120858,"url":"https:\/\/www.24baires.com\/?p=120858","url_meta":{"origin":121998,"position":3},"title":"Kicillof se reuni\u00f3 con el sector farmac\u00e9utico para analizar el impacto del DNU","author":"GB","date":"12\/01\/2024","format":false,"excerpt":"El gobernador bonaerense, Axel Kicillof y el ministro de la Salud, Nicol\u00e1s Kreplak, recibieron a representantes farmac\u00e9uticos para analizar el impacto del DNU en el sector. Ante el mega DNU de Javier Milei para desregularizar la econom\u00eda, el gobernador bonaerense Axel Kicillof se est\u00e1 reuniendo con los sectores m\u00e1s afectados\u2026","rel":"","context":"En \u00abProvincia\u00bb","block_context":{"text":"Provincia","link":"https:\/\/www.24baires.com\/?cat=40"},"img":{"alt_text":"","src":"https:\/\/i0.wp.com\/www.24baires.com\/wp-content\/uploads\/2024\/01\/kici-farmaceuticos.jpg?resize=350%2C200","width":350,"height":200,"srcset":"https:\/\/i0.wp.com\/www.24baires.com\/wp-content\/uploads\/2024\/01\/kici-farmaceuticos.jpg?resize=350%2C200 1x, https:\/\/i0.wp.com\/www.24baires.com\/wp-content\/uploads\/2024\/01\/kici-farmaceuticos.jpg?resize=525%2C300 1.5x, https:\/\/i0.wp.com\/www.24baires.com\/wp-content\/uploads\/2024\/01\/kici-farmaceuticos.jpg?resize=700%2C400 2x"},"classes":[]},{"id":118094,"url":"https:\/\/www.24baires.com\/?p=118094","url_meta":{"origin":121998,"position":4},"title":"Por primera vez en 18 meses la Provincia no registr\u00f3 muertes por COVID-19","author":"GB","date":"04\/10\/2021","format":false,"excerpt":"Las muertes por COVID-19 ten\u00edan una tendencia a la baja, pero desde el a\u00f1o pasado que no hab\u00eda un d\u00eda completo sin fallecidos por la enfermedad El ministro de Salud bonaerense, Nicol\u00e1s Kreplak, celebr\u00f3 este domingo que por primera vez en 18 meses se vivi\u00f3 una jornada en la que\u2026","rel":"","context":"En \u00abLocales\u00bb","block_context":{"text":"Locales","link":"https:\/\/www.24baires.com\/?cat=38"},"img":{"alt_text":"","src":"https:\/\/i0.wp.com\/www.24baires.com\/wp-content\/uploads\/2021\/08\/vacunaci%C3%B3n.jpg?resize=350%2C200","width":350,"height":200,"srcset":"https:\/\/i0.wp.com\/www.24baires.com\/wp-content\/uploads\/2021\/08\/vacunaci%C3%B3n.jpg?resize=350%2C200 1x, https:\/\/i0.wp.com\/www.24baires.com\/wp-content\/uploads\/2021\/08\/vacunaci%C3%B3n.jpg?resize=525%2C300 1.5x"},"classes":[]},{"id":118387,"url":"https:\/\/www.24baires.com\/?p=118387","url_meta":{"origin":121998,"position":5},"title":"Desde Provincia esperan un fuerte incremento de casos tras Navidad","author":"GB","date":"27\/12\/2021","format":false,"excerpt":"As\u00ed lo afirm\u00f3 el ministro de Salud bonaerense, Nicol\u00e1s Kreplak. Si bien a\u00fan el rebrote no se ve reflejado en la ocupaci\u00f3n de camas, en caso de que ocurra volver\u00edan las restricciones. El ministro de Salud de la provincia de Buenos Aires, Nicol\u00e1s Kreplak, afirm\u00f3 que desde la cartera que\u2026","rel":"","context":"En \u00abProvincia\u00bb","block_context":{"text":"Provincia","link":"https:\/\/www.24baires.com\/?cat=40"},"img":{"alt_text":"","src":"https:\/\/i0.wp.com\/www.24baires.com\/wp-content\/uploads\/2021\/12\/Rebrote.jpg?resize=350%2C200","width":350,"height":200,"srcset":"https:\/\/i0.wp.com\/www.24baires.com\/wp-content\/uploads\/2021\/12\/Rebrote.jpg?resize=350%2C200 1x, https:\/\/i0.wp.com\/www.24baires.com\/wp-content\/uploads\/2021\/12\/Rebrote.jpg?resize=525%2C300 1.5x"},"classes":[]}],"jetpack_sharing_enabled":true,"jetpack_likes_enabled":true,"_links":{"self":[{"href":"https:\/\/www.24baires.com\/index.php?rest_route=\/wp\/v2\/posts\/121998","targetHints":{"allow":["GET"]}}],"collection":[{"href":"https:\/\/www.24baires.com\/index.php?rest_route=\/wp\/v2\/posts"}],"about":[{"href":"https:\/\/www.24baires.com\/index.php?rest_route=\/wp\/v2\/types\/post"}],"author":[{"embeddable":true,"href":"https:\/\/www.24baires.com\/index.php?rest_route=\/wp\/v2\/users\/8"}],"replies":[{"embeddable":true,"href":"https:\/\/www.24baires.com\/index.php?rest_route=%2Fwp%2Fv2%2Fcomments&post=121998"}],"version-history":[{"count":1,"href":"https:\/\/www.24baires.com\/index.php?rest_route=\/wp\/v2\/posts\/121998\/revisions"}],"predecessor-version":[{"id":122000,"href":"https:\/\/www.24baires.com\/index.php?rest_route=\/wp\/v2\/posts\/121998\/revisions\/122000"}],"wp:attachment":[{"href":"https:\/\/www.24baires.com\/index.php?rest_route=%2Fwp%2Fv2%2Fmedia&parent=121998"}],"wp:term":[{"taxonomy":"category","embeddable":true,"href":"https:\/\/www.24baires.com\/index.php?rest_route=%2Fwp%2Fv2%2Fcategories&post=121998"},{"taxonomy":"post_tag","embeddable":true,"href":"https:\/\/www.24baires.com\/index.php?rest_route=%2Fwp%2Fv2%2Ftags&post=121998"}],"curies":[{"name":"wp","href":"https:\/\/api.w.org\/{rel}","templated":true}]}}