{"id":121915,"date":"2024-12-24T08:45:56","date_gmt":"2024-12-24T11:45:56","guid":{"rendered":"https:\/\/www.24baires.com\/?p=121915"},"modified":"2024-12-24T08:45:56","modified_gmt":"2024-12-24T11:45:56","slug":"kicillof-en-melchor-romero-no-hacemos-marketing-con-la-seguridad-avanzamos-con-hechos","status":"publish","type":"post","link":"https:\/\/www.24baires.com\/?p=121915","title":{"rendered":"Kicillof en Melchor Romero: \u00abNo hacemos marketing con la seguridad, avanzamos con hechos\u00bb"},"content":{"rendered":"<p><img data-recalc-dims=\"1\" loading=\"lazy\" decoding=\"async\" class=\"aligncenter wp-image-121916\" src=\"https:\/\/i0.wp.com\/www.24baires.com\/wp-content\/uploads\/2024\/12\/kici-penal.jpg?resize=720%2C359\" alt=\"\" width=\"720\" height=\"359\" srcset=\"https:\/\/i0.wp.com\/www.24baires.com\/wp-content\/uploads\/2024\/12\/kici-penal.jpg?w=1024&amp;ssl=1 1024w, https:\/\/i0.wp.com\/www.24baires.com\/wp-content\/uploads\/2024\/12\/kici-penal.jpg?resize=300%2C149&amp;ssl=1 300w, https:\/\/i0.wp.com\/www.24baires.com\/wp-content\/uploads\/2024\/12\/kici-penal.jpg?resize=768%2C383&amp;ssl=1 768w, https:\/\/i0.wp.com\/www.24baires.com\/wp-content\/uploads\/2024\/12\/kici-penal.jpg?resize=420%2C210&amp;ssl=1 420w\" sizes=\"auto, (max-width: 720px) 100vw, 720px\" \/>Asegur\u00f3 que la Provincia impulsa \u00abel Plan de Infraestructura Penitenciaria m\u00e1s ambicioso de nuestra historia\u00bb.<!--more--><\/p>\n<p>En la ciudad de La Plata, el Gobernador encabez\u00f3 este lunes la inauguraci\u00f3n de las obras de ampliaci\u00f3n de la Unidad Penitenciaria N\u00ba29 de Melchor Romero, junto al ministro de Justicia y Derechos Humanos, Juan Mart\u00edn Mena; y al intendente local, Julio Alak.<\/p>\n<p>\u201cCuando asumimos nos encontramos con una sobrepoblaci\u00f3n superior al 100% en las c\u00e1rceles de la provincia, dando cuenta de un problema estructural que se hab\u00eda agravado hasta llegar a configurar una verdadera crisis humanitaria\u201d, asegur\u00f3 Axel Kicillof durante el acto.<\/p>\n<p>\u201cPara solucionar esto nos propusimos impulsar el Plan de Infraestructura Penitenciaria m\u00e1s ambicioso de nuestra historia, conscientes de que esta problem\u00e1tica imped\u00eda reducir la reincidencia y por lo tanto impactaba en la seguridad de los y las bonaerenses\u201d, agreg\u00f3.<\/p>\n<p>Y detall\u00f3: \u201cDesde hace un a\u00f1o contamos con un nuevo problema: un Gobierno nacional que desert\u00f3 y que, as\u00ed como incumple sus obligaciones en educaci\u00f3n, en salud y en obra p\u00fablica, tambi\u00e9n est\u00e1 ausente en materia de seguridad\u201d.<\/p>\n<p>\u201cA pesar de ello, el pueblo de la provincia est\u00e1 haciendo un gran esfuerzo y avanzamos con la construcci\u00f3n de nuevas unidades y alcaid\u00edas en Florencio Varela, Moreno, La Matanza, Ezeiza, Mercedes, Quilmes y Lan\u00fas: asumo el compromiso de terminar cada uno de estos proyectos que tenemos en marcha para seguir mejorando el servicio penitenciario bonaerense\u201d, sostuvo Kicillof.<\/p>\n<p>En tanto, Mena se\u00f1al\u00f3 que \u201cesta inauguraci\u00f3n marca un nuevo hito en el marco del plan de infraestructura penitenciaria m\u00e1s ambicioso de la historia de la provincia de Buenos Aires. Estamos abordando las condiciones de habitabilidad de las unidades y llevando mejores condiciones de trabajo al personal penitenciario: se trata de humanizar las c\u00e1rceles y recuperar los v\u00ednculos sociales con el objetivo de construir una provincia m\u00e1s justa, m\u00e1s igualitaria y m\u00e1s segura\u201d.<\/p>\n<p>Por su parte, Alak expres\u00f3: \u00abQuiero agradecer a la provincia de Buenos Aires porque en \u00e9pocas en las que el Gobierno nacional paraliza la obra p\u00fablica, contamos con una gesti\u00f3n que tiene la voluntad y la valent\u00eda para continuar ampliando e invirtiendo en el sistema penitenciario\u00bb.<\/p>\n","protected":false},"excerpt":{"rendered":"<p>Asegur\u00f3 que la Provincia impulsa \u00abel Plan de Infraestructura Penitenciaria m\u00e1s ambicioso de nuestra historia\u00bb.<\/p>\n","protected":false},"author":8,"featured_media":0,"comment_status":"closed","ping_status":"closed","sticky":false,"template":"","format":"standard","meta":{"_jetpack_newsletter_access":"","_jetpack_dont_email_post_to_subs":false,"_jetpack_newsletter_tier_id":0,"_jetpack_memberships_contains_paywalled_content":false,"_jetpack_memberships_contains_paid_content":false,"footnotes":""},"categories":[40],"tags":[],"class_list":["post-121915","post","type-post","status-publish","format-standard","hentry","category-provincia"],"jetpack_featured_media_url":"","jetpack_shortlink":"https:\/\/wp.me\/p2JWE0-vIn","jetpack-related-posts":[{"id":118369,"url":"https:\/\/www.24baires.com\/?p=118369","url_meta":{"origin":121915,"position":0},"title":"Merlo: Kicillof lanza el Plan de Infraestructura Penitenciaria","author":"GB","date":"22\/12\/2021","format":false,"excerpt":"El gobernador de la Provincia de Buenos Aires, Axel Kicillof, junto al ministro de Obras P\u00fablicas de la Naci\u00f3n, Gabriel Katopodis, presentan las obras. Con motivo del lanzamiento del Plan de Infraestructura Penitenciaria, el gobernador de la Provincia de Buenos Aires, Axel Kicillof, junto al ministro de Obras P\u00fablicas de\u2026","rel":"","context":"En \u00abProvincia\u00bb","block_context":{"text":"Provincia","link":"https:\/\/www.24baires.com\/?cat=40"},"img":{"alt_text":"","src":"https:\/\/i0.wp.com\/www.24baires.com\/wp-content\/uploads\/2021\/12\/axel-kicillof-servicio-penitenciariojpgjpg-300x200.jpg?resize=350%2C200","width":350,"height":200},"classes":[]},{"id":119551,"url":"https:\/\/www.24baires.com\/?p=119551","url_meta":{"origin":121915,"position":1},"title":"Kicillof: \u00abLa pol\u00edtica penitenciara de Cambiemos fue un absoluto fracaso\u00bb","author":"GB","date":"17\/11\/2022","format":false,"excerpt":"Con cr\u00edticas al gobierno anterior y estad\u00edsticas lapidarias, el gobernador Axel Kicillof present\u00f3 un programa que busca llevar la educaci\u00f3n a todas las c\u00e1rceles gobernador bonaerense, Axel Kicillof, encabez\u00f3 el lanzamiento del Programa Educativo en Contexto de Encierro 2023 realizado en la Unidad Penitenciaria 58. La jornada, cargada de expectativa\u2026","rel":"","context":"En \u00abProvincia\u00bb","block_context":{"text":"Provincia","link":"https:\/\/www.24baires.com\/?cat=40"},"img":{"alt_text":"","src":"https:\/\/i0.wp.com\/www.24baires.com\/wp-content\/uploads\/2022\/11\/20221117113324__ab_2786_2jpg.jpg?resize=350%2C200","width":350,"height":200,"srcset":"https:\/\/i0.wp.com\/www.24baires.com\/wp-content\/uploads\/2022\/11\/20221117113324__ab_2786_2jpg.jpg?resize=350%2C200 1x, https:\/\/i0.wp.com\/www.24baires.com\/wp-content\/uploads\/2022\/11\/20221117113324__ab_2786_2jpg.jpg?resize=525%2C300 1.5x, https:\/\/i0.wp.com\/www.24baires.com\/wp-content\/uploads\/2022\/11\/20221117113324__ab_2786_2jpg.jpg?resize=700%2C400 2x"},"classes":[]},{"id":113283,"url":"https:\/\/www.24baires.com\/?p=113283","url_meta":{"origin":121915,"position":2},"title":"Denuncian que los presos bonaerenses comen \u201cpoco y de mala calidad\u201d","author":"GB","date":"06\/12\/2019","format":false,"excerpt":"La Comisi\u00f3n Provincial por la Memoria detall\u00f3 las condiciones de nutrici\u00f3n que padecen los internos de los establecimientos penitenciarios Denuncias de hambre y provisi\u00f3n de alimentos alcanzan al grueso de las unidades penitenciarias de la provincia de Buenos Aires, seg\u00fan un relevamiento realizado por la Comisi\u00f3n Provincial por la Memoria\u2026","rel":"","context":"En \u00abProvincia\u00bb","block_context":{"text":"Provincia","link":"https:\/\/www.24baires.com\/?cat=40"},"img":{"alt_text":"","src":"https:\/\/i0.wp.com\/www.24baires.com\/wp-content\/uploads\/2017\/09\/carcel.jpg?resize=350%2C200","width":350,"height":200,"srcset":"https:\/\/i0.wp.com\/www.24baires.com\/wp-content\/uploads\/2017\/09\/carcel.jpg?resize=350%2C200 1x, https:\/\/i0.wp.com\/www.24baires.com\/wp-content\/uploads\/2017\/09\/carcel.jpg?resize=525%2C300 1.5x"},"classes":[]},{"id":115888,"url":"https:\/\/www.24baires.com\/?p=115888","url_meta":{"origin":121915,"position":3},"title":"Fern\u00e1ndez y Kicillof criticaron el hacinamiento en las c\u00e1rceles del pa\u00eds","author":"AF","date":"07\/08\/2020","format":false,"excerpt":"Los mandatarios inauguraron nuevas plazas en tres c\u00e1rceles del Servicio Penitenciario Bonaerense y anunciaron un plan de obras para el sector. Con la llegada de la pandemia y el Aislamiento Social Preventivo y Obligatorio, volvi\u00f3 a la escena p\u00fablica el debate sobre la superpoblaci\u00f3n en los lugares de encierro y\u2026","rel":"","context":"En \u00abSociedad\u00bb","block_context":{"text":"Sociedad","link":"https:\/\/www.24baires.com\/?cat=1"},"img":{"alt_text":"","src":"https:\/\/i0.wp.com\/www.24baires.com\/wp-content\/uploads\/2018\/04\/c%C3%A1rcel-virrey-del-pino.jpg?resize=350%2C200","width":350,"height":200,"srcset":"https:\/\/i0.wp.com\/www.24baires.com\/wp-content\/uploads\/2018\/04\/c%C3%A1rcel-virrey-del-pino.jpg?resize=350%2C200 1x, https:\/\/i0.wp.com\/www.24baires.com\/wp-content\/uploads\/2018\/04\/c%C3%A1rcel-virrey-del-pino.jpg?resize=525%2C300 1.5x"},"classes":[]},{"id":116590,"url":"https:\/\/www.24baires.com\/?p=116590","url_meta":{"origin":121915,"position":4},"title":"El gobierno desactiva el conflicto en la c\u00e1rceles autorizando las visitas presenciales","author":"GB","date":"02\/11\/2020","format":false,"excerpt":"Familiares y allegados de los presos bonaerenses podr\u00e1n volver a ingresar a los penales a partir del 14 de noviembre, aunque bajo estrictos protocolos de seguridad sanitaria. Tras las protestas de los internos en varias unidades del Servicio Penitenciario Bonaerense, el gobierno decidi\u00f3 autorizar las visitas presenciales a partir del\u2026","rel":"","context":"En \u00abProvincia\u00bb","block_context":{"text":"Provincia","link":"https:\/\/www.24baires.com\/?cat=40"},"img":{"alt_text":"","src":"https:\/\/i0.wp.com\/www.24baires.com\/wp-content\/uploads\/2019\/11\/carcel.jpeg?resize=350%2C200","width":350,"height":200,"srcset":"https:\/\/i0.wp.com\/www.24baires.com\/wp-content\/uploads\/2019\/11\/carcel.jpeg?resize=350%2C200 1x, https:\/\/i0.wp.com\/www.24baires.com\/wp-content\/uploads\/2019\/11\/carcel.jpeg?resize=525%2C300 1.5x"},"classes":[]},{"id":59352,"url":"https:\/\/www.24baires.com\/?p=59352","url_meta":{"origin":121915,"position":5},"title":"Scioli lanz\u00f3 la segunda etapa de \u00abCasas por C\u00e1rceles\u00bb","author":"GB","date":"30\/12\/2014","format":false,"excerpt":"El gobernador bonaerense lanz\u00f3 el plan que sumar\u00e1 400 nuevas plazas al sistema penitenciario. Veinte estar\u00e1n en La Plata. \"Se busca es cambiar resentimiento por arrepentimiento\", asegur\u00f3 el gobernador de la provincia de Buenos Aires, Daniel Scioli. Scioli lanz\u00f3 hoy la segunda etapa del programa \"Casas por C\u00e1rceles\", una moderna\u2026","rel":"","context":"En \u00abProvincia\u00bb","block_context":{"text":"Provincia","link":"https:\/\/www.24baires.com\/?cat=40"},"img":{"alt_text":"casas por carceles","src":"https:\/\/i0.wp.com\/www.24baires.com\/wp-content\/uploads\/2014\/12\/casas-por-carceles.jpg?resize=350%2C200","width":350,"height":200},"classes":[]}],"jetpack_sharing_enabled":true,"jetpack_likes_enabled":true,"_links":{"self":[{"href":"https:\/\/www.24baires.com\/index.php?rest_route=\/wp\/v2\/posts\/121915","targetHints":{"allow":["GET"]}}],"collection":[{"href":"https:\/\/www.24baires.com\/index.php?rest_route=\/wp\/v2\/posts"}],"about":[{"href":"https:\/\/www.24baires.com\/index.php?rest_route=\/wp\/v2\/types\/post"}],"author":[{"embeddable":true,"href":"https:\/\/www.24baires.com\/index.php?rest_route=\/wp\/v2\/users\/8"}],"replies":[{"embeddable":true,"href":"https:\/\/www.24baires.com\/index.php?rest_route=%2Fwp%2Fv2%2Fcomments&post=121915"}],"version-history":[{"count":1,"href":"https:\/\/www.24baires.com\/index.php?rest_route=\/wp\/v2\/posts\/121915\/revisions"}],"predecessor-version":[{"id":121917,"href":"https:\/\/www.24baires.com\/index.php?rest_route=\/wp\/v2\/posts\/121915\/revisions\/121917"}],"wp:attachment":[{"href":"https:\/\/www.24baires.com\/index.php?rest_route=%2Fwp%2Fv2%2Fmedia&parent=121915"}],"wp:term":[{"taxonomy":"category","embeddable":true,"href":"https:\/\/www.24baires.com\/index.php?rest_route=%2Fwp%2Fv2%2Fcategories&post=121915"},{"taxonomy":"post_tag","embeddable":true,"href":"https:\/\/www.24baires.com\/index.php?rest_route=%2Fwp%2Fv2%2Ftags&post=121915"}],"curies":[{"name":"wp","href":"https:\/\/api.w.org\/{rel}","templated":true}]}}