{"id":121899,"date":"2024-12-10T06:26:45","date_gmt":"2024-12-10T09:26:45","guid":{"rendered":"https:\/\/www.24baires.com\/?p=121899"},"modified":"2024-12-10T06:26:45","modified_gmt":"2024-12-10T09:26:45","slug":"kicillof-adelanto-que-la-provincia-podria-hacerse-cargo-de-aerolineas","status":"publish","type":"post","link":"https:\/\/www.24baires.com\/?p=121899","title":{"rendered":"Kicillof adelant\u00f3 que la provincia podr\u00eda hacerse cargo de Aerol\u00edneas"},"content":{"rendered":"<p><img data-recalc-dims=\"1\" loading=\"lazy\" decoding=\"async\" class=\"aligncenter wp-image-94089\" src=\"https:\/\/i0.wp.com\/www.24baires.com\/wp-content\/uploads\/2017\/04\/aerolineas-argentinas.jpg?resize=720%2C404\" alt=\"\" width=\"720\" height=\"404\" srcset=\"https:\/\/i0.wp.com\/www.24baires.com\/wp-content\/uploads\/2017\/04\/aerolineas-argentinas.jpg?w=560&amp;ssl=1 560w, https:\/\/i0.wp.com\/www.24baires.com\/wp-content\/uploads\/2017\/04\/aerolineas-argentinas.jpg?resize=300%2C168&amp;ssl=1 300w\" sizes=\"auto, (max-width: 720px) 100vw, 720px\" \/>El gobernador no solo volvi\u00f3 a rechazar una eventual privatizaci\u00f3n, sino que afirm\u00f3 que podr\u00eda buscarse un esquema en conjunto con trabajadores y otros distritos para operar la compa\u00f1\u00eda<!--more--><\/p>\n<p>El gobernador , Axel Kicillof, rechazo una eventual privatizaci\u00f3n de Aerol\u00edneas Argentinas, y durante la habitual conferencia de prensa de los lunes asegur\u00f3 que la gesti\u00f3n provincial est\u00e1 dispuesta a asumir el control de la empresa si fuera necesario para evitar el desguace.<\/p>\n<p>Kicillof calific\u00f3 a Aerol\u00edneas Argentinas como un \u201cinstrumento central para la conectividad del pa\u00eds, el desarrollo y la equidad territorial\u201d, y en su discurso, enfatiz\u00f3 que la aerol\u00ednea estatal no solo fomenta el desarrollo econ\u00f3mico, sino que tambi\u00e9n cumple un rol clave en la integraci\u00f3n nacional. \u201cSi el Gobierno nacional plantea vender Aerol\u00edneas Argentinas, que sepa que la provincia de Buenos Aires la va a sostener. La patria no se vende\u201d, sentenci\u00f3 el mandatario.<\/p>\n<p>Sin brindar demasiados detalles, Kicillof dio a entendente que en caso de que el gobierno de Javier Milei avance con la privatizaci\u00f3n, se evaluar\u00eda un esquema que involucre a la provincia, a otras jurisdicciones y a los trabajadores de la aerol\u00ednea como nuevos socios estrat\u00e9gicos.<\/p>\n<p>En rigor de verdad, si bien no hay antecedentes cercanos de una provincia haciendose cargo de una empresa estatal, en las \u00faltimas d\u00e9cadas si hubo un traspaso de hecho a muchas de las resposabilidades desde Estado nacional a los provinciales, como parte de un proceso que comenz\u00f3 en los 90 con el paso de la educaci\u00f3n secundaria al \u00e1mbito de cara jurisdicci\u00f3n.<\/p>\n","protected":false},"excerpt":{"rendered":"<p>El gobernador no solo volvi\u00f3 a rechazar una eventual privatizaci\u00f3n, sino que afirm\u00f3 que podr\u00eda buscarse un esquema en conjunto con trabajadores y otros distritos para operar la compa\u00f1\u00eda<\/p>\n","protected":false},"author":8,"featured_media":0,"comment_status":"closed","ping_status":"closed","sticky":false,"template":"","format":"standard","meta":{"_jetpack_newsletter_access":"","_jetpack_dont_email_post_to_subs":false,"_jetpack_newsletter_tier_id":0,"_jetpack_memberships_contains_paywalled_content":false,"_jetpack_memberships_contains_paid_content":false,"footnotes":""},"categories":[40],"tags":[],"class_list":["post-121899","post","type-post","status-publish","format-standard","hentry","category-provincia"],"jetpack_featured_media_url":"","jetpack_shortlink":"https:\/\/wp.me\/p2JWE0-vI7","jetpack-related-posts":[{"id":120851,"url":"https:\/\/www.24baires.com\/?p=120851","url_meta":{"origin":121899,"position":0},"title":"Milei ajust\u00f3 un 43% la estructura de Aerol\u00edneas Argentinas","author":"GB","date":"10\/01\/2024","format":false,"excerpt":"Con la privatizaci\u00f3n como norte, el presidente Javier Milei redujo en un 43% la estructura gerencial de la l\u00ednea a\u00e9rea de bandera. El presidente Javier Milei realiz\u00f3 este martes un dram\u00e1tico ajuste en la estructura gerencial de Aerol\u00edneas Argentinas, la exitosa empresa estatal recientemente habilitada por el mega DNU para\u2026","rel":"","context":"En \u00abPol\u00edtica\u00bb","block_context":{"text":"Pol\u00edtica","link":"https:\/\/www.24baires.com\/?cat=51"},"img":{"alt_text":"","src":"https:\/\/i0.wp.com\/www.24baires.com\/wp-content\/uploads\/2017\/04\/aerolineas-argentinas.jpg?resize=350%2C200","width":350,"height":200,"srcset":"https:\/\/i0.wp.com\/www.24baires.com\/wp-content\/uploads\/2017\/04\/aerolineas-argentinas.jpg?resize=350%2C200 1x, https:\/\/i0.wp.com\/www.24baires.com\/wp-content\/uploads\/2017\/04\/aerolineas-argentinas.jpg?resize=525%2C300 1.5x, https:\/\/i0.wp.com\/www.24baires.com\/wp-content\/uploads\/2017\/04\/aerolineas-argentinas.jpg?resize=700%2C400 2x"},"classes":[]},{"id":68342,"url":"https:\/\/www.24baires.com\/?p=68342","url_meta":{"origin":121899,"position":1},"title":"\u00abAerol\u00edneas e YPF son ejemplos de que el Estado no hace todo mal\u00bb","author":"AF","date":"30\/06\/2015","format":false,"excerpt":"Axel Kicillof destac\u00f3 el trabajo realizado en ambas compa\u00f1\u00edas luego de que el Estado se quedara con la mayor parte de las acciones. \"No estamos en contra de los privados\", subray\u00f3 tambi\u00e9n. El ministro de Econom\u00eda, Axel Kicillof, destac\u00f3 el trabajo hecho por el Estado nacional en YPF y Aerol\u00edneas\u2026","rel":"","context":"En \u00abEconom\u00eda\u00bb","block_context":{"text":"Econom\u00eda","link":"https:\/\/www.24baires.com\/?cat=45"},"img":{"alt_text":"axelkicillof","src":"https:\/\/i0.wp.com\/www.24baires.com\/wp-content\/uploads\/2014\/01\/axelkicillof.jpg?resize=350%2C200","width":350,"height":200,"srcset":"https:\/\/i0.wp.com\/www.24baires.com\/wp-content\/uploads\/2014\/01\/axelkicillof.jpg?resize=350%2C200 1x, https:\/\/i0.wp.com\/www.24baires.com\/wp-content\/uploads\/2014\/01\/axelkicillof.jpg?resize=525%2C300 1.5x"},"classes":[]},{"id":120291,"url":"https:\/\/www.24baires.com\/?p=120291","url_meta":{"origin":121899,"position":2},"title":"Cristina: \u201cEl FMI se tiene que hacer cargo de los desmanejos de la directora anterior\u201d","author":"AF","date":"17\/07\/2023","format":false,"excerpt":"En el acto por los 15 a\u00f1os de estatizaci\u00f3n de Aerol\u00edneas Argentinas que comparti\u00f3 con el ministro y precandidato presidencial Sergio Massa, la vicepresidenta Cristina Fern\u00e1ndez de Kirchner inst\u00f3 a la conducci\u00f3n del Fondo Monetario Internacional a \u201chacerse cargo del desmanejo que tuvo la anterior directora\u201d, en referencia a Christine\u2026","rel":"","context":"En \u00abPol\u00edtica\u00bb","block_context":{"text":"Pol\u00edtica","link":"https:\/\/www.24baires.com\/?cat=51"},"img":{"alt_text":"","src":"https:\/\/i0.wp.com\/www.24baires.com\/wp-content\/uploads\/2023\/07\/WhatsApp-Image-2023-07-17-at-23.04.06.jpeg?resize=350%2C200","width":350,"height":200,"srcset":"https:\/\/i0.wp.com\/www.24baires.com\/wp-content\/uploads\/2023\/07\/WhatsApp-Image-2023-07-17-at-23.04.06.jpeg?resize=350%2C200 1x, https:\/\/i0.wp.com\/www.24baires.com\/wp-content\/uploads\/2023\/07\/WhatsApp-Image-2023-07-17-at-23.04.06.jpeg?resize=525%2C300 1.5x, https:\/\/i0.wp.com\/www.24baires.com\/wp-content\/uploads\/2023\/07\/WhatsApp-Image-2023-07-17-at-23.04.06.jpeg?resize=700%2C400 2x"},"classes":[]},{"id":105611,"url":"https:\/\/www.24baires.com\/?p=105611","url_meta":{"origin":121899,"position":3},"title":"Dietrich amenaz\u00f3 con un futuro \u00abachique\u00bb de Aerol\u00edneas","author":"AF","date":"26\/11\/2018","format":false,"excerpt":"Mientras se mantiene el lock out de Aerol\u00edneas Argentinas que, ante el anuncio de un paro de 24 horas de cinco de los seis gremios del sector aeron\u00e1utico, suspendi\u00f3 los 371 vuelos de la jornada, el ministro de Transporte, Guillermo Dietrich, sincer\u00f3 el prop\u00f3sito de la alianza gobernante y amenaz\u00f3\u2026","rel":"","context":"En \u00abSociedad\u00bb","block_context":{"text":"Sociedad","link":"https:\/\/www.24baires.com\/?cat=1"},"img":{"alt_text":"","src":"https:\/\/i0.wp.com\/www.24baires.com\/wp-content\/uploads\/2018\/09\/dietrich.jpg?resize=350%2C200","width":350,"height":200,"srcset":"https:\/\/i0.wp.com\/www.24baires.com\/wp-content\/uploads\/2018\/09\/dietrich.jpg?resize=350%2C200 1x, https:\/\/i0.wp.com\/www.24baires.com\/wp-content\/uploads\/2018\/09\/dietrich.jpg?resize=525%2C300 1.5x"},"classes":[]},{"id":70977,"url":"https:\/\/www.24baires.com\/?p=70977","url_meta":{"origin":121899,"position":4},"title":"Kicillof afirm\u00f3 que hay \u00abclaros signos de reactivaci\u00f3n\u00bb econ\u00f3mica","author":"GB","date":"21\/08\/2015","format":false,"excerpt":"El ministro de Econom\u00eda resalt\u00f3 que los \u201cclaros signos de reactivaci\u00f3n\u201d que registra la actividad econ\u00f3mica permiten avizorar un 2015 \u201cmejor que el a\u00f1o pasado\u201d, y entendi\u00f3 que el debate sobre el nivel de reservas del Banco Central es parte de \u201coperaciones medi\u00e1ticas que pretenden generar miedo e incertidumbre\u201d. En\u2026","rel":"","context":"En \u00abEconom\u00eda\u00bb","block_context":{"text":"Econom\u00eda","link":"https:\/\/www.24baires.com\/?cat=45"},"img":{"alt_text":"kicillof onu","src":"https:\/\/i0.wp.com\/www.24baires.com\/wp-content\/uploads\/2015\/04\/kicillof-onu.jpg?resize=350%2C200","width":350,"height":200,"srcset":"https:\/\/i0.wp.com\/www.24baires.com\/wp-content\/uploads\/2015\/04\/kicillof-onu.jpg?resize=350%2C200 1x, https:\/\/i0.wp.com\/www.24baires.com\/wp-content\/uploads\/2015\/04\/kicillof-onu.jpg?resize=525%2C300 1.5x"},"classes":[]},{"id":30995,"url":"https:\/\/www.24baires.com\/?p=30995","url_meta":{"origin":121899,"position":5},"title":"Randazzo asegur\u00f3 que no se quiere echar a LAN del pa\u00eds","author":"GB","date":"29\/08\/2013","format":false,"excerpt":"El ministro del Interior, Florencio Randazzo, asegur\u00f3 este jueves que el Gobierno pedir\u00e1 que Aerol\u00edneas Argentinas \"tenga los mismos beneficios en Chile y Brasil\" para realizar vuelos de cabotaje en igual medida que tiene la compa\u00f1\u00eda LAN en el pa\u00eds y aclar\u00f3: \"No queremos echar a ninguna l\u00ednea a\u00e9rea\" de\u2026","rel":"","context":"En \u00abEconom\u00eda\u00bb","block_context":{"text":"Econom\u00eda","link":"https:\/\/www.24baires.com\/?cat=45"},"img":{"alt_text":"Randazzo-LAN","src":"https:\/\/i0.wp.com\/www.24baires.com\/wp-content\/uploads\/2013\/08\/Randazzo-LAN-300x199.jpg?resize=350%2C200","width":350,"height":200},"classes":[]}],"jetpack_sharing_enabled":true,"jetpack_likes_enabled":true,"_links":{"self":[{"href":"https:\/\/www.24baires.com\/index.php?rest_route=\/wp\/v2\/posts\/121899","targetHints":{"allow":["GET"]}}],"collection":[{"href":"https:\/\/www.24baires.com\/index.php?rest_route=\/wp\/v2\/posts"}],"about":[{"href":"https:\/\/www.24baires.com\/index.php?rest_route=\/wp\/v2\/types\/post"}],"author":[{"embeddable":true,"href":"https:\/\/www.24baires.com\/index.php?rest_route=\/wp\/v2\/users\/8"}],"replies":[{"embeddable":true,"href":"https:\/\/www.24baires.com\/index.php?rest_route=%2Fwp%2Fv2%2Fcomments&post=121899"}],"version-history":[{"count":1,"href":"https:\/\/www.24baires.com\/index.php?rest_route=\/wp\/v2\/posts\/121899\/revisions"}],"predecessor-version":[{"id":121900,"href":"https:\/\/www.24baires.com\/index.php?rest_route=\/wp\/v2\/posts\/121899\/revisions\/121900"}],"wp:attachment":[{"href":"https:\/\/www.24baires.com\/index.php?rest_route=%2Fwp%2Fv2%2Fmedia&parent=121899"}],"wp:term":[{"taxonomy":"category","embeddable":true,"href":"https:\/\/www.24baires.com\/index.php?rest_route=%2Fwp%2Fv2%2Fcategories&post=121899"},{"taxonomy":"post_tag","embeddable":true,"href":"https:\/\/www.24baires.com\/index.php?rest_route=%2Fwp%2Fv2%2Ftags&post=121899"}],"curies":[{"name":"wp","href":"https:\/\/api.w.org\/{rel}","templated":true}]}}