{"id":121890,"date":"2024-12-06T07:40:45","date_gmt":"2024-12-06T10:40:45","guid":{"rendered":"https:\/\/www.24baires.com\/?p=121890"},"modified":"2024-12-06T07:40:45","modified_gmt":"2024-12-06T10:40:45","slug":"kicillof-libre-de-culpa-la-justicia-confirmo-que-no-hubo-perjuicio-en-la-causa-dolar-futuro","status":"publish","type":"post","link":"https:\/\/www.24baires.com\/?p=121890","title":{"rendered":"Kicillof, libre de culpa: la Justicia confirm\u00f3 que no hubo perjuicio en la causa D\u00f3lar Futuro"},"content":{"rendered":"<p><img data-recalc-dims=\"1\" loading=\"lazy\" decoding=\"async\" class=\"aligncenter wp-image-120506\" src=\"https:\/\/i0.wp.com\/www.24baires.com\/wp-content\/uploads\/2023\/09\/kicillof.webp?resize=720%2C480\" alt=\"\" width=\"720\" height=\"480\" srcset=\"https:\/\/i0.wp.com\/www.24baires.com\/wp-content\/uploads\/2023\/09\/kicillof.webp?w=887&amp;ssl=1 887w, https:\/\/i0.wp.com\/www.24baires.com\/wp-content\/uploads\/2023\/09\/kicillof.webp?resize=300%2C200&amp;ssl=1 300w, https:\/\/i0.wp.com\/www.24baires.com\/wp-content\/uploads\/2023\/09\/kicillof.webp?resize=768%2C512&amp;ssl=1 768w\" sizes=\"auto, (max-width: 720px) 100vw, 720px\" \/>La Corte Suprema cerr\u00f3 la causa \u00abD\u00f3lar Futuro\u00bb, confirmando el sobreseimiento de Axel Kicillof y Cristina Kirchner al no encontrar perjuicio al Estado.<!--more--><\/p>\n<p>La Corte Suprema de Justicia puso punto final a la causa conocida como \u201cD\u00f3lar futuro\u201d, en la que estaban imputados el actual gobernador bonaerense Axel Kicillof, quien se desempe\u00f1aba como ministro de Econom\u00eda, y la entonces presidenta Cristina Kirchner, junto a varios exfuncionarios. La decisi\u00f3n del m\u00e1ximo tribunal, adoptada mediante el art\u00edculo 280 del C\u00f3digo Procesal, dej\u00f3 firme el fallo de la C\u00e1mara Federal de Casaci\u00f3n Penal, que concluy\u00f3 que no existi\u00f3 perjuicio para el Estado en las operaciones investigadas.<\/p>\n<p>La fiscal\u00eda, encabezada por Ra\u00fal Ple\u00e9 y posteriormente respaldada por el procurador interino Eduardo Casal, hab\u00eda insistido en que el caso deb\u00eda debatirse en un juicio oral para evaluar las pruebas en detalle. Seg\u00fan Ple\u00e9, el sobreseimiento previo en instancia de Casaci\u00f3n \u201cfrustr\u00f3 la pretensi\u00f3n acusatoria\u201d y constituy\u00f3 un \u00abgravamen al Ministerio P\u00fablico\u00bb. Sin embargo, en abril de 2021, los jueces de Casaci\u00f3n Daniel Petrone, Diego Barroetave\u00f1a y Ana Mar\u00eda Figueroa consideraron que la pericia realizada por los analistas de la Corte Suprema hab\u00eda demostrado la inexistencia de perjuicio fiscal y afirmaron que las decisiones de pol\u00edtica econ\u00f3mica no eran judicializables.<\/p>\n","protected":false},"excerpt":{"rendered":"<p>La Corte Suprema cerr\u00f3 la causa \u00abD\u00f3lar Futuro\u00bb, confirmando el sobreseimiento de Axel Kicillof y Cristina Kirchner al no encontrar perjuicio al Estado.<\/p>\n","protected":false},"author":8,"featured_media":0,"comment_status":"closed","ping_status":"closed","sticky":false,"template":"","format":"standard","meta":{"_jetpack_newsletter_access":"","_jetpack_dont_email_post_to_subs":false,"_jetpack_newsletter_tier_id":0,"_jetpack_memberships_contains_paywalled_content":false,"_jetpack_memberships_contains_paid_content":false,"footnotes":""},"categories":[40],"tags":[],"class_list":["post-121890","post","type-post","status-publish","format-standard","hentry","category-provincia"],"jetpack_featured_media_url":"","jetpack_shortlink":"https:\/\/wp.me\/p2JWE0-vHY","jetpack-related-posts":[{"id":117431,"url":"https:\/\/www.24baires.com\/?p=117431","url_meta":{"origin":121890,"position":0},"title":"Sobreseyeron a Cristina Fern\u00e1ndez y a Kicillof en la causa d\u00f3lar futuro","author":"GB","date":"13\/04\/2021","format":false,"excerpt":"El m\u00e1ximo tribunal penal sobresey\u00f3 a la vicepresidenta Cristina Fern\u00e1ndez de Kirchner, al gobernador Axel Kicillof, y al resto de los acusados en la causa. Este martes la C\u00e1mara de Casaci\u00f3n Penal sobresey\u00f3 a la vicepresidenta Cristina Fern\u00e1ndez de Kirchner, al gobernador Axel Kicillof y al resto de los acusados\u2026","rel":"","context":"En \u00abPol\u00edtica\u00bb","block_context":{"text":"Pol\u00edtica","link":"https:\/\/www.24baires.com\/?cat=51"},"img":{"alt_text":"","src":"https:\/\/i0.wp.com\/www.24baires.com\/wp-content\/uploads\/2019\/07\/cristina-mdp.jpg?resize=350%2C200","width":350,"height":200,"srcset":"https:\/\/i0.wp.com\/www.24baires.com\/wp-content\/uploads\/2019\/07\/cristina-mdp.jpg?resize=350%2C200 1x, https:\/\/i0.wp.com\/www.24baires.com\/wp-content\/uploads\/2019\/07\/cristina-mdp.jpg?resize=525%2C300 1.5x"},"classes":[]},{"id":89747,"url":"https:\/\/www.24baires.com\/?p=89747","url_meta":{"origin":121890,"position":1},"title":"Procesan a Cristina por la causa d\u00f3lar futuro","author":"GB","date":"11\/11\/2016","format":false,"excerpt":"La C\u00e1mara Federal dej\u00f3 al borde del juicio oral a la ex Presidenta. En la investigaci\u00f3n tambi\u00e9n est\u00e1n procesados el ex ministro de Econom\u00eda Axel Kicillof. y el ex presidente del Banco Central, Alejandro Vanoli. La C\u00e1mara Federal porte\u00f1a confirm\u00f3 el procesamiento a la ex presidenta de la Naci\u00f3n Cristina\u2026","rel":"","context":"En \u00abPol\u00edtica\u00bb","block_context":{"text":"Pol\u00edtica","link":"https:\/\/www.24baires.com\/?cat=51"},"img":{"alt_text":"cristina-lealtad","src":"https:\/\/i0.wp.com\/www.24baires.com\/wp-content\/uploads\/2016\/10\/cristina-lealtad.jpg?resize=350%2C200","width":350,"height":200,"srcset":"https:\/\/i0.wp.com\/www.24baires.com\/wp-content\/uploads\/2016\/10\/cristina-lealtad.jpg?resize=350%2C200 1x, https:\/\/i0.wp.com\/www.24baires.com\/wp-content\/uploads\/2016\/10\/cristina-lealtad.jpg?resize=525%2C300 1.5x"},"classes":[]},{"id":89764,"url":"https:\/\/www.24baires.com\/?p=89764","url_meta":{"origin":121890,"position":2},"title":"\u00abLa causa de d\u00f3lar futuro es una tapadera para la inflaci\u00f3n, el desempleo y la recesi\u00f3n\u00bb","author":"GB","date":"11\/11\/2016","format":false,"excerpt":"El expresidente del Banco Central cuestion\u00f3 la decisi\u00f3n de la Justicia de confirmar su procesamiento junto al de Cristina Kirchner. El expresidente del Banco Central Alejandro Vanoli acus\u00f3 a la Justicia de querer tapar la mayor inflaci\u00f3n, el desempleo y la recesi\u00f3n con la causa de d\u00f3lar futuro. La C\u00e1mara\u2026","rel":"","context":"En \u00abPol\u00edtica\u00bb","block_context":{"text":"Pol\u00edtica","link":"https:\/\/www.24baires.com\/?cat=51"},"img":{"alt_text":"vanoli 1","src":"https:\/\/i0.wp.com\/www.24baires.com\/wp-content\/uploads\/2014\/10\/vanoli-1-300x169.jpg?resize=350%2C200","width":350,"height":200},"classes":[]},{"id":117729,"url":"https:\/\/www.24baires.com\/?p=117729","url_meta":{"origin":121890,"position":3},"title":"La Justucia rechaz\u00f3 reabrir la causa D\u00f3lar Futuro","author":"AF","date":"09\/06\/2021","format":false,"excerpt":"La C\u00e1mara Federal de Casaci\u00f3n Penal declar\u00f3 inadmisible al recurso extraordinario interpuesto por el fiscal Ra\u00fal Ple\u00e9 para revertir los sobreseimientos de los acusados. La C\u00e1mara Federal de Casaci\u00f3n Penal declar\u00f3 inadmisible al recurso extraordinario interpuesto por el fiscal Ra\u00fal Ple\u00e9 para revertir los sobreseimientos de los acusados en la\u2026","rel":"","context":"En \u00abJUDICIALES\u00bb","block_context":{"text":"JUDICIALES","link":"https:\/\/www.24baires.com\/?cat=68"},"img":{"alt_text":"","src":"https:\/\/i0.wp.com\/www.24baires.com\/wp-content\/uploads\/2021\/06\/5f648a7c42718_1004x566.jpg?resize=350%2C200","width":350,"height":200,"srcset":"https:\/\/i0.wp.com\/www.24baires.com\/wp-content\/uploads\/2021\/06\/5f648a7c42718_1004x566.jpg?resize=350%2C200 1x, https:\/\/i0.wp.com\/www.24baires.com\/wp-content\/uploads\/2021\/06\/5f648a7c42718_1004x566.jpg?resize=525%2C300 1.5x"},"classes":[]},{"id":81302,"url":"https:\/\/www.24baires.com\/?p=81302","url_meta":{"origin":121890,"position":4},"title":"Kicillof calific\u00f3 como \u201cvergonzosa\u201d la causa por la venta de d\u00f3lar futuro","author":"AF","date":"12\/04\/2016","format":false,"excerpt":"El ex ministro de Econom\u00eda prest\u00f3 declaraci\u00f3n indagatoria tras ser acusado de generar un quebranto de 7.500 millones de pesos en el Banco Central. Ma\u00f1ana ser\u00e1 el turno de Cristina Kirchner. El ex ministro de Econom\u00eda Axel Kicillof consider\u00f3 hoy que la causa que investiga las operaciones de venta de\u2026","rel":"","context":"En \u00abJUDICIALES\u00bb","block_context":{"text":"JUDICIALES","link":"https:\/\/www.24baires.com\/?cat=68"},"img":{"alt_text":"kicillof2","src":"https:\/\/i0.wp.com\/www.24baires.com\/wp-content\/uploads\/2014\/01\/kicillof2.jpg?resize=350%2C200","width":350,"height":200,"srcset":"https:\/\/i0.wp.com\/www.24baires.com\/wp-content\/uploads\/2014\/01\/kicillof2.jpg?resize=350%2C200 1x, https:\/\/i0.wp.com\/www.24baires.com\/wp-content\/uploads\/2014\/01\/kicillof2.jpg?resize=525%2C300 1.5x"},"classes":[]},{"id":93272,"url":"https:\/\/www.24baires.com\/?p=93272","url_meta":{"origin":121890,"position":5},"title":"Cristina ir\u00e1 a juicio oral por la causa de d\u00f3lar futuro","author":"AF","date":"23\/03\/2017","format":false,"excerpt":"La ex presidenta Cristina Kirchner deber\u00e1 presentarse a juicio oral, junto a su ex ministro de Econom\u00eda, Axedl Kicillof y el ex titular del Banco Central, Alejandro Vanoli, en la causa por las operaciones de d\u00f3lar futuro. El juez federal Claudio Bonad\u00edo env\u00ed\u00f3 este jueves a juicio oral a la\u2026","rel":"","context":"En \u00abJUDICIALES\u00bb","block_context":{"text":"JUDICIALES","link":"https:\/\/www.24baires.com\/?cat=68"},"img":{"alt_text":"","src":"https:\/\/i0.wp.com\/www.24baires.com\/wp-content\/uploads\/2016\/08\/Cristina...jpg?resize=350%2C200","width":350,"height":200,"srcset":"https:\/\/i0.wp.com\/www.24baires.com\/wp-content\/uploads\/2016\/08\/Cristina...jpg?resize=350%2C200 1x, https:\/\/i0.wp.com\/www.24baires.com\/wp-content\/uploads\/2016\/08\/Cristina...jpg?resize=525%2C300 1.5x"},"classes":[]}],"jetpack_sharing_enabled":true,"jetpack_likes_enabled":true,"_links":{"self":[{"href":"https:\/\/www.24baires.com\/index.php?rest_route=\/wp\/v2\/posts\/121890","targetHints":{"allow":["GET"]}}],"collection":[{"href":"https:\/\/www.24baires.com\/index.php?rest_route=\/wp\/v2\/posts"}],"about":[{"href":"https:\/\/www.24baires.com\/index.php?rest_route=\/wp\/v2\/types\/post"}],"author":[{"embeddable":true,"href":"https:\/\/www.24baires.com\/index.php?rest_route=\/wp\/v2\/users\/8"}],"replies":[{"embeddable":true,"href":"https:\/\/www.24baires.com\/index.php?rest_route=%2Fwp%2Fv2%2Fcomments&post=121890"}],"version-history":[{"count":1,"href":"https:\/\/www.24baires.com\/index.php?rest_route=\/wp\/v2\/posts\/121890\/revisions"}],"predecessor-version":[{"id":121891,"href":"https:\/\/www.24baires.com\/index.php?rest_route=\/wp\/v2\/posts\/121890\/revisions\/121891"}],"wp:attachment":[{"href":"https:\/\/www.24baires.com\/index.php?rest_route=%2Fwp%2Fv2%2Fmedia&parent=121890"}],"wp:term":[{"taxonomy":"category","embeddable":true,"href":"https:\/\/www.24baires.com\/index.php?rest_route=%2Fwp%2Fv2%2Fcategories&post=121890"},{"taxonomy":"post_tag","embeddable":true,"href":"https:\/\/www.24baires.com\/index.php?rest_route=%2Fwp%2Fv2%2Ftags&post=121890"}],"curies":[{"name":"wp","href":"https:\/\/api.w.org\/{rel}","templated":true}]}}