{"id":121887,"date":"2024-12-05T10:49:48","date_gmt":"2024-12-05T13:49:48","guid":{"rendered":"https:\/\/www.24baires.com\/?p=121887"},"modified":"2024-12-05T10:49:48","modified_gmt":"2024-12-05T13:49:48","slug":"provincia-busca-asociaciones-estrategicas-para-zafar-del-plan-motosierra","status":"publish","type":"post","link":"https:\/\/www.24baires.com\/?p=121887","title":{"rendered":"Provincia busca \u00abasociaciones estrat\u00e9gicas\u00bb para zafar del Plan Motosierra"},"content":{"rendered":"<p><img data-recalc-dims=\"1\" loading=\"lazy\" decoding=\"async\" class=\"aligncenter wp-image-121888\" src=\"https:\/\/i0.wp.com\/www.24baires.com\/wp-content\/uploads\/2024\/12\/reunion-provincia.webp?resize=720%2C479\" alt=\"\" width=\"720\" height=\"479\" srcset=\"https:\/\/i0.wp.com\/www.24baires.com\/wp-content\/uploads\/2024\/12\/reunion-provincia.webp?w=887&amp;ssl=1 887w, https:\/\/i0.wp.com\/www.24baires.com\/wp-content\/uploads\/2024\/12\/reunion-provincia.webp?resize=300%2C200&amp;ssl=1 300w, https:\/\/i0.wp.com\/www.24baires.com\/wp-content\/uploads\/2024\/12\/reunion-provincia.webp?resize=768%2C511&amp;ssl=1 768w\" sizes=\"auto, (max-width: 720px) 100vw, 720px\" \/>Una comitiva de diplom\u00e1ticos europeos se reuni\u00f3 con funcionarios del gobierno bonaerense. RIGI, educaci\u00f3n y ciencia.<!--more--><\/p>\n<p>El ministro de Gobierno de la provincia de Buenos Aires, Carlos Bianco, encabez\u00f3 una importante reuni\u00f3n con diplom\u00e1ticos de pa\u00edses europeos y con autoridades de la Uni\u00f3n Europea. Fue en el marco de una gira que los funcionarios extranjeros hicieron en La Plata. Buscan aumentar la cooperaci\u00f3n.<\/p>\n<p>Seg\u00fan se inform\u00f3 desde el gobierno bonaerense, el c\u00f3nclave fue en el Sal\u00f3n Dorado de la Casa de Gobierno y cont\u00f3 con representantes de \u00e1reas productivas, cient\u00edficas y educativas. Del otro lado de la mesa hab\u00eda funcionarios de Austria, Grecia, Finlandia, Irlanda, Pa\u00edses Bajos, Polonia, Portugal, Rumania, y Suecia.<\/p>\n<p>Axel Kicillof sigue aceitando sus relaciones internacionales: recibi\u00f3 a dos importantes embajadores<br \/>\nLa reuni\u00f3n comenz\u00f3 con una exposici\u00f3n en la que el ministro Bianco describi\u00f3 el contexto internacional, nacional y provincial. Entre otras cosas, destac\u00f3 que \u00aben un contexto de paz, el Gobierno nacional ha recortado gran parte de los recursos destinados a la provincia de Buenos Aires en tres \u00e1reas centrales: la educaci\u00f3n en general, la educaci\u00f3n universitaria en particular y la pol\u00edtica cient\u00edfica y tecnol\u00f3gica\u00bb.<\/p>\n","protected":false},"excerpt":{"rendered":"<p>Una comitiva de diplom\u00e1ticos europeos se reuni\u00f3 con funcionarios del gobierno bonaerense. RIGI, educaci\u00f3n y ciencia.<\/p>\n","protected":false},"author":8,"featured_media":0,"comment_status":"closed","ping_status":"closed","sticky":false,"template":"","format":"standard","meta":{"_jetpack_newsletter_access":"","_jetpack_dont_email_post_to_subs":false,"_jetpack_newsletter_tier_id":0,"_jetpack_memberships_contains_paywalled_content":false,"_jetpack_memberships_contains_paid_content":false,"footnotes":""},"categories":[40],"tags":[],"class_list":["post-121887","post","type-post","status-publish","format-standard","hentry","category-provincia"],"jetpack_featured_media_url":"","jetpack_shortlink":"https:\/\/wp.me\/p2JWE0-vHV","jetpack-related-posts":[{"id":121535,"url":"https:\/\/www.24baires.com\/?p=121535","url_meta":{"origin":121887,"position":0},"title":"Axel Kicillof viaja a Brasil","author":"GB","date":"13\/08\/2024","format":false,"excerpt":"El gobernador bonaerense, Axel Kicillof, estar\u00e1 hoy en Brasil para mantener tres reuniones de alto vuelo pol\u00edtico y diplom\u00e1tico. Poco m\u00e1s de un a\u00f1o despu\u00e9s de su \u00faltima visita, el gobernador de la provincia de Buenos Aires, Axel Kicillof, vuelve a Brasil. Esta vez ir\u00e1 a Brasilia, ciudad capital del\u2026","rel":"","context":"En \u00abProvincia\u00bb","block_context":{"text":"Provincia","link":"https:\/\/www.24baires.com\/?cat=40"},"img":{"alt_text":"","src":"https:\/\/i0.wp.com\/www.24baires.com\/wp-content\/uploads\/2024\/08\/axel-brasil.webp?resize=350%2C200","width":350,"height":200,"srcset":"https:\/\/i0.wp.com\/www.24baires.com\/wp-content\/uploads\/2024\/08\/axel-brasil.webp?resize=350%2C200 1x, https:\/\/i0.wp.com\/www.24baires.com\/wp-content\/uploads\/2024\/08\/axel-brasil.webp?resize=525%2C300 1.5x, https:\/\/i0.wp.com\/www.24baires.com\/wp-content\/uploads\/2024\/08\/axel-brasil.webp?resize=700%2C400 2x"},"classes":[]},{"id":114346,"url":"https:\/\/www.24baires.com\/?p=114346","url_meta":{"origin":121887,"position":1},"title":"Kicillof junt\u00f3 a su equipo en Educaci\u00f3n para definir pasos a seguir","author":"AF","date":"10\/03\/2020","format":false,"excerpt":"El Gobernador encabez\u00f3 una reuni\u00f3n de Gabinete \u201cpara avanzar en las l\u00edneas de trabajo\u201d. La habitual reuni\u00f3n semanal del Gabinete de Axel Kicillof se realiz\u00f3 este martes al mediod\u00eda en la Direcci\u00f3n General de Cultura y Educaci\u00f3n. Con la participaci\u00f3n de los funcionarios y funcionarias de primera l\u00ednea, el Gobierno\u2026","rel":"","context":"En \u00abProvincia\u00bb","block_context":{"text":"Provincia","link":"https:\/\/www.24baires.com\/?cat=40"},"img":{"alt_text":"","src":"","width":0,"height":0},"classes":[]},{"id":121507,"url":"https:\/\/www.24baires.com\/?p=121507","url_meta":{"origin":121887,"position":2},"title":"Provincia participar\u00e1 en la marcha por San Cayetano con su propia columna","author":"GB","date":"06\/08\/2024","format":false,"excerpt":"Funcionarios del gabinete bonaerense estar\u00e1n presentes en la movilizaci\u00f3n de este mi\u00e9rcoles contra las pol\u00edticas del Gobierno nacional. \"Vamos a estar porque corresponde\" manifestaron. El Gobierno bonaerense participar\u00e1 de la movilizaci\u00f3n de este mi\u00e9rcoles 7 de agosto en el marco de la conmemoraci\u00f3n de San Cayetano, organizada por la Uni\u00f3n\u2026","rel":"","context":"En \u00abProvincia\u00bb","block_context":{"text":"Provincia","link":"https:\/\/www.24baires.com\/?cat=40"},"img":{"alt_text":"","src":"https:\/\/i0.wp.com\/www.24baires.com\/wp-content\/uploads\/2024\/08\/san-cayetano.webp?resize=350%2C200","width":350,"height":200,"srcset":"https:\/\/i0.wp.com\/www.24baires.com\/wp-content\/uploads\/2024\/08\/san-cayetano.webp?resize=350%2C200 1x, https:\/\/i0.wp.com\/www.24baires.com\/wp-content\/uploads\/2024\/08\/san-cayetano.webp?resize=525%2C300 1.5x, https:\/\/i0.wp.com\/www.24baires.com\/wp-content\/uploads\/2024\/08\/san-cayetano.webp?resize=700%2C400 2x"},"classes":[]},{"id":115734,"url":"https:\/\/www.24baires.com\/?p=115734","url_meta":{"origin":121887,"position":3},"title":"Kicillof: \u201cNuestra deuda prioritaria es con la salud de los vecinos, no con Wall Street\u201d","author":"AF","date":"24\/07\/2020","format":false,"excerpt":"El Gobernador inaugur\u00f3 un nuevo CAPS en el oeste bonaerense junto a funcionarios de Naci\u00f3n y Provincia. En sinton\u00eda con la actividad que mantuvo ayer en Almirante Brown, el gobernador Axel Kicillof volvi\u00f3 a hacerse presente en el conurbano bonaerense, en este caso en el distrito de Moreno, donde retom\u00f3\u2026","rel":"","context":"En \u00abProvincia\u00bb","block_context":{"text":"Provincia","link":"https:\/\/www.24baires.com\/?cat=40"},"img":{"alt_text":"","src":"https:\/\/i0.wp.com\/www.24baires.com\/wp-content\/uploads\/2020\/07\/kicillof-arroyo.jpeg?resize=350%2C200","width":350,"height":200,"srcset":"https:\/\/i0.wp.com\/www.24baires.com\/wp-content\/uploads\/2020\/07\/kicillof-arroyo.jpeg?resize=350%2C200 1x, https:\/\/i0.wp.com\/www.24baires.com\/wp-content\/uploads\/2020\/07\/kicillof-arroyo.jpeg?resize=525%2C300 1.5x"},"classes":[]},{"id":119973,"url":"https:\/\/www.24baires.com\/?p=119973","url_meta":{"origin":121887,"position":4},"title":"El Gobierno bonaerense busca poner en marcha un \u201cmonitoreo\u201d de colectivos","author":"AF","date":"03\/04\/2023","format":false,"excerpt":"\u201cHicimos una reuni\u00f3n de seguimiento para poner en marcha la gran mayor\u00eda de las c\u00e1maras, la idea es que muy pronto tengamos un monitoreo\u201d, adelant\u00f3 el ministro de Transporte, Jorge D\u2019Onofrio. El Gobierno bonaerense anunci\u00f3 este lunes que utilizar\u00e1 \u201ctodos los recursos\u201d para que \u201cpronto haya un monitoreo\u201d con c\u00e1maras\u2026","rel":"","context":"En \u00abProvincia\u00bb","block_context":{"text":"Provincia","link":"https:\/\/www.24baires.com\/?cat=40"},"img":{"alt_text":"","src":"https:\/\/i0.wp.com\/www.24baires.com\/wp-content\/uploads\/2023\/04\/colectivo.jpg?resize=350%2C200","width":350,"height":200,"srcset":"https:\/\/i0.wp.com\/www.24baires.com\/wp-content\/uploads\/2023\/04\/colectivo.jpg?resize=350%2C200 1x, https:\/\/i0.wp.com\/www.24baires.com\/wp-content\/uploads\/2023\/04\/colectivo.jpg?resize=525%2C300 1.5x, https:\/\/i0.wp.com\/www.24baires.com\/wp-content\/uploads\/2023\/04\/colectivo.jpg?resize=700%2C400 2x"},"classes":[]},{"id":122989,"url":"https:\/\/www.24baires.com\/?p=122989","url_meta":{"origin":121887,"position":5},"title":"\u201cTendr\u00e1 que buscar d\u00f3nde disponer sus residuos\u201d: la Provincia desaf\u00eda a la \u00abprioridad porte\u00f1a\u00bb","author":"GB","date":"13\/04\/2026","format":false,"excerpt":"El ministro de Gobierno bonaerense, Carlos Bianco, record\u00f3 que la Ciudad de Buenos Aires no paga por el pasivo ambiental que deja en la provincia de Buenos Aires. Escala la tensi\u00f3n. El gobierno de la provincia de Buenos Aires sali\u00f3 al cruce del decreto de \u201cprioridad porte\u00f1a\u201d firmado por Jorge\u2026","rel":"","context":"En \u00abProvincia\u00bb","block_context":{"text":"Provincia","link":"https:\/\/www.24baires.com\/?cat=40"},"img":{"alt_text":"","src":"https:\/\/i0.wp.com\/www.24baires.com\/wp-content\/uploads\/2025\/01\/bianco.webp?resize=350%2C200","width":350,"height":200,"srcset":"https:\/\/i0.wp.com\/www.24baires.com\/wp-content\/uploads\/2025\/01\/bianco.webp?resize=350%2C200 1x, https:\/\/i0.wp.com\/www.24baires.com\/wp-content\/uploads\/2025\/01\/bianco.webp?resize=525%2C300 1.5x, https:\/\/i0.wp.com\/www.24baires.com\/wp-content\/uploads\/2025\/01\/bianco.webp?resize=700%2C400 2x"},"classes":[]}],"jetpack_sharing_enabled":true,"jetpack_likes_enabled":true,"_links":{"self":[{"href":"https:\/\/www.24baires.com\/index.php?rest_route=\/wp\/v2\/posts\/121887","targetHints":{"allow":["GET"]}}],"collection":[{"href":"https:\/\/www.24baires.com\/index.php?rest_route=\/wp\/v2\/posts"}],"about":[{"href":"https:\/\/www.24baires.com\/index.php?rest_route=\/wp\/v2\/types\/post"}],"author":[{"embeddable":true,"href":"https:\/\/www.24baires.com\/index.php?rest_route=\/wp\/v2\/users\/8"}],"replies":[{"embeddable":true,"href":"https:\/\/www.24baires.com\/index.php?rest_route=%2Fwp%2Fv2%2Fcomments&post=121887"}],"version-history":[{"count":1,"href":"https:\/\/www.24baires.com\/index.php?rest_route=\/wp\/v2\/posts\/121887\/revisions"}],"predecessor-version":[{"id":121889,"href":"https:\/\/www.24baires.com\/index.php?rest_route=\/wp\/v2\/posts\/121887\/revisions\/121889"}],"wp:attachment":[{"href":"https:\/\/www.24baires.com\/index.php?rest_route=%2Fwp%2Fv2%2Fmedia&parent=121887"}],"wp:term":[{"taxonomy":"category","embeddable":true,"href":"https:\/\/www.24baires.com\/index.php?rest_route=%2Fwp%2Fv2%2Fcategories&post=121887"},{"taxonomy":"post_tag","embeddable":true,"href":"https:\/\/www.24baires.com\/index.php?rest_route=%2Fwp%2Fv2%2Ftags&post=121887"}],"curies":[{"name":"wp","href":"https:\/\/api.w.org\/{rel}","templated":true}]}}