{"id":121867,"date":"2024-12-03T06:39:05","date_gmt":"2024-12-03T09:39:05","guid":{"rendered":"https:\/\/www.24baires.com\/?p=121867"},"modified":"2024-12-03T06:39:05","modified_gmt":"2024-12-03T09:39:05","slug":"kicillof-celebrara-la-amistad-entre-la-argentina-y-brasil-desde-chascomus","status":"publish","type":"post","link":"https:\/\/www.24baires.com\/?p=121867","title":{"rendered":"Kicillof celebrar\u00e1 la amistad entre la Argentina y Brasil desde Chascom\u00fas"},"content":{"rendered":"<p><img data-recalc-dims=\"1\" loading=\"lazy\" decoding=\"async\" class=\"aligncenter wp-image-121868\" src=\"https:\/\/i0.wp.com\/www.24baires.com\/wp-content\/uploads\/2024\/12\/kici-bandera-brasil.webp?resize=720%2C480\" alt=\"\" width=\"720\" height=\"480\" srcset=\"https:\/\/i0.wp.com\/www.24baires.com\/wp-content\/uploads\/2024\/12\/kici-bandera-brasil.webp?w=800&amp;ssl=1 800w, https:\/\/i0.wp.com\/www.24baires.com\/wp-content\/uploads\/2024\/12\/kici-bandera-brasil.webp?resize=300%2C200&amp;ssl=1 300w, https:\/\/i0.wp.com\/www.24baires.com\/wp-content\/uploads\/2024\/12\/kici-bandera-brasil.webp?resize=768%2C512&amp;ssl=1 768w\" sizes=\"auto, (max-width: 720px) 100vw, 720px\" \/>El Gobernador reforzar\u00e1 el buen v\u00ednculo que mantiene con el pa\u00eds del norte en la fecha conmemorativa del abrazo entre Ra\u00fal Alfons\u00edn y Jos\u00e9 Sarney y el v\u00ednculo que posibilit\u00f3 la consolidaci\u00f3n del Mercosur.<!--more--><\/p>\n<p>El Gobernador bonaerense Axel Kicillof estar\u00e1 en Chascom\u00fas este martes 3 de diciembre para celebrar el D\u00eda de la Amistad Argentino-Brasile\u00f1a. La fecha conmemora el hist\u00f3rico abrazo entre los presidentes argentino, Ra\u00fal Alfons\u00edn, y brasilero, Jos\u00e9 Sarney, y que simboliza el fortalecimiento de los lazos diplom\u00e1ticos entre los pa\u00edses que luego dieron origen al bloque de cooperaci\u00f3n econ\u00f3mica Mercado Com\u00fan del Sur (MERCOSUR).<\/p>\n<p>El mandatario provincial estar\u00e1 acompalado por el intendente local, Javier Gast\u00f3n, y el embajador brasilero, Julio Vitelli, junto a quien reafirmar\u00e1 el \u00abcompromiso por la defensa de la democracia\u00bb. El acto se llevar\u00e1 a cabo en el Parque de los Libres del Sur frente al monumento del radical que gobern\u00f3 el pa\u00eds de 1983 a 1989.<\/p>\n<p>Previamente, Kicillof inaugurar\u00e1 un centro de atenci\u00f3n primaria de salud y har\u00e1 entrega de 47 viviendas a chascomunenses y computadoras del programa Conectar Igualdad Bonaerense a estudiantes de escuelas rurales y especiales.<\/p>\n<p>Cabe recordar que el 30 de noviembre de 1985, Alfons\u00edn y Sarney suscribieron a la Declaraci\u00f3n de Foz de Iguaz\u00fa que dio inicio formal a la cooperaci\u00f3n entre los respectivos pa\u00edses y estableci\u00f3 la creaci\u00f3n de una Comisi\u00f3n Mixta de Alto Nivel para examinar y proponer programas, proyectos y modalidades de integraci\u00f3n econ\u00f3mica. El consenso argentino brasilero tambi\u00e9n posibilit\u00f3 la firma de la Declaraci\u00f3n Conjunta sobre Pol\u00edtica Nuclear, en la que ambas naciones reafirmaron sus objetivos pac\u00edficos.<\/p>\n","protected":false},"excerpt":{"rendered":"<p>El Gobernador reforzar\u00e1 el buen v\u00ednculo que mantiene con el pa\u00eds del norte en la fecha conmemorativa del abrazo entre Ra\u00fal Alfons\u00edn y Jos\u00e9 Sarney y el v\u00ednculo que posibilit\u00f3 la consolidaci\u00f3n del Mercosur.<\/p>\n","protected":false},"author":8,"featured_media":0,"comment_status":"closed","ping_status":"closed","sticky":false,"template":"","format":"standard","meta":{"_jetpack_newsletter_access":"","_jetpack_dont_email_post_to_subs":false,"_jetpack_newsletter_tier_id":0,"_jetpack_memberships_contains_paywalled_content":false,"_jetpack_memberships_contains_paid_content":false,"footnotes":""},"categories":[40],"tags":[],"class_list":["post-121867","post","type-post","status-publish","format-standard","hentry","category-provincia"],"jetpack_featured_media_url":"","jetpack_shortlink":"https:\/\/wp.me\/p2JWE0-vHB","jetpack-related-posts":[{"id":18233,"url":"https:\/\/www.24baires.com\/?p=18233","url_meta":{"origin":121867,"position":0},"title":"El \u00abD\u00eda del Militante Radical\u00bb se reflej\u00f3 tambi\u00e9n en Twitter","author":"Grupo Sierra","date":"12\/03\/2013","format":false,"excerpt":"Un 12 de marzo de 1927 en Chascom\u00fas, naci\u00f3 Ra\u00fal Alfons\u00edn. Gobernaba la Argentina, otro radical, el hijo m\u00e1s \u201crevoltoso\u201d del patriciado porte\u00f1o, Marcelo T. de Alvear. Dirigentes pol\u00edticos, radicales y memoriosos pusieron sus 140 caracteres en escena la fecha en recuerdo al l\u00edder del radicalismo, que fue impuesta como\u2026","rel":"","context":"En \u00abPol\u00edtica\u00bb","block_context":{"text":"Pol\u00edtica","link":"https:\/\/www.24baires.com\/?cat=51"},"img":{"alt_text":"","src":"","width":0,"height":0},"classes":[]},{"id":120475,"url":"https:\/\/www.24baires.com\/?p=120475","url_meta":{"origin":121867,"position":1},"title":"Kicillof particip\u00f3 junto a radicales de la inauguraci\u00f3n del Ateneo Ra\u00fal Alfons\u00edn","author":"AF","date":"14\/09\/2023","format":false,"excerpt":"El gobernador encabez\u00f3 un acto que uni\u00f3 a referentes del partido centenario de cara a la elecci\u00f3n de octubre. Cuestionamientos a los proyectos opositores anti-Estado. \u201cLos compa\u00f1eros correligionarios\u201d. Esa fue la f\u00f3rmula discursiva que el gobernador Axel Kicillof utiliz\u00f3 para agradecer a la dirigencia y la militancia presente este jueves\u2026","rel":"","context":"En \u00abPol\u00edtica\u00bb","block_context":{"text":"Pol\u00edtica","link":"https:\/\/www.24baires.com\/?cat=51"},"img":{"alt_text":"","src":"https:\/\/i0.wp.com\/www.24baires.com\/wp-content\/uploads\/2023\/09\/768156-3a-na-0.jpg?resize=350%2C200","width":350,"height":200},"classes":[]},{"id":16047,"url":"https:\/\/www.24baires.com\/?p=16047","url_meta":{"origin":121867,"position":2},"title":"Muri\u00f3 un nieto de Ra\u00fal Alfons\u00edn mientras jugaba al tenis en Chascom\u00fas","author":"AF","date":"18\/02\/2013","format":false,"excerpt":"Gran parte de Chascom\u00fas qued\u00f3 conmocionada tras la inesperada y repentina muerte de Carlos Ra\u00fal Alconada Alfons\u00edn, nieto del ex Presidente, que se descompens\u00f3 mientras jugaba al tenis en el club \u201cCampo Puerto Chascom\u00fas\u201d. Carlos era hijo de Ana Mar\u00eda Alfons\u00edn, una de las 6 hijas de Ra\u00fal (hermana de\u2026","rel":"","context":"En \u00abSociedad\u00bb","block_context":{"text":"Sociedad","link":"https:\/\/www.24baires.com\/?cat=1"},"img":{"alt_text":"","src":"","width":0,"height":0},"classes":[]},{"id":34185,"url":"https:\/\/www.24baires.com\/?p=34185","url_meta":{"origin":121867,"position":3},"title":"Alfons\u00edn vot\u00f3 en Chascom\u00fas y celebr\u00f3 el voto adolescente","author":"GB","date":"27\/10\/2013","format":false,"excerpt":"En su terru\u00f1o, Ricardo Alfons\u00edn emiti\u00f3 su sufragio apenas pasadas las 8.00. El primer postulante bonaerense en hacerlo. Madrugador, el segundo candidato del Frente Progresista C\u00edvico y Social, Ricardo Alfons\u00edn, fue el primero de los candidatos bonaerenses en emitir su voto esta ma\u00f1ana, media hora despu\u00e9s de que abrieron los\u2026","rel":"","context":"En \u00abELECCIONES 2013\u00bb","block_context":{"text":"ELECCIONES 2013","link":"https:\/\/www.24baires.com\/?cat=72"},"img":{"alt_text":"","src":"","width":0,"height":0},"classes":[]},{"id":120034,"url":"https:\/\/www.24baires.com\/?p=120034","url_meta":{"origin":121867,"position":4},"title":"Con una agenda industrial, Axel Kicillof llega a Brasil","author":"GB","date":"24\/04\/2023","format":false,"excerpt":"El gobernador de la provincia de Buenos Aires, Axel Kicillof, estar\u00e1 hoy y ma\u00f1ana en la ciudad de S\u00e3o Paulo. Como hab\u00eda anticipado INFOCIELO, el gobernador de la provincia de Buenos Aires, Axel Kicillof, comienza su semana en Brasil. El mandatario estar\u00e1 en S\u00e3o Paulo, la ciudad m\u00e1s poblada del\u2026","rel":"","context":"En \u00abEconom\u00eda\u00bb","block_context":{"text":"Econom\u00eda","link":"https:\/\/www.24baires.com\/?cat=45"},"img":{"alt_text":"","src":"https:\/\/i0.wp.com\/www.24baires.com\/wp-content\/uploads\/2023\/04\/kicillof-brasil.webp?resize=350%2C200","width":350,"height":200,"srcset":"https:\/\/i0.wp.com\/www.24baires.com\/wp-content\/uploads\/2023\/04\/kicillof-brasil.webp?resize=350%2C200 1x, https:\/\/i0.wp.com\/www.24baires.com\/wp-content\/uploads\/2023\/04\/kicillof-brasil.webp?resize=525%2C300 1.5x, https:\/\/i0.wp.com\/www.24baires.com\/wp-content\/uploads\/2023\/04\/kicillof-brasil.webp?resize=700%2C400 2x"},"classes":[]},{"id":36519,"url":"https:\/\/www.24baires.com\/?p=36519","url_meta":{"origin":121867,"position":5},"title":"El d\u00eda lleg\u00f3: se celebra hoy la gran fiesta de la democracia","author":"Grupo Sierra","date":"10\/12\/2013","format":false,"excerpt":"El Gobierno nacional celebrar\u00e1 este martes el 30 aniverario del retorno de la democracia con un festival en la Plaza de Mayo y un acto en la Casa de Gobierno al que invit\u00f3 a ex presidentes constitucionales, aunque s\u00f3lo Adolfo Rodr\u00edguez Sa\u00e1 confirm\u00f3 su asistencia. El 10 de diciembre, elegido\u2026","rel":"","context":"En \u00abSociedad\u00bb","block_context":{"text":"Sociedad","link":"https:\/\/www.24baires.com\/?cat=1"},"img":{"alt_text":"acto democracia","src":"https:\/\/i0.wp.com\/www.24baires.com\/wp-content\/uploads\/2013\/12\/acto-democracia-300x199.jpg?resize=350%2C200","width":350,"height":200},"classes":[]}],"jetpack_sharing_enabled":true,"jetpack_likes_enabled":true,"_links":{"self":[{"href":"https:\/\/www.24baires.com\/index.php?rest_route=\/wp\/v2\/posts\/121867","targetHints":{"allow":["GET"]}}],"collection":[{"href":"https:\/\/www.24baires.com\/index.php?rest_route=\/wp\/v2\/posts"}],"about":[{"href":"https:\/\/www.24baires.com\/index.php?rest_route=\/wp\/v2\/types\/post"}],"author":[{"embeddable":true,"href":"https:\/\/www.24baires.com\/index.php?rest_route=\/wp\/v2\/users\/8"}],"replies":[{"embeddable":true,"href":"https:\/\/www.24baires.com\/index.php?rest_route=%2Fwp%2Fv2%2Fcomments&post=121867"}],"version-history":[{"count":1,"href":"https:\/\/www.24baires.com\/index.php?rest_route=\/wp\/v2\/posts\/121867\/revisions"}],"predecessor-version":[{"id":121869,"href":"https:\/\/www.24baires.com\/index.php?rest_route=\/wp\/v2\/posts\/121867\/revisions\/121869"}],"wp:attachment":[{"href":"https:\/\/www.24baires.com\/index.php?rest_route=%2Fwp%2Fv2%2Fmedia&parent=121867"}],"wp:term":[{"taxonomy":"category","embeddable":true,"href":"https:\/\/www.24baires.com\/index.php?rest_route=%2Fwp%2Fv2%2Fcategories&post=121867"},{"taxonomy":"post_tag","embeddable":true,"href":"https:\/\/www.24baires.com\/index.php?rest_route=%2Fwp%2Fv2%2Ftags&post=121867"}],"curies":[{"name":"wp","href":"https:\/\/api.w.org\/{rel}","templated":true}]}}