{"id":121860,"date":"2024-11-29T13:17:59","date_gmt":"2024-11-29T16:17:59","guid":{"rendered":"https:\/\/www.24baires.com\/?p=121860"},"modified":"2024-11-29T13:17:59","modified_gmt":"2024-11-29T16:17:59","slug":"estas-son-las-zonas-de-la-provincia-con-mas-problemas-de-arsenico-en-el-agua","status":"publish","type":"post","link":"https:\/\/www.24baires.com\/?p=121860","title":{"rendered":"Estas son las zonas de la provincia con m\u00e1s problemas de ars\u00e9nico en el agua"},"content":{"rendered":"<p><img data-recalc-dims=\"1\" loading=\"lazy\" decoding=\"async\" class=\" wp-image-59485 aligncenter\" src=\"https:\/\/i0.wp.com\/www.24baires.com\/wp-content\/uploads\/2015\/01\/canilla-de-agua.jpg?resize=634%2C476\" alt=\"\" width=\"634\" height=\"476\" srcset=\"https:\/\/i0.wp.com\/www.24baires.com\/wp-content\/uploads\/2015\/01\/canilla-de-agua.jpg?resize=300%2C225&amp;ssl=1 300w, https:\/\/i0.wp.com\/www.24baires.com\/wp-content\/uploads\/2015\/01\/canilla-de-agua.jpg?w=560&amp;ssl=1 560w\" sizes=\"auto, (max-width: 634px) 100vw, 634px\" \/><\/p>\n<p>Una reciente investigaci\u00f3n asegura que m\u00e1s de 17 millones de personas en el pa\u00eds est\u00e1n expuestas al consumo de agua con esta sustancia.<\/p>\n<p><!--more--><\/p>\n<p>El ars\u00e9nico es un elemento que est\u00e1 presente de forma natural y en grandes concentraciones en las aguas subterr\u00e1neas de muchos pa\u00edses. La Argentina no es la excepci\u00f3n y, puntualmente, la provincia de Buenos Aires sufre desde hace a\u00f1os por sus altos \u00edndices que impactan en la salud de la poblaci\u00f3n.<\/p>\n<p>Seg\u00fan la OMS, el ars\u00e9nico es una de las diez sustancias qu\u00edmicas m\u00e1s preocupantes para la salud p\u00fablica y la exposici\u00f3n prolongada a trav\u00e9s del consumo de agua y alimentos contaminados puede causar un cuadro cl\u00ednico conocido como Hidroarsenicismo Cr\u00f3nico Regional End\u00e9mico. En ese sentido, su falta de tratamiento puede generar c\u00e1ncer, lesiones cut\u00e1neas, enfermedades cardiovasculares y diabetes.<\/p>\n<p>Recientemente, una investigaci\u00f3n publicada en la revista Water and Health (Agua y Salud), resalt\u00f3 que m\u00e1s de 17 millones de personas en el pa\u00eds est\u00e1n expuestas al consumo de agua con ars\u00e9nico.<\/p>\n<p>A esa conclusi\u00f3n lleg\u00f3 el cient\u00edfico Alejandro Oliva, responsable del Programa de Medio Ambiente y Salud de la Universidad Nacional de Rosario (UNR), quien junto a su equipo de trabajo, utiliz\u00f3 informaci\u00f3n publicada y suministrada por 12 provincias que actualmente representan al 70% de la poblaci\u00f3n total. Y, en base al par\u00e1metro de la OMS -l\u00edmite de 10 microgramos por litro de agua de consumo- hallaron que m\u00e1s de 17 millones de individuos estaban expuestos al contaminante.<\/p>\n<p>Ahora bien, el Instituto Tecnol\u00f3gico de Buenos Aires (ITBA) lleva adelante desde 2011 la elaboraci\u00f3n del \u00abMapa de Ars\u00e9nico en Argentina\u00bb, que monitorea en unas 900 muestras la presencia de este elemento natural en el agua de diversas regiones del pa\u00eds.<\/p>\n<p>Seg\u00fan lo monitoreado en el mapa, las \u00e1reas geogr\u00e1ficas del pa\u00eds que tienen una concentraci\u00f3n de ars\u00e9nico superior a lo recomendado y pueden generar patolog\u00edas son gran parte del interior de Buenos Aires, C\u00f3rdoba, Santa Fe, Santiago del Estero, Jujuy, Salta, Chaco, Tucum\u00e1n y Corrientes.<\/p>\n<p>En lo que respecta al territorio bonaerense, los puntos rojo, con m\u00e1s de 50 partes por bill\u00f3n (ppb) de ars\u00e9nico por litro, es decir 0,05 miligramos por litro (mg\/l),\u00a0est\u00e1n en Tres Arroyos, Balcarce, Jun\u00edn, Mar de Aj\u00f3, Santos Unzu\u00e9 (9 de Julio),\u00a0Tres Algarrobos (Carlos Tejedor), Merced (Pergamino), Monte, Lobos, Navarro, Suipacha, Las Heras, San Vicente y Ca\u00f1uelas. En algunos de los pozos, la presencia del ars\u00e9nico es m\u00e1s que alarmante, con hasta 280 ppb por litro.<\/p>\n<p>En estos casos, de acuerdo a las recomendaciones, no debe consumirse el agua de forma directa ni para la cocci\u00f3n de alimentos, sino que debe reemplazarse por otra fuente segura.<\/p>\n<p>En tanto, hay otros pozos que el sem\u00e1foro marca en amarillo, donde la presencia de ars\u00e9nico en el agua es entre 10 y 50 partes por bill\u00f3n (ppb), de 0,01 mg\/l a 0,05 mg\/l. En este caso, aparecen en alerta zonas de Villarino, Necochea, Mar del Plata, Coronel Su\u00e1rez, Pehuaj\u00f3, Olavarr\u00eda,\u00a0Azul,\u00a0Tandil, Balcarce, Ayacucho, 25 de Mayo, La Plata, San Nicol\u00e1s, Arrecifes, Z\u00e1rate y varios municipios del conurbano. (DIB) FD<\/p>\n","protected":false},"excerpt":{"rendered":"<p>Una reciente investigaci\u00f3n asegura que m\u00e1s de 17 millones de personas en el pa\u00eds est\u00e1n expuestas al consumo de agua con esta sustancia.<\/p>\n","protected":false},"author":11,"featured_media":0,"comment_status":"closed","ping_status":"closed","sticky":false,"template":"","format":"standard","meta":{"_jetpack_newsletter_access":"","_jetpack_dont_email_post_to_subs":false,"_jetpack_newsletter_tier_id":0,"_jetpack_memberships_contains_paywalled_content":false,"_jetpack_memberships_contains_paid_content":false,"footnotes":""},"categories":[78],"tags":[],"class_list":["post-121860","post","type-post","status-publish","format-standard","hentry","category-consumidores"],"jetpack_featured_media_url":"","jetpack_shortlink":"https:\/\/wp.me\/p2JWE0-vHu","jetpack-related-posts":[{"id":102115,"url":"https:\/\/www.24baires.com\/?p=102115","url_meta":{"origin":121860,"position":0},"title":"El 70% de la provincia tiene problemas por ars\u00e9nico en el agua","author":"GB","date":"14\/05\/2018","format":false,"excerpt":"La alta presencia de ars\u00e9nico en el agua bonaerense sigue siendo un tema de preocupaci\u00f3n para los habitantes de la provincia. Seg\u00fan los especialistas, la problem\u00e1tica abarca geogr\u00e1ficamente a m\u00e1s del 70% del territorio, y los mayores conflictos se dan en las localidades linderas al corredor de la Ruta Nacional\u2026","rel":"","context":"En \u00abProvincia\u00bb","block_context":{"text":"Provincia","link":"https:\/\/www.24baires.com\/?cat=40"},"img":{"alt_text":"","src":"https:\/\/i0.wp.com\/www.24baires.com\/wp-content\/uploads\/2018\/05\/veneno-provincia-300x200.jpg?resize=350%2C200","width":350,"height":200},"classes":[]},{"id":50355,"url":"https:\/\/www.24baires.com\/?p=50355","url_meta":{"origin":121860,"position":1},"title":"Avanza ley para limitar los niveles de ars\u00e9nico en el agua potable del interior","author":"AF","date":"22\/07\/2014","format":false,"excerpt":"Un proyecto de ley para adecuar los niveles de ars\u00e9nico permitidos en el agua potable de la Provincia, fue aprobado la semana pasada en el Senado bonaerense, atendiendo a solucionar la problem\u00e1tica presente en unos 40 municipios del interior, que sufren la presencia de este qu\u00edmico en el suelo. La\u2026","rel":"","context":"En \u00abProvincia\u00bb","block_context":{"text":"Provincia","link":"https:\/\/www.24baires.com\/?cat=40"},"img":{"alt_text":"agua bah\u00eda blanca","src":"https:\/\/i0.wp.com\/www.24baires.com\/wp-content\/uploads\/2013\/08\/agua-bah%C3%ADa-blanca.jpg?resize=350%2C200","width":350,"height":200,"srcset":"https:\/\/i0.wp.com\/www.24baires.com\/wp-content\/uploads\/2013\/08\/agua-bah%C3%ADa-blanca.jpg?resize=350%2C200 1x, https:\/\/i0.wp.com\/www.24baires.com\/wp-content\/uploads\/2013\/08\/agua-bah%C3%ADa-blanca.jpg?resize=525%2C300 1.5x"},"classes":[]},{"id":112036,"url":"https:\/\/www.24baires.com\/?p=112036","url_meta":{"origin":121860,"position":2},"title":"La justicia confirm\u00f3 que el agua de Rojas \u201cno es potable\u201d y orden\u00f3 un plan de saneamiento","author":"GB","date":"11\/09\/2019","format":false,"excerpt":"Despu\u00e9s del fallo en Pergamino, la justicia bonaerense resolvi\u00f3 ponerle l\u00edmites a la distancia para fumigar en Exaltaci\u00f3n de la Cruz y ahora, confirm\u00f3 que el agua de Rojas \u201cno es potable\u201d por los altos \u00edndices de ars\u00e9nico. En esa localidad funciona una de las plantas de Monsanto m\u00e1s grande\u2026","rel":"","context":"En \u00abJUDICIALES\u00bb","block_context":{"text":"JUDICIALES","link":"https:\/\/www.24baires.com\/?cat=68"},"img":{"alt_text":"","src":"https:\/\/i0.wp.com\/www.24baires.com\/wp-content\/uploads\/2019\/09\/rojas.jpg?resize=350%2C200","width":350,"height":200,"srcset":"https:\/\/i0.wp.com\/www.24baires.com\/wp-content\/uploads\/2019\/09\/rojas.jpg?resize=350%2C200 1x, https:\/\/i0.wp.com\/www.24baires.com\/wp-content\/uploads\/2019\/09\/rojas.jpg?resize=525%2C300 1.5x"},"classes":[]},{"id":10772,"url":"https:\/\/www.24baires.com\/?p=10772","url_meta":{"origin":121860,"position":3},"title":"San Vicente: vecinos piden una planta para eliminar el ars\u00e9nico del agua","author":"AF","date":"29\/12\/2012","format":false,"excerpt":"Habitantes del municipio de San Vicente se organizaron en asambleas para reclamar por la instalaci\u00f3n de una planta potabilizadora que reduzca la concentraci\u00f3n del ars\u00e9nico en agua y lo describieron como \"el veneno m\u00e1s potente de todos\". Desde la Comuna aseguraron que a principios de 2013 se licitar\u00e1 la construcci\u00f3n\u2026","rel":"","context":"En \u00abLocales\u00bb","block_context":{"text":"Locales","link":"https:\/\/www.24baires.com\/?cat=38"},"img":{"alt_text":"","src":"","width":0,"height":0},"classes":[]},{"id":28782,"url":"https:\/\/www.24baires.com\/?p=28782","url_meta":{"origin":121860,"position":4},"title":"Chivilcoy: denuncian situaci\u00f3n cr\u00edtica del agua potable","author":"AF","date":"23\/07\/2013","format":false,"excerpt":"Referentes de agrupaciones pol\u00edticas aseguran que el servicio de la ciudad se encuentra contaminado dado la presencia de altas concentraciones de ars\u00e9nico, un metaloide cancer\u00edgeno. Asimismo, critican al gobierno municipal de Anibal Pitelli y enfatizan en la necesidad de potabilizar la red del agua, para lo cual se requiere de\u2026","rel":"","context":"En \u00abLocales\u00bb","block_context":{"text":"Locales","link":"https:\/\/www.24baires.com\/?cat=38"},"img":{"alt_text":"","src":"","width":0,"height":0},"classes":[]},{"id":58034,"url":"https:\/\/www.24baires.com\/?p=58034","url_meta":{"origin":121860,"position":5},"title":"La Justicia le dio la derecha a los vecinos de 9 de Julio por el agua potable","author":"Grupo Sierra","date":"02\/12\/2014","format":false,"excerpt":"La Corte Suprema de Justicia de la Naci\u00f3n solicit\u00f3 a la firma dependiente del Gobierno de la Provincia de Buenos Aires que determine el plazo de un proyecto destinado a adecuar el servicio a los valores de potabilidad exigidos. La Corte Suprema de Justicia de la Naci\u00f3n fall\u00f3 a favor\u2026","rel":"","context":"En \u00abLocales\u00bb","block_context":{"text":"Locales","link":"https:\/\/www.24baires.com\/?cat=38"},"img":{"alt_text":"agua bah\u00eda blanca","src":"https:\/\/i0.wp.com\/www.24baires.com\/wp-content\/uploads\/2013\/08\/agua-bah%C3%ADa-blanca.jpg?resize=350%2C200","width":350,"height":200,"srcset":"https:\/\/i0.wp.com\/www.24baires.com\/wp-content\/uploads\/2013\/08\/agua-bah%C3%ADa-blanca.jpg?resize=350%2C200 1x, https:\/\/i0.wp.com\/www.24baires.com\/wp-content\/uploads\/2013\/08\/agua-bah%C3%ADa-blanca.jpg?resize=525%2C300 1.5x"},"classes":[]}],"jetpack_sharing_enabled":true,"jetpack_likes_enabled":true,"_links":{"self":[{"href":"https:\/\/www.24baires.com\/index.php?rest_route=\/wp\/v2\/posts\/121860","targetHints":{"allow":["GET"]}}],"collection":[{"href":"https:\/\/www.24baires.com\/index.php?rest_route=\/wp\/v2\/posts"}],"about":[{"href":"https:\/\/www.24baires.com\/index.php?rest_route=\/wp\/v2\/types\/post"}],"author":[{"embeddable":true,"href":"https:\/\/www.24baires.com\/index.php?rest_route=\/wp\/v2\/users\/11"}],"replies":[{"embeddable":true,"href":"https:\/\/www.24baires.com\/index.php?rest_route=%2Fwp%2Fv2%2Fcomments&post=121860"}],"version-history":[{"count":2,"href":"https:\/\/www.24baires.com\/index.php?rest_route=\/wp\/v2\/posts\/121860\/revisions"}],"predecessor-version":[{"id":121862,"href":"https:\/\/www.24baires.com\/index.php?rest_route=\/wp\/v2\/posts\/121860\/revisions\/121862"}],"wp:attachment":[{"href":"https:\/\/www.24baires.com\/index.php?rest_route=%2Fwp%2Fv2%2Fmedia&parent=121860"}],"wp:term":[{"taxonomy":"category","embeddable":true,"href":"https:\/\/www.24baires.com\/index.php?rest_route=%2Fwp%2Fv2%2Fcategories&post=121860"},{"taxonomy":"post_tag","embeddable":true,"href":"https:\/\/www.24baires.com\/index.php?rest_route=%2Fwp%2Fv2%2Ftags&post=121860"}],"curies":[{"name":"wp","href":"https:\/\/api.w.org\/{rel}","templated":true}]}}