{"id":121848,"date":"2024-11-26T08:13:33","date_gmt":"2024-11-26T11:13:33","guid":{"rendered":"https:\/\/www.24baires.com\/?p=121848"},"modified":"2024-11-26T08:13:33","modified_gmt":"2024-11-26T11:13:33","slug":"provincia-reforzara-la-generacion-electrica-en-seis-localidades","status":"publish","type":"post","link":"https:\/\/www.24baires.com\/?p=121848","title":{"rendered":"Provincia reforzar\u00e1 la generaci\u00f3n el\u00e9ctrica en seis localidades"},"content":{"rendered":"<p><img data-recalc-dims=\"1\" loading=\"lazy\" decoding=\"async\" class=\"aligncenter wp-image-83339\" src=\"https:\/\/i0.wp.com\/www.24baires.com\/wp-content\/uploads\/2016\/05\/electricidad.jpg?resize=720%2C395\" alt=\"\" width=\"720\" height=\"395\" srcset=\"https:\/\/i0.wp.com\/www.24baires.com\/wp-content\/uploads\/2016\/05\/electricidad.jpg?w=560&amp;ssl=1 560w, https:\/\/i0.wp.com\/www.24baires.com\/wp-content\/uploads\/2016\/05\/electricidad.jpg?resize=300%2C164&amp;ssl=1 300w\" sizes=\"auto, (max-width: 720px) 100vw, 720px\" \/>De cara a los meses de mayor demanda, el Gobierno bonaerense pondr\u00e1 en marcha el \u00abPlan Verano\u00bb por tercer a\u00f1o consecutivo. Se trata de una estrategia de refuerzo para mejorar el servicio en puntos cr\u00edticos.<!--more--><\/p>\n<p>El Gobierno de la Provincia de Buenos Aires, a trav\u00e9s del Ministerio de Infraestructura y Servicios P\u00fablicos, pondr\u00e1 en desarrollo el \u00abPlan Verano\u00bb para reforzar la generaci\u00f3n de energ\u00eda el\u00e9ctrica en puntos cr\u00edticos del territorio bonaerense, anticip\u00e1ndose a la temporada de alza de la demanda.<\/p>\n<p>En este marco, la Direcci\u00f3n Provincial de Energ\u00eda, en colaboraci\u00f3n con distribuidoras el\u00e9ctricas, cooperativas y municipios, realiz\u00f3 estudios de cargabilidad de las redes de Alta Tensi\u00f3n para analizar y desarrollar el mapa de lugares con posible d\u00e9ficit de potencia donde se colocar\u00e1n Unidades de Generaci\u00f3n Temporales (UGT).<\/p>\n<p>En principio, la medida beneficiar\u00e1 a seis localidades bonaerenses durante el per\u00edodo estival en el que se estima que podr\u00edan provocarse cortes de luz a nivel nacional por la insuficiencia productiva del sistema. Sin embargo, al mejorar la generaci\u00f3n de energ\u00eda, las UGT tambi\u00e9n servir\u00e1n para reforzar el abastecimiento en los distritos aleda\u00f1os.<\/p>\n","protected":false},"excerpt":{"rendered":"<p>De cara a los meses de mayor demanda, el Gobierno bonaerense pondr\u00e1 en marcha el \u00abPlan Verano\u00bb por tercer a\u00f1o consecutivo. Se trata de una estrategia de refuerzo para mejorar el servicio en puntos cr\u00edticos.<\/p>\n","protected":false},"author":8,"featured_media":0,"comment_status":"closed","ping_status":"closed","sticky":false,"template":"","format":"standard","meta":{"_jetpack_newsletter_access":"","_jetpack_dont_email_post_to_subs":false,"_jetpack_newsletter_tier_id":0,"_jetpack_memberships_contains_paywalled_content":false,"_jetpack_memberships_contains_paid_content":false,"footnotes":""},"categories":[40],"tags":[],"class_list":["post-121848","post","type-post","status-publish","format-standard","hentry","category-provincia"],"jetpack_featured_media_url":"","jetpack_shortlink":"https:\/\/wp.me\/p2JWE0-vHi","jetpack-related-posts":[{"id":52210,"url":"https:\/\/www.24baires.com\/?p=52210","url_meta":{"origin":121848,"position":0},"title":"Construir\u00e1n un Parque e\u00f3lico en Punta Alta","author":"GB","date":"21\/08\/2014","format":false,"excerpt":"El proyecto para el sur bonaerense contar\u00eda con 125 molinos de 2 MW cada uno, que ser\u00edan fabricados en su totalidad por mano de obra nacional en la planta IMPSA. Con los 250 mw se podr\u00eda abastecer de energ\u00eda, en un a\u00f1o, a aproximadamente 300.000 hogares. El secretario de Servicios\u2026","rel":"","context":"En \u00abLocales\u00bb","block_context":{"text":"Locales","link":"https:\/\/www.24baires.com\/?cat=38"},"img":{"alt_text":"energia e\u00f3lica","src":"https:\/\/i0.wp.com\/www.24baires.com\/wp-content\/uploads\/2014\/08\/energia-e%C3%B3lica.jpg?resize=350%2C200","width":350,"height":200,"srcset":"https:\/\/i0.wp.com\/www.24baires.com\/wp-content\/uploads\/2014\/08\/energia-e%C3%B3lica.jpg?resize=350%2C200 1x, https:\/\/i0.wp.com\/www.24baires.com\/wp-content\/uploads\/2014\/08\/energia-e%C3%B3lica.jpg?resize=525%2C300 1.5x"},"classes":[]},{"id":26612,"url":"https:\/\/www.24baires.com\/?p=26612","url_meta":{"origin":121848,"position":1},"title":"Buscan repotenciar el servicio de energ\u00eda el\u00e9ctrica en la Costa Atl\u00e1ntica","author":"AF","date":"22\/06\/2013","format":false,"excerpt":"Tom\u00e1s Hogan, presidente de Centrales de la Costa Atl\u00e1ntica S.A, adelant\u00f3 que \u201ctenemos la intenci\u00f3n de repotenciar\u201d la energ\u00eda el\u00e9ctrica en la regi\u00f3n. Precis\u00f3 adem\u00e1s que \u201cel gobernador Daniel Scioli me pidi\u00f3 que trabajara por m\u00e1s y mejores servicios\u201d. Tom\u00e1s Hogan, presidente de Centrales de la Costa Atl\u00e1ntica S.A, anunci\u00f3\u2026","rel":"","context":"En \u00abMunicipios\u00bb","block_context":{"text":"Municipios","link":"https:\/\/www.24baires.com\/?cat=44"},"img":{"alt_text":"","src":"","width":0,"height":0},"classes":[]},{"id":76918,"url":"https:\/\/www.24baires.com\/?p=76918","url_meta":{"origin":121848,"position":2},"title":"M\u00e1s de 8.000 usuarios contin\u00faan sin suministro el\u00e9ctrico","author":"AF","date":"28\/12\/2015","format":false,"excerpt":"El ministro de Energ\u00eda, Juan Jos\u00e9 Aranguren, explic\u00f3 que \"es probable requiramos de la ayuda de la importaci\u00f3n de pa\u00edses vecinos, por eso es bueno que la poblaci\u00f3n colabore reduciendo la demanda\". l ministro de Energ\u00eda, Juan Jos\u00e9 Aranguren, dijo que se espera para hoy \"un d\u00eda complejo\" por la\u2026","rel":"","context":"En \u00abSociedad\u00bb","block_context":{"text":"Sociedad","link":"https:\/\/www.24baires.com\/?cat=1"},"img":{"alt_text":"corte luz","src":"https:\/\/i0.wp.com\/www.24baires.com\/wp-content\/uploads\/2015\/06\/corte-luz.jpg?resize=350%2C200","width":350,"height":200,"srcset":"https:\/\/i0.wp.com\/www.24baires.com\/wp-content\/uploads\/2015\/06\/corte-luz.jpg?resize=350%2C200 1x, https:\/\/i0.wp.com\/www.24baires.com\/wp-content\/uploads\/2015\/06\/corte-luz.jpg?resize=525%2C300 1.5x"},"classes":[]},{"id":116127,"url":"https:\/\/www.24baires.com\/?p=116127","url_meta":{"origin":121848,"position":3},"title":"Pospandemia: el plan bonaerense har\u00e1 eje en obras p\u00fablicas, cr\u00e9ditos y generaci\u00f3n de empleo","author":"AF","date":"01\/09\/2020","format":false,"excerpt":"El programa contempla, adem\u00e1s, asistencia a distintos sectores y medidas para mejorar las exportaciones. \"El planeta enfrenta hoy la recesi\u00f3n m\u00e1s grande en d\u00e9cadas por el coronavirus\", afirm\u00f3 el gobernador Axel Kicillof durante el anuncio. El gobernador bonaerense, Axel Kicillof, present\u00f3 el plan de reactivaci\u00f3n que impulsa la provincia tendr\u00e1\u2026","rel":"","context":"En \u00abProvincia\u00bb","block_context":{"text":"Provincia","link":"https:\/\/www.24baires.com\/?cat=40"},"img":{"alt_text":"","src":"https:\/\/i0.wp.com\/www.24baires.com\/wp-content\/uploads\/2020\/07\/gollan-kicillof.jpg?resize=350%2C200","width":350,"height":200,"srcset":"https:\/\/i0.wp.com\/www.24baires.com\/wp-content\/uploads\/2020\/07\/gollan-kicillof.jpg?resize=350%2C200 1x, https:\/\/i0.wp.com\/www.24baires.com\/wp-content\/uploads\/2020\/07\/gollan-kicillof.jpg?resize=525%2C300 1.5x"},"classes":[]},{"id":98615,"url":"https:\/\/www.24baires.com\/?p=98615","url_meta":{"origin":121848,"position":4},"title":"Mar del Plata ser\u00e1 una de las sedes para realizar las audiencias p\u00fablicas por aumento de luz","author":"GB","date":"08\/11\/2017","format":false,"excerpt":"Las audiencias p\u00fablicas se desarrollar\u00e1n el viernes 17 de noviembre en simult\u00e1neo en la Ciudad Aut\u00f3noma de Buenos Aires, Mar del Plata, Mendoza, Neuqu\u00e9n, Salta, Formosa y Trelew. El Gobierno que dirige Mauricio Macri fij\u00f3 hoy seis lugares en provincias para la realizaci\u00f3n de las audiencias p\u00fablicas en las que\u2026","rel":"","context":"En \u00abProvincia\u00bb","block_context":{"text":"Provincia","link":"https:\/\/www.24baires.com\/?cat=40"},"img":{"alt_text":"","src":"https:\/\/i0.wp.com\/www.24baires.com\/wp-content\/uploads\/2014\/12\/robo-transformador-energ%C3%ADa-luz.jpg?resize=350%2C200","width":350,"height":200,"srcset":"https:\/\/i0.wp.com\/www.24baires.com\/wp-content\/uploads\/2014\/12\/robo-transformador-energ%C3%ADa-luz.jpg?resize=350%2C200 1x, https:\/\/i0.wp.com\/www.24baires.com\/wp-content\/uploads\/2014\/12\/robo-transformador-energ%C3%ADa-luz.jpg?resize=525%2C300 1.5x"},"classes":[]},{"id":121711,"url":"https:\/\/www.24baires.com\/?p=121711","url_meta":{"origin":121848,"position":5},"title":"Kicillof firm\u00f3 un convenio con M\u00e9xico para impulsar el desarrollo del litio","author":"GB","date":"03\/10\/2024","format":false,"excerpt":"El acuerdo firmado por Axel Kicillof en M\u00e9xico impulsa la cooperaci\u00f3n en investigaci\u00f3n sobre el litio, marcando un avance significativo en la ciencia bonaerense. Durante su reciente visita a M\u00e9xico, el gobernador de la provincia de Buenos Aires, Axel Kicillof, firm\u00f3 un convenio de cooperaci\u00f3n que busca fomentar la colaboraci\u00f3n\u2026","rel":"","context":"En \u00abProvincia\u00bb","block_context":{"text":"Provincia","link":"https:\/\/www.24baires.com\/?cat=40"},"img":{"alt_text":"","src":"https:\/\/i0.wp.com\/www.24baires.com\/wp-content\/uploads\/2024\/10\/kici-litio-mex.webp?resize=350%2C200","width":350,"height":200,"srcset":"https:\/\/i0.wp.com\/www.24baires.com\/wp-content\/uploads\/2024\/10\/kici-litio-mex.webp?resize=350%2C200 1x, https:\/\/i0.wp.com\/www.24baires.com\/wp-content\/uploads\/2024\/10\/kici-litio-mex.webp?resize=525%2C300 1.5x, https:\/\/i0.wp.com\/www.24baires.com\/wp-content\/uploads\/2024\/10\/kici-litio-mex.webp?resize=700%2C400 2x"},"classes":[]}],"jetpack_sharing_enabled":true,"jetpack_likes_enabled":true,"_links":{"self":[{"href":"https:\/\/www.24baires.com\/index.php?rest_route=\/wp\/v2\/posts\/121848","targetHints":{"allow":["GET"]}}],"collection":[{"href":"https:\/\/www.24baires.com\/index.php?rest_route=\/wp\/v2\/posts"}],"about":[{"href":"https:\/\/www.24baires.com\/index.php?rest_route=\/wp\/v2\/types\/post"}],"author":[{"embeddable":true,"href":"https:\/\/www.24baires.com\/index.php?rest_route=\/wp\/v2\/users\/8"}],"replies":[{"embeddable":true,"href":"https:\/\/www.24baires.com\/index.php?rest_route=%2Fwp%2Fv2%2Fcomments&post=121848"}],"version-history":[{"count":1,"href":"https:\/\/www.24baires.com\/index.php?rest_route=\/wp\/v2\/posts\/121848\/revisions"}],"predecessor-version":[{"id":121849,"href":"https:\/\/www.24baires.com\/index.php?rest_route=\/wp\/v2\/posts\/121848\/revisions\/121849"}],"wp:attachment":[{"href":"https:\/\/www.24baires.com\/index.php?rest_route=%2Fwp%2Fv2%2Fmedia&parent=121848"}],"wp:term":[{"taxonomy":"category","embeddable":true,"href":"https:\/\/www.24baires.com\/index.php?rest_route=%2Fwp%2Fv2%2Fcategories&post=121848"},{"taxonomy":"post_tag","embeddable":true,"href":"https:\/\/www.24baires.com\/index.php?rest_route=%2Fwp%2Fv2%2Ftags&post=121848"}],"curies":[{"name":"wp","href":"https:\/\/api.w.org\/{rel}","templated":true}]}}